{"id":4963,"date":"2026-01-17T18:35:09","date_gmt":"2026-01-17T18:35:09","guid":{"rendered":"https:\/\/zkkplamenpozega.hr\/?p=4963"},"modified":"2026-01-17T18:35:09","modified_gmt":"2026-01-17T18:35:09","slug":"plamene-prezivjele-dramu-u-zadru-i-u-zavrsnici-iscupale-pobjedu","status":"publish","type":"post","link":"https:\/\/zkkplamenpozega.hr\/?p=4963","title":{"rendered":"Plamene pre\u017eivjele dramu u Zadru i u zavr\u0161nici i\u0161\u010dupale pobjedu"},"content":{"rendered":"<p data-start=\"86\" data-end=\"246\">U 13. kolu Premijer \u017eenske ko\u0161arka\u0161ke lige Plamene su na gostovanju u Zadru upisale pobjedu protiv <strong>\u017dKK Zadar<\/strong> rezultatom 74:79<mark><span style=\"background-color: #ffffff;\"><a style=\"background-color: #ffffff;\" href=\"https:\/\/fibalivestats.dcd.shared.geniussports.com\/u\/HKS\/2704115\/bs_en_AU.html\"><strong> (22:21, 23:20, 10:21, 19:17).<\/strong><\/a><\/span><\/mark><\/p>\n<p data-start=\"248\" data-end=\"638\">Iako su uo\u010di susreta imale status izrazitog favorita, na\u0161e su cure u utakmicu u\u0161le uspavano i bez prave energije, \u0161to su raspolo\u017eene doma\u0107e ko\u0161arka\u0161ice iskoristile kako bi nametnule svoj ritam. Zadar je tijekom gotovo cijelog prvog poluvremena kontrolirao tempo i rezultat. Iako se nije zna\u010dajnije odvajao, doma\u0107in je uglavnom bio u vodstvu te je nakon prve \u010detvrtine rezultat glasio 22:21.<\/p>\n<p data-start=\"640\" data-end=\"923\">Po\u010detkom druge dionice, na krilima Mami\u0107, Plamene su nakratko preokrenule na +4, no taj ritam nisu uspjele zadr\u017eati. Zadranke su ubrzo ponovno preuzele rezultatsku prednost te sredinom druge \u010detvrtine imale i maksimalnih +8 (36:28). Na poluvrijeme se oti\u0161lo s vodstvom doma\u0107ih 45:41.<\/p>\n<p data-start=\"925\" data-end=\"1393\">Ni po\u010detak nastavka nije donio preokret. Zadar je uspje\u0161no odr\u017eavao razliku sve do polovice tre\u0107e \u010detvrtine, kada se na\u0161e cure kona\u010dno bude i podi\u017eu razinu agresivnosti, kako u obrani tako i u napadu. Nekoliko minuta ozbiljnog pristupa i maksimalnog zalaganja jasno je pokazalo razliku u individualnoj kvaliteti. Velikom serijom Plamene su zaostatak od 51:46 iz 26. minute preokrenule u vodstvo 62:55 do kraja tre\u0107e dionice, s kojim se u\u0161lo u posljednjih deset minuta.<\/p>\n<p data-start=\"1395\" data-end=\"1900\">\u00a0Nakon \u0161to smo kona\u010dno preuzeli ozbiljnije vodstvo, \u010dinilo se da slijedi rutinsko privo\u0111enje utakmice kraju, no borbene Zadranke nisu posustale. Po\u017ertvovanom igrom prona\u0161le su put povratka u susret, a dvije i pol minute prije kraja do\u0161le i do potpunog preokreta te povele 74:70, na\u0161av\u0161i se na korak od senzacije. Ipak, u klju\u010dnim trenucima nisu izdr\u017eale pritisak. Nekoliko izgubljenih lopti i proma\u0161aja pod ja\u010dom obranom Plamenih bilo je brzo ka\u017enjeno, pa je utakmica zaklju\u010dena serijom 9:0, kojom su na\u0161e cure stigle do velikog preokreta i kona\u010dne pobjede.<\/p>\n<p data-start=\"1395\" data-end=\"1900\">Najefikasnija u na\u0161im redovima bila je <strong>Ivana Mami\u0107<\/strong> s 19 poena, dok je <strong>Jelena Brki\u010di\u0107<\/strong> dodala 18. Dvocifren u\u010dinak ostvarile su i <strong>Maicie James<\/strong> s 15\u00a0 te <strong>Lea Mileti\u0107<\/strong> s 11 poena. U doma\u0107oj ekipi istaknula se <strong>Samantha Deem<\/strong> s 28 poena i 14 skokova, <strong>Ksenija Kuzmanovi\u0107<\/strong> postigla je 15 poena, a <strong>Martina Kujund\u017ei\u0107<\/strong> 13.<\/p>\n<p data-start=\"1902\" data-end=\"2085\" data-is-last-node=\"\" data-is-only-node=\"\">Ovo je osma prvenstvena pobjeda Plamenih. U sljede\u0107em kolu u goste nam sti\u017ee splitski KA\u017dL, koji \u0107e, uz brojne promjenama u rosteru, zasigurno biti zahtjevan i nimalo lagan protivnik.<\/p>\n","protected":false},"excerpt":{"rendered":"<p>U 13. kolu Premijer \u017eenske ko\u0161arka\u0161ke lige Plamene su na gostovanju u Zadru upisale pobjedu protiv \u017dKK Zadar rezultatom 74:79 (22:21, 23:20, 10:21, 19:17). Iako su uo\u010di susreta imale status izrazitog favorita, na\u0161e su cure u utakmicu u\u0161le uspavano i bez prave energije, \u0161to su raspolo\u017eene doma\u0107e ko\u0161arka\u0161ice iskoristile kako bi nametnule svoj ritam. Zadar&#8230;<\/p>\n","protected":false},"author":5,"featured_media":4965,"comment_status":"closed","ping_status":"closed","sticky":false,"template":"","format":"standard","meta":{"_acf_changed":false,"footnotes":""},"categories":[174],"tags":[],"class_list":["post-4963","post","type-post","status-publish","format-standard","has-post-thumbnail","hentry","category-premijer-zenska-liga"],"acf":[],"yoast_head":"<!-- This site is optimized with the Yoast SEO plugin v27.4 - https:\/\/yoast.com\/product\/yoast-seo-wordpress\/ -->\n<title>Plamene pre\u017eivjele dramu u Zadru i u zavr\u0161nici i\u0161\u010dupale pobjedu - \u017dKK Plamen Po\u017eega<\/title>\n<meta name=\"robots\" content=\"index, follow, max-snippet:-1, max-image-preview:large, max-video-preview:-1\" \/>\n<link rel=\"canonical\" href=\"https:\/\/zkkplamenpozega.hr\/?p=4963\" \/>\n<meta property=\"og:locale\" content=\"hr_HR\" \/>\n<meta property=\"og:type\" content=\"article\" \/>\n<meta property=\"og:title\" content=\"Plamene pre\u017eivjele dramu u Zadru i u zavr\u0161nici i\u0161\u010dupale pobjedu - \u017dKK Plamen Po\u017eega\" \/>\n<meta property=\"og:description\" content=\"U 13. kolu Premijer \u017eenske ko\u0161arka\u0161ke lige Plamene su na gostovanju u Zadru upisale pobjedu protiv \u017dKK Zadar rezultatom 74:79 (22:21, 23:20, 10:21, 19:17). Iako su uo\u010di susreta imale status izrazitog favorita, na\u0161e su cure u utakmicu u\u0161le uspavano i bez prave energije, \u0161to su raspolo\u017eene doma\u0107e ko\u0161arka\u0161ice iskoristile kako bi nametnule svoj ritam. Zadar...\" \/>\n<meta property=\"og:url\" content=\"https:\/\/zkkplamenpozega.hr\/?p=4963\" \/>\n<meta property=\"og:site_name\" content=\"\u017dKK Plamen Po\u017eega\" \/>\n<meta property=\"article:publisher\" content=\"https:\/\/www.facebook.com\/zkkplamenpozega\/\" \/>\n<meta property=\"article:published_time\" content=\"2026-01-17T18:35:09+00:00\" \/>\n<meta property=\"og:image\" content=\"https:\/\/zkkplamenpozega.hr\/wp-content\/uploads\/2026\/01\/Untitled-design-6.png\" \/>\n\t<meta property=\"og:image:width\" content=\"900\" \/>\n\t<meta property=\"og:image:height\" content=\"600\" \/>\n\t<meta property=\"og:image:type\" content=\"image\/png\" \/>\n<meta name=\"author\" content=\"Kreso\" \/>\n<meta name=\"twitter:card\" content=\"summary_large_image\" \/>\n<meta name=\"twitter:label1\" content=\"Napisao\/la\" \/>\n\t<meta name=\"twitter:data1\" content=\"Kreso\" \/>\n\t<meta name=\"twitter:label2\" content=\"Procijenjeno vrijeme \u010ditanja\" \/>\n\t<meta name=\"twitter:data2\" content=\"3 minute\" \/>\n<script type=\"application\/ld+json\" class=\"yoast-schema-graph\">{\"@context\":\"https:\\\/\\\/schema.org\",\"@graph\":[{\"@type\":\"Article\",\"@id\":\"https:\\\/\\\/zkkplamenpozega.hr\\\/?p=4963#article\",\"isPartOf\":{\"@id\":\"https:\\\/\\\/zkkplamenpozega.hr\\\/?p=4963\"},\"author\":{\"name\":\"Kreso\",\"@id\":\"https:\\\/\\\/zkkplamenpozega.hr\\\/#\\\/schema\\\/person\\\/3d6e04918ebd6d498047f8e06ca8e915\"},\"headline\":\"Plamene pre\u017eivjele dramu u Zadru i u zavr\u0161nici i\u0161\u010dupale pobjedu\",\"datePublished\":\"2026-01-17T18:35:09+00:00\",\"mainEntityOfPage\":{\"@id\":\"https:\\\/\\\/zkkplamenpozega.hr\\\/?p=4963\"},\"wordCount\":405,\"publisher\":{\"@id\":\"https:\\\/\\\/zkkplamenpozega.hr\\\/#organization\"},\"image\":{\"@id\":\"https:\\\/\\\/zkkplamenpozega.hr\\\/?p=4963#primaryimage\"},\"thumbnailUrl\":\"https:\\\/\\\/zkkplamenpozega.hr\\\/wp-content\\\/uploads\\\/2026\\\/01\\\/Untitled-design-6.png\",\"articleSection\":[\"Premijer \u017denska Liga\"],\"inLanguage\":\"hr\"},{\"@type\":\"WebPage\",\"@id\":\"https:\\\/\\\/zkkplamenpozega.hr\\\/?p=4963\",\"url\":\"https:\\\/\\\/zkkplamenpozega.hr\\\/?p=4963\",\"name\":\"Plamene pre\u017eivjele dramu u Zadru i u zavr\u0161nici i\u0161\u010dupale pobjedu - \u017dKK Plamen Po\u017eega\",\"isPartOf\":{\"@id\":\"https:\\\/\\\/zkkplamenpozega.hr\\\/#website\"},\"primaryImageOfPage\":{\"@id\":\"https:\\\/\\\/zkkplamenpozega.hr\\\/?p=4963#primaryimage\"},\"image\":{\"@id\":\"https:\\\/\\\/zkkplamenpozega.hr\\\/?p=4963#primaryimage\"},\"thumbnailUrl\":\"https:\\\/\\\/zkkplamenpozega.hr\\\/wp-content\\\/uploads\\\/2026\\\/01\\\/Untitled-design-6.png\",\"datePublished\":\"2026-01-17T18:35:09+00:00\",\"breadcrumb\":{\"@id\":\"https:\\\/\\\/zkkplamenpozega.hr\\\/?p=4963#breadcrumb\"},\"inLanguage\":\"hr\",\"potentialAction\":[{\"@type\":\"ReadAction\",\"target\":[\"https:\\\/\\\/zkkplamenpozega.hr\\\/?p=4963\"]}]},{\"@type\":\"ImageObject\",\"inLanguage\":\"hr\",\"@id\":\"https:\\\/\\\/zkkplamenpozega.hr\\\/?p=4963#primaryimage\",\"url\":\"https:\\\/\\\/zkkplamenpozega.hr\\\/wp-content\\\/uploads\\\/2026\\\/01\\\/Untitled-design-6.png\",\"contentUrl\":\"https:\\\/\\\/zkkplamenpozega.hr\\\/wp-content\\\/uploads\\\/2026\\\/01\\\/Untitled-design-6.png\",\"width\":900,\"height\":600},{\"@type\":\"BreadcrumbList\",\"@id\":\"https:\\\/\\\/zkkplamenpozega.hr\\\/?p=4963#breadcrumb\",\"itemListElement\":[{\"@type\":\"ListItem\",\"position\":1,\"name\":\"Po\u010detna stranica\",\"item\":\"https:\\\/\\\/zkkplamenpozega.hr\\\/\"},{\"@type\":\"ListItem\",\"position\":2,\"name\":\"Plamene pre\u017eivjele dramu u Zadru i u zavr\u0161nici i\u0161\u010dupale pobjedu\"}]},{\"@type\":\"WebSite\",\"@id\":\"https:\\\/\\\/zkkplamenpozega.hr\\\/#website\",\"url\":\"https:\\\/\\\/zkkplamenpozega.hr\\\/\",\"name\":\"\u017dKK Plamen Po\u017eega\",\"description\":\"Plamene su najbolje\",\"publisher\":{\"@id\":\"https:\\\/\\\/zkkplamenpozega.hr\\\/#organization\"},\"potentialAction\":[{\"@type\":\"SearchAction\",\"target\":{\"@type\":\"EntryPoint\",\"urlTemplate\":\"https:\\\/\\\/zkkplamenpozega.hr\\\/?s={search_term_string}\"},\"query-input\":{\"@type\":\"PropertyValueSpecification\",\"valueRequired\":true,\"valueName\":\"search_term_string\"}}],\"inLanguage\":\"hr\"},{\"@type\":\"Organization\",\"@id\":\"https:\\\/\\\/zkkplamenpozega.hr\\\/#organization\",\"name\":\"\u017denski ko\u0161arka\u0161ki klub Plamen Po\u017eega\",\"url\":\"https:\\\/\\\/zkkplamenpozega.hr\\\/\",\"logo\":{\"@type\":\"ImageObject\",\"inLanguage\":\"hr\",\"@id\":\"https:\\\/\\\/zkkplamenpozega.hr\\\/#\\\/schema\\\/logo\\\/image\\\/\",\"url\":\"https:\\\/\\\/zkkplamenpozega.hr\\\/wp-content\\\/uploads\\\/2020\\\/10\\\/logo-zkkpozega-e1602941511846.png\",\"contentUrl\":\"https:\\\/\\\/zkkplamenpozega.hr\\\/wp-content\\\/uploads\\\/2020\\\/10\\\/logo-zkkpozega-e1602941511846.png\",\"width\":400,\"height\":236,\"caption\":\"\u017denski ko\u0161arka\u0161ki klub Plamen Po\u017eega\"},\"image\":{\"@id\":\"https:\\\/\\\/zkkplamenpozega.hr\\\/#\\\/schema\\\/logo\\\/image\\\/\"},\"sameAs\":[\"https:\\\/\\\/www.facebook.com\\\/zkkplamenpozega\\\/\",\"https:\\\/\\\/www.instagram.com\\\/zkkplamenpozega\\\/?hl=hr\"]},{\"@type\":\"Person\",\"@id\":\"https:\\\/\\\/zkkplamenpozega.hr\\\/#\\\/schema\\\/person\\\/3d6e04918ebd6d498047f8e06ca8e915\",\"name\":\"Kreso\",\"image\":{\"@type\":\"ImageObject\",\"inLanguage\":\"hr\",\"@id\":\"https:\\\/\\\/secure.gravatar.com\\\/avatar\\\/44643690ce7f74819c091da2e59b8ec9a85b7089dcc2ae83c46287616c83fff9?s=96&d=mm&r=g\",\"url\":\"https:\\\/\\\/secure.gravatar.com\\\/avatar\\\/44643690ce7f74819c091da2e59b8ec9a85b7089dcc2ae83c46287616c83fff9?s=96&d=mm&r=g\",\"contentUrl\":\"https:\\\/\\\/secure.gravatar.com\\\/avatar\\\/44643690ce7f74819c091da2e59b8ec9a85b7089dcc2ae83c46287616c83fff9?s=96&d=mm&r=g\",\"caption\":\"Kreso\"}}]}<\/script>\n<!-- \/ Yoast SEO plugin. -->","yoast_head_json":{"title":"Plamene pre\u017eivjele dramu u Zadru i u zavr\u0161nici i\u0161\u010dupale pobjedu - \u017dKK Plamen Po\u017eega","robots":{"index":"index","follow":"follow","max-snippet":"max-snippet:-1","max-image-preview":"max-image-preview:large","max-video-preview":"max-video-preview:-1"},"canonical":"https:\/\/zkkplamenpozega.hr\/?p=4963","og_locale":"hr_HR","og_type":"article","og_title":"Plamene pre\u017eivjele dramu u Zadru i u zavr\u0161nici i\u0161\u010dupale pobjedu - \u017dKK Plamen Po\u017eega","og_description":"U 13. kolu Premijer \u017eenske ko\u0161arka\u0161ke lige Plamene su na gostovanju u Zadru upisale pobjedu protiv \u017dKK Zadar rezultatom 74:79 (22:21, 23:20, 10:21, 19:17). Iako su uo\u010di susreta imale status izrazitog favorita, na\u0161e su cure u utakmicu u\u0161le uspavano i bez prave energije, \u0161to su raspolo\u017eene doma\u0107e ko\u0161arka\u0161ice iskoristile kako bi nametnule svoj ritam. Zadar...","og_url":"https:\/\/zkkplamenpozega.hr\/?p=4963","og_site_name":"\u017dKK Plamen Po\u017eega","article_publisher":"https:\/\/www.facebook.com\/zkkplamenpozega\/","article_published_time":"2026-01-17T18:35:09+00:00","og_image":[{"width":900,"height":600,"url":"https:\/\/zkkplamenpozega.hr\/wp-content\/uploads\/2026\/01\/Untitled-design-6.png","type":"image\/png"}],"author":"Kreso","twitter_card":"summary_large_image","twitter_misc":{"Napisao\/la":"Kreso","Procijenjeno vrijeme \u010ditanja":"3 minute"},"schema":{"@context":"https:\/\/schema.org","@graph":[{"@type":"Article","@id":"https:\/\/zkkplamenpozega.hr\/?p=4963#article","isPartOf":{"@id":"https:\/\/zkkplamenpozega.hr\/?p=4963"},"author":{"name":"Kreso","@id":"https:\/\/zkkplamenpozega.hr\/#\/schema\/person\/3d6e04918ebd6d498047f8e06ca8e915"},"headline":"Plamene pre\u017eivjele dramu u Zadru i u zavr\u0161nici i\u0161\u010dupale pobjedu","datePublished":"2026-01-17T18:35:09+00:00","mainEntityOfPage":{"@id":"https:\/\/zkkplamenpozega.hr\/?p=4963"},"wordCount":405,"publisher":{"@id":"https:\/\/zkkplamenpozega.hr\/#organization"},"image":{"@id":"https:\/\/zkkplamenpozega.hr\/?p=4963#primaryimage"},"thumbnailUrl":"https:\/\/zkkplamenpozega.hr\/wp-content\/uploads\/2026\/01\/Untitled-design-6.png","articleSection":["Premijer \u017denska Liga"],"inLanguage":"hr"},{"@type":"WebPage","@id":"https:\/\/zkkplamenpozega.hr\/?p=4963","url":"https:\/\/zkkplamenpozega.hr\/?p=4963","name":"Plamene pre\u017eivjele dramu u Zadru i u zavr\u0161nici i\u0161\u010dupale pobjedu - \u017dKK Plamen Po\u017eega","isPartOf":{"@id":"https:\/\/zkkplamenpozega.hr\/#website"},"primaryImageOfPage":{"@id":"https:\/\/zkkplamenpozega.hr\/?p=4963#primaryimage"},"image":{"@id":"https:\/\/zkkplamenpozega.hr\/?p=4963#primaryimage"},"thumbnailUrl":"https:\/\/zkkplamenpozega.hr\/wp-content\/uploads\/2026\/01\/Untitled-design-6.png","datePublished":"2026-01-17T18:35:09+00:00","breadcrumb":{"@id":"https:\/\/zkkplamenpozega.hr\/?p=4963#breadcrumb"},"inLanguage":"hr","potentialAction":[{"@type":"ReadAction","target":["https:\/\/zkkplamenpozega.hr\/?p=4963"]}]},{"@type":"ImageObject","inLanguage":"hr","@id":"https:\/\/zkkplamenpozega.hr\/?p=4963#primaryimage","url":"https:\/\/zkkplamenpozega.hr\/wp-content\/uploads\/2026\/01\/Untitled-design-6.png","contentUrl":"https:\/\/zkkplamenpozega.hr\/wp-content\/uploads\/2026\/01\/Untitled-design-6.png","width":900,"height":600},{"@type":"BreadcrumbList","@id":"https:\/\/zkkplamenpozega.hr\/?p=4963#breadcrumb","itemListElement":[{"@type":"ListItem","position":1,"name":"Po\u010detna stranica","item":"https:\/\/zkkplamenpozega.hr\/"},{"@type":"ListItem","position":2,"name":"Plamene pre\u017eivjele dramu u Zadru i u zavr\u0161nici i\u0161\u010dupale pobjedu"}]},{"@type":"WebSite","@id":"https:\/\/zkkplamenpozega.hr\/#website","url":"https:\/\/zkkplamenpozega.hr\/","name":"\u017dKK Plamen Po\u017eega","description":"Plamene su najbolje","publisher":{"@id":"https:\/\/zkkplamenpozega.hr\/#organization"},"potentialAction":[{"@type":"SearchAction","target":{"@type":"EntryPoint","urlTemplate":"https:\/\/zkkplamenpozega.hr\/?s={search_term_string}"},"query-input":{"@type":"PropertyValueSpecification","valueRequired":true,"valueName":"search_term_string"}}],"inLanguage":"hr"},{"@type":"Organization","@id":"https:\/\/zkkplamenpozega.hr\/#organization","name":"\u017denski ko\u0161arka\u0161ki klub Plamen Po\u017eega","url":"https:\/\/zkkplamenpozega.hr\/","logo":{"@type":"ImageObject","inLanguage":"hr","@id":"https:\/\/zkkplamenpozega.hr\/#\/schema\/logo\/image\/","url":"https:\/\/zkkplamenpozega.hr\/wp-content\/uploads\/2020\/10\/logo-zkkpozega-e1602941511846.png","contentUrl":"https:\/\/zkkplamenpozega.hr\/wp-content\/uploads\/2020\/10\/logo-zkkpozega-e1602941511846.png","width":400,"height":236,"caption":"\u017denski ko\u0161arka\u0161ki klub Plamen Po\u017eega"},"image":{"@id":"https:\/\/zkkplamenpozega.hr\/#\/schema\/logo\/image\/"},"sameAs":["https:\/\/www.facebook.com\/zkkplamenpozega\/","https:\/\/www.instagram.com\/zkkplamenpozega\/?hl=hr"]},{"@type":"Person","@id":"https:\/\/zkkplamenpozega.hr\/#\/schema\/person\/3d6e04918ebd6d498047f8e06ca8e915","name":"Kreso","image":{"@type":"ImageObject","inLanguage":"hr","@id":"https:\/\/secure.gravatar.com\/avatar\/44643690ce7f74819c091da2e59b8ec9a85b7089dcc2ae83c46287616c83fff9?s=96&d=mm&r=g","url":"https:\/\/secure.gravatar.com\/avatar\/44643690ce7f74819c091da2e59b8ec9a85b7089dcc2ae83c46287616c83fff9?s=96&d=mm&r=g","contentUrl":"https:\/\/secure.gravatar.com\/avatar\/44643690ce7f74819c091da2e59b8ec9a85b7089dcc2ae83c46287616c83fff9?s=96&d=mm&r=g","caption":"Kreso"}}]}},"_links":{"self":[{"href":"https:\/\/zkkplamenpozega.hr\/index.php?rest_route=\/wp\/v2\/posts\/4963","targetHints":{"allow":["GET"]}}],"collection":[{"href":"https:\/\/zkkplamenpozega.hr\/index.php?rest_route=\/wp\/v2\/posts"}],"about":[{"href":"https:\/\/zkkplamenpozega.hr\/index.php?rest_route=\/wp\/v2\/types\/post"}],"author":[{"embeddable":true,"href":"https:\/\/zkkplamenpozega.hr\/index.php?rest_route=\/wp\/v2\/users\/5"}],"replies":[{"embeddable":true,"href":"https:\/\/zkkplamenpozega.hr\/index.php?rest_route=%2Fwp%2Fv2%2Fcomments&post=4963"}],"version-history":[{"count":4,"href":"https:\/\/zkkplamenpozega.hr\/index.php?rest_route=\/wp\/v2\/posts\/4963\/revisions"}],"predecessor-version":[{"id":4968,"href":"https:\/\/zkkplamenpozega.hr\/index.php?rest_route=\/wp\/v2\/posts\/4963\/revisions\/4968"}],"wp:featuredmedia":[{"embeddable":true,"href":"https:\/\/zkkplamenpozega.hr\/index.php?rest_route=\/wp\/v2\/media\/4965"}],"wp:attachment":[{"href":"https:\/\/zkkplamenpozega.hr\/index.php?rest_route=%2Fwp%2Fv2%2Fmedia&parent=4963"}],"wp:term":[{"taxonomy":"category","embeddable":true,"href":"https:\/\/zkkplamenpozega.hr\/index.php?rest_route=%2Fwp%2Fv2%2Fcategories&post=4963"},{"taxonomy":"post_tag","embeddable":true,"href":"https:\/\/zkkplamenpozega.hr\/index.php?rest_route=%2Fwp%2Fv2%2Ftags&post=4963"}],"curies":[{"name":"wp","href":"https:\/\/api.w.org\/{rel}","templated":true}]}}