{"id":4951,"date":"2026-01-09T12:06:18","date_gmt":"2026-01-09T12:06:18","guid":{"rendered":"https:\/\/zkkplamenpozega.hr\/?p=4951"},"modified":"2026-01-09T12:06:18","modified_gmt":"2026-01-09T12:06:18","slug":"plamene-otvaraju-2026-gostovanjem-u-zadru-u-subotu-protiv-zadra-plus","status":"publish","type":"post","link":"https:\/\/zkkplamenpozega.hr\/?p=4951","title":{"rendered":"Plamene otvaraju 2026. gostovanjem u Zadru: u subotu protiv Zadra Plus"},"content":{"rendered":"<p data-start=\"124\" data-end=\"386\">Nakon blagdanske stanke Plamene se vra\u0107aju prvenstvenim obavezama. U sklopu 12. kola Premijer \u017eenske ko\u0161arka\u0161ke lige Hrvatske pred na\u0161im curama je gostovanje u Zadru, gdje \u0107e ove subote, 10. sije\u010dnja, s po\u010detkom u 14:30 sati, odmjeriti snage s ekipom Zadra Plus.<\/p>\n<p data-start=\"388\" data-end=\"776\">Rije\u010d je o susretu trenutno \u0161estoplasirane i devetoplasirane ekipe prvenstvene ljestvice. Prvi ovosezonski ogled, odigran na samom startu sezone u Po\u017eegi, uvjerljivo je pripao na\u0161im ko\u0161arka\u0161icama koje su slavile rezultatom 83:54. I u ovaj dvoboj Plamene ulaze s ulogom favoritkinja, no uz nu\u017enu dozu opreza, budu\u0107i da je povratak u natjecateljski ritam nakon stanke uvijek poseban izazov.<\/p>\n<p style=\"text-align: left;\" data-start=\"778\" data-end=\"1151\">Na oprez upozorava i Laura Ba\u0161i\u0107, koja isti\u010de kako \u0107e zadarsko gostovanje biti zahtjevan ispit na startu drugog dijela sezone:<br data-start=\"904\" data-end=\"907\" \/>\u201e<em><strong>Nakon zimske pauze \u010deka nas novo gostovanje koje ne\u0107e biti lako, vidjeli smo da je do\u0161lo do promjena u rosteru i ne znamo \u0161to nas \u010deka. Mi smo se pripremile i odradile dio zajedni\u010dkih treninga te smo spremne za izazove u drugom dijelu sezone!<\/strong><\/em>\u201c<\/p>\n<p data-start=\"1153\" data-end=\"1449\">Za razliku od na\u0161eg rostera, koji je ostao nepromijenjen, zadarska se ekipa tijekom zimske pauze donekle promijenila. Novo ime u redovima Zadra Plus je Amerikanka <strong>Courtney Turner<\/strong>, koja dolazi sa sveu\u010dili\u0161ta Portland State Vikings, a zadarski klub bit \u0107e joj prva profesionalna stanica u karijeri.<\/p>\n<p data-start=\"1451\" data-end=\"1845\">Prvi dio sezone za Plamene obilje\u017eili su promjenjivi rezultati, osobito u liga\u0161kom natjecanju, gdje nisu ostvareni svi \u017eeljeni ciljevi. Ipak, kraj 2025. godine uljep\u0161ao je uspje\u0161an plasman na zavr\u0161nicu Kupa. U 2026. godinu stoga ulazimo s jasnim motivom \u2013 iz utakmice u utakmicu pru\u017eati \u0161to bolja izdanja, izvu\u0107i maksimum u Premijer ligi te \u0161to spremnije do\u010dekati novu borbu za trofej kroz Kup.<\/p>\n<p data-start=\"1847\" data-end=\"2002\">Pred nama je dug put, a prva postaja upravo je Zadar, gdje tra\u017eimo pobjedu i dobar po\u010detak nove godine. Susret mo\u017eete pratiti u\u017eivo putem platforme HKS TV.<\/p>\n","protected":false},"excerpt":{"rendered":"<p>Nakon blagdanske stanke Plamene se vra\u0107aju prvenstvenim obavezama. U sklopu 12. kola Premijer \u017eenske ko\u0161arka\u0161ke lige Hrvatske pred na\u0161im curama je gostovanje u Zadru, gdje \u0107e ove subote, 10. sije\u010dnja, s po\u010detkom u 14:30 sati, odmjeriti snage s ekipom Zadra Plus. Rije\u010d je o susretu trenutno \u0161estoplasirane i devetoplasirane ekipe prvenstvene ljestvice. Prvi ovosezonski ogled,&#8230;<\/p>\n","protected":false},"author":5,"featured_media":4952,"comment_status":"closed","ping_status":"closed","sticky":false,"template":"","format":"standard","meta":{"_acf_changed":false,"footnotes":""},"categories":[174],"tags":[189],"class_list":["post-4951","post","type-post","status-publish","format-standard","has-post-thumbnail","hentry","category-premijer-zenska-liga","tag-laura-basic"],"acf":[],"yoast_head":"<!-- This site is optimized with the Yoast SEO plugin v27.4 - https:\/\/yoast.com\/product\/yoast-seo-wordpress\/ -->\n<title>Plamene otvaraju 2026. gostovanjem u Zadru: u subotu protiv Zadra Plus - \u017dKK Plamen Po\u017eega<\/title>\n<meta name=\"robots\" content=\"index, follow, max-snippet:-1, max-image-preview:large, max-video-preview:-1\" \/>\n<link rel=\"canonical\" href=\"https:\/\/zkkplamenpozega.hr\/?p=4951\" \/>\n<meta property=\"og:locale\" content=\"hr_HR\" \/>\n<meta property=\"og:type\" content=\"article\" \/>\n<meta property=\"og:title\" content=\"Plamene otvaraju 2026. gostovanjem u Zadru: u subotu protiv Zadra Plus - \u017dKK Plamen Po\u017eega\" \/>\n<meta property=\"og:description\" content=\"Nakon blagdanske stanke Plamene se vra\u0107aju prvenstvenim obavezama. U sklopu 12. kola Premijer \u017eenske ko\u0161arka\u0161ke lige Hrvatske pred na\u0161im curama je gostovanje u Zadru, gdje \u0107e ove subote, 10. sije\u010dnja, s po\u010detkom u 14:30 sati, odmjeriti snage s ekipom Zadra Plus. Rije\u010d je o susretu trenutno \u0161estoplasirane i devetoplasirane ekipe prvenstvene ljestvice. Prvi ovosezonski ogled,...\" \/>\n<meta property=\"og:url\" content=\"https:\/\/zkkplamenpozega.hr\/?p=4951\" \/>\n<meta property=\"og:site_name\" content=\"\u017dKK Plamen Po\u017eega\" \/>\n<meta property=\"article:publisher\" content=\"https:\/\/www.facebook.com\/zkkplamenpozega\/\" \/>\n<meta property=\"article:published_time\" content=\"2026-01-09T12:06:18+00:00\" \/>\n<meta property=\"og:image\" content=\"https:\/\/zkkplamenpozega.hr\/wp-content\/uploads\/2026\/01\/b05e627f-f101-4105-b64a-9e169244c13b-scaled.jpg\" \/>\n\t<meta property=\"og:image:width\" content=\"2560\" \/>\n\t<meta property=\"og:image:height\" content=\"1920\" \/>\n\t<meta property=\"og:image:type\" content=\"image\/jpeg\" \/>\n<meta name=\"author\" content=\"Kreso\" \/>\n<meta name=\"twitter:card\" content=\"summary_large_image\" \/>\n<meta name=\"twitter:label1\" content=\"Napisao\/la\" \/>\n\t<meta name=\"twitter:data1\" content=\"Kreso\" \/>\n\t<meta name=\"twitter:label2\" content=\"Procijenjeno vrijeme \u010ditanja\" \/>\n\t<meta name=\"twitter:data2\" content=\"2 minute\" \/>\n<script type=\"application\/ld+json\" class=\"yoast-schema-graph\">{\"@context\":\"https:\\\/\\\/schema.org\",\"@graph\":[{\"@type\":\"Article\",\"@id\":\"https:\\\/\\\/zkkplamenpozega.hr\\\/?p=4951#article\",\"isPartOf\":{\"@id\":\"https:\\\/\\\/zkkplamenpozega.hr\\\/?p=4951\"},\"author\":{\"name\":\"Kreso\",\"@id\":\"https:\\\/\\\/zkkplamenpozega.hr\\\/#\\\/schema\\\/person\\\/3d6e04918ebd6d498047f8e06ca8e915\"},\"headline\":\"Plamene otvaraju 2026. gostovanjem u Zadru: u subotu protiv Zadra Plus\",\"datePublished\":\"2026-01-09T12:06:18+00:00\",\"mainEntityOfPage\":{\"@id\":\"https:\\\/\\\/zkkplamenpozega.hr\\\/?p=4951\"},\"wordCount\":331,\"publisher\":{\"@id\":\"https:\\\/\\\/zkkplamenpozega.hr\\\/#organization\"},\"image\":{\"@id\":\"https:\\\/\\\/zkkplamenpozega.hr\\\/?p=4951#primaryimage\"},\"thumbnailUrl\":\"https:\\\/\\\/zkkplamenpozega.hr\\\/wp-content\\\/uploads\\\/2026\\\/01\\\/b05e627f-f101-4105-b64a-9e169244c13b-scaled.jpg\",\"keywords\":[\"Laura Ba\u0161i\u0107\"],\"articleSection\":[\"Premijer \u017denska Liga\"],\"inLanguage\":\"hr\"},{\"@type\":\"WebPage\",\"@id\":\"https:\\\/\\\/zkkplamenpozega.hr\\\/?p=4951\",\"url\":\"https:\\\/\\\/zkkplamenpozega.hr\\\/?p=4951\",\"name\":\"Plamene otvaraju 2026. gostovanjem u Zadru: u subotu protiv Zadra Plus - \u017dKK Plamen Po\u017eega\",\"isPartOf\":{\"@id\":\"https:\\\/\\\/zkkplamenpozega.hr\\\/#website\"},\"primaryImageOfPage\":{\"@id\":\"https:\\\/\\\/zkkplamenpozega.hr\\\/?p=4951#primaryimage\"},\"image\":{\"@id\":\"https:\\\/\\\/zkkplamenpozega.hr\\\/?p=4951#primaryimage\"},\"thumbnailUrl\":\"https:\\\/\\\/zkkplamenpozega.hr\\\/wp-content\\\/uploads\\\/2026\\\/01\\\/b05e627f-f101-4105-b64a-9e169244c13b-scaled.jpg\",\"datePublished\":\"2026-01-09T12:06:18+00:00\",\"breadcrumb\":{\"@id\":\"https:\\\/\\\/zkkplamenpozega.hr\\\/?p=4951#breadcrumb\"},\"inLanguage\":\"hr\",\"potentialAction\":[{\"@type\":\"ReadAction\",\"target\":[\"https:\\\/\\\/zkkplamenpozega.hr\\\/?p=4951\"]}]},{\"@type\":\"ImageObject\",\"inLanguage\":\"hr\",\"@id\":\"https:\\\/\\\/zkkplamenpozega.hr\\\/?p=4951#primaryimage\",\"url\":\"https:\\\/\\\/zkkplamenpozega.hr\\\/wp-content\\\/uploads\\\/2026\\\/01\\\/b05e627f-f101-4105-b64a-9e169244c13b-scaled.jpg\",\"contentUrl\":\"https:\\\/\\\/zkkplamenpozega.hr\\\/wp-content\\\/uploads\\\/2026\\\/01\\\/b05e627f-f101-4105-b64a-9e169244c13b-scaled.jpg\",\"width\":2560,\"height\":1920},{\"@type\":\"BreadcrumbList\",\"@id\":\"https:\\\/\\\/zkkplamenpozega.hr\\\/?p=4951#breadcrumb\",\"itemListElement\":[{\"@type\":\"ListItem\",\"position\":1,\"name\":\"Po\u010detna stranica\",\"item\":\"https:\\\/\\\/zkkplamenpozega.hr\\\/\"},{\"@type\":\"ListItem\",\"position\":2,\"name\":\"Plamene otvaraju 2026. gostovanjem u Zadru: u subotu protiv Zadra Plus\"}]},{\"@type\":\"WebSite\",\"@id\":\"https:\\\/\\\/zkkplamenpozega.hr\\\/#website\",\"url\":\"https:\\\/\\\/zkkplamenpozega.hr\\\/\",\"name\":\"\u017dKK Plamen Po\u017eega\",\"description\":\"Plamene su najbolje\",\"publisher\":{\"@id\":\"https:\\\/\\\/zkkplamenpozega.hr\\\/#organization\"},\"potentialAction\":[{\"@type\":\"SearchAction\",\"target\":{\"@type\":\"EntryPoint\",\"urlTemplate\":\"https:\\\/\\\/zkkplamenpozega.hr\\\/?s={search_term_string}\"},\"query-input\":{\"@type\":\"PropertyValueSpecification\",\"valueRequired\":true,\"valueName\":\"search_term_string\"}}],\"inLanguage\":\"hr\"},{\"@type\":\"Organization\",\"@id\":\"https:\\\/\\\/zkkplamenpozega.hr\\\/#organization\",\"name\":\"\u017denski ko\u0161arka\u0161ki klub Plamen Po\u017eega\",\"url\":\"https:\\\/\\\/zkkplamenpozega.hr\\\/\",\"logo\":{\"@type\":\"ImageObject\",\"inLanguage\":\"hr\",\"@id\":\"https:\\\/\\\/zkkplamenpozega.hr\\\/#\\\/schema\\\/logo\\\/image\\\/\",\"url\":\"https:\\\/\\\/zkkplamenpozega.hr\\\/wp-content\\\/uploads\\\/2020\\\/10\\\/logo-zkkpozega-e1602941511846.png\",\"contentUrl\":\"https:\\\/\\\/zkkplamenpozega.hr\\\/wp-content\\\/uploads\\\/2020\\\/10\\\/logo-zkkpozega-e1602941511846.png\",\"width\":400,\"height\":236,\"caption\":\"\u017denski ko\u0161arka\u0161ki klub Plamen Po\u017eega\"},\"image\":{\"@id\":\"https:\\\/\\\/zkkplamenpozega.hr\\\/#\\\/schema\\\/logo\\\/image\\\/\"},\"sameAs\":[\"https:\\\/\\\/www.facebook.com\\\/zkkplamenpozega\\\/\",\"https:\\\/\\\/www.instagram.com\\\/zkkplamenpozega\\\/?hl=hr\"]},{\"@type\":\"Person\",\"@id\":\"https:\\\/\\\/zkkplamenpozega.hr\\\/#\\\/schema\\\/person\\\/3d6e04918ebd6d498047f8e06ca8e915\",\"name\":\"Kreso\",\"image\":{\"@type\":\"ImageObject\",\"inLanguage\":\"hr\",\"@id\":\"https:\\\/\\\/secure.gravatar.com\\\/avatar\\\/44643690ce7f74819c091da2e59b8ec9a85b7089dcc2ae83c46287616c83fff9?s=96&d=mm&r=g\",\"url\":\"https:\\\/\\\/secure.gravatar.com\\\/avatar\\\/44643690ce7f74819c091da2e59b8ec9a85b7089dcc2ae83c46287616c83fff9?s=96&d=mm&r=g\",\"contentUrl\":\"https:\\\/\\\/secure.gravatar.com\\\/avatar\\\/44643690ce7f74819c091da2e59b8ec9a85b7089dcc2ae83c46287616c83fff9?s=96&d=mm&r=g\",\"caption\":\"Kreso\"}}]}<\/script>\n<!-- \/ Yoast SEO plugin. -->","yoast_head_json":{"title":"Plamene otvaraju 2026. gostovanjem u Zadru: u subotu protiv Zadra Plus - \u017dKK Plamen Po\u017eega","robots":{"index":"index","follow":"follow","max-snippet":"max-snippet:-1","max-image-preview":"max-image-preview:large","max-video-preview":"max-video-preview:-1"},"canonical":"https:\/\/zkkplamenpozega.hr\/?p=4951","og_locale":"hr_HR","og_type":"article","og_title":"Plamene otvaraju 2026. gostovanjem u Zadru: u subotu protiv Zadra Plus - \u017dKK Plamen Po\u017eega","og_description":"Nakon blagdanske stanke Plamene se vra\u0107aju prvenstvenim obavezama. U sklopu 12. kola Premijer \u017eenske ko\u0161arka\u0161ke lige Hrvatske pred na\u0161im curama je gostovanje u Zadru, gdje \u0107e ove subote, 10. sije\u010dnja, s po\u010detkom u 14:30 sati, odmjeriti snage s ekipom Zadra Plus. Rije\u010d je o susretu trenutno \u0161estoplasirane i devetoplasirane ekipe prvenstvene ljestvice. Prvi ovosezonski ogled,...","og_url":"https:\/\/zkkplamenpozega.hr\/?p=4951","og_site_name":"\u017dKK Plamen Po\u017eega","article_publisher":"https:\/\/www.facebook.com\/zkkplamenpozega\/","article_published_time":"2026-01-09T12:06:18+00:00","og_image":[{"width":2560,"height":1920,"url":"https:\/\/zkkplamenpozega.hr\/wp-content\/uploads\/2026\/01\/b05e627f-f101-4105-b64a-9e169244c13b-scaled.jpg","type":"image\/jpeg"}],"author":"Kreso","twitter_card":"summary_large_image","twitter_misc":{"Napisao\/la":"Kreso","Procijenjeno vrijeme \u010ditanja":"2 minute"},"schema":{"@context":"https:\/\/schema.org","@graph":[{"@type":"Article","@id":"https:\/\/zkkplamenpozega.hr\/?p=4951#article","isPartOf":{"@id":"https:\/\/zkkplamenpozega.hr\/?p=4951"},"author":{"name":"Kreso","@id":"https:\/\/zkkplamenpozega.hr\/#\/schema\/person\/3d6e04918ebd6d498047f8e06ca8e915"},"headline":"Plamene otvaraju 2026. gostovanjem u Zadru: u subotu protiv Zadra Plus","datePublished":"2026-01-09T12:06:18+00:00","mainEntityOfPage":{"@id":"https:\/\/zkkplamenpozega.hr\/?p=4951"},"wordCount":331,"publisher":{"@id":"https:\/\/zkkplamenpozega.hr\/#organization"},"image":{"@id":"https:\/\/zkkplamenpozega.hr\/?p=4951#primaryimage"},"thumbnailUrl":"https:\/\/zkkplamenpozega.hr\/wp-content\/uploads\/2026\/01\/b05e627f-f101-4105-b64a-9e169244c13b-scaled.jpg","keywords":["Laura Ba\u0161i\u0107"],"articleSection":["Premijer \u017denska Liga"],"inLanguage":"hr"},{"@type":"WebPage","@id":"https:\/\/zkkplamenpozega.hr\/?p=4951","url":"https:\/\/zkkplamenpozega.hr\/?p=4951","name":"Plamene otvaraju 2026. gostovanjem u Zadru: u subotu protiv Zadra Plus - \u017dKK Plamen Po\u017eega","isPartOf":{"@id":"https:\/\/zkkplamenpozega.hr\/#website"},"primaryImageOfPage":{"@id":"https:\/\/zkkplamenpozega.hr\/?p=4951#primaryimage"},"image":{"@id":"https:\/\/zkkplamenpozega.hr\/?p=4951#primaryimage"},"thumbnailUrl":"https:\/\/zkkplamenpozega.hr\/wp-content\/uploads\/2026\/01\/b05e627f-f101-4105-b64a-9e169244c13b-scaled.jpg","datePublished":"2026-01-09T12:06:18+00:00","breadcrumb":{"@id":"https:\/\/zkkplamenpozega.hr\/?p=4951#breadcrumb"},"inLanguage":"hr","potentialAction":[{"@type":"ReadAction","target":["https:\/\/zkkplamenpozega.hr\/?p=4951"]}]},{"@type":"ImageObject","inLanguage":"hr","@id":"https:\/\/zkkplamenpozega.hr\/?p=4951#primaryimage","url":"https:\/\/zkkplamenpozega.hr\/wp-content\/uploads\/2026\/01\/b05e627f-f101-4105-b64a-9e169244c13b-scaled.jpg","contentUrl":"https:\/\/zkkplamenpozega.hr\/wp-content\/uploads\/2026\/01\/b05e627f-f101-4105-b64a-9e169244c13b-scaled.jpg","width":2560,"height":1920},{"@type":"BreadcrumbList","@id":"https:\/\/zkkplamenpozega.hr\/?p=4951#breadcrumb","itemListElement":[{"@type":"ListItem","position":1,"name":"Po\u010detna stranica","item":"https:\/\/zkkplamenpozega.hr\/"},{"@type":"ListItem","position":2,"name":"Plamene otvaraju 2026. gostovanjem u Zadru: u subotu protiv Zadra Plus"}]},{"@type":"WebSite","@id":"https:\/\/zkkplamenpozega.hr\/#website","url":"https:\/\/zkkplamenpozega.hr\/","name":"\u017dKK Plamen Po\u017eega","description":"Plamene su najbolje","publisher":{"@id":"https:\/\/zkkplamenpozega.hr\/#organization"},"potentialAction":[{"@type":"SearchAction","target":{"@type":"EntryPoint","urlTemplate":"https:\/\/zkkplamenpozega.hr\/?s={search_term_string}"},"query-input":{"@type":"PropertyValueSpecification","valueRequired":true,"valueName":"search_term_string"}}],"inLanguage":"hr"},{"@type":"Organization","@id":"https:\/\/zkkplamenpozega.hr\/#organization","name":"\u017denski ko\u0161arka\u0161ki klub Plamen Po\u017eega","url":"https:\/\/zkkplamenpozega.hr\/","logo":{"@type":"ImageObject","inLanguage":"hr","@id":"https:\/\/zkkplamenpozega.hr\/#\/schema\/logo\/image\/","url":"https:\/\/zkkplamenpozega.hr\/wp-content\/uploads\/2020\/10\/logo-zkkpozega-e1602941511846.png","contentUrl":"https:\/\/zkkplamenpozega.hr\/wp-content\/uploads\/2020\/10\/logo-zkkpozega-e1602941511846.png","width":400,"height":236,"caption":"\u017denski ko\u0161arka\u0161ki klub Plamen Po\u017eega"},"image":{"@id":"https:\/\/zkkplamenpozega.hr\/#\/schema\/logo\/image\/"},"sameAs":["https:\/\/www.facebook.com\/zkkplamenpozega\/","https:\/\/www.instagram.com\/zkkplamenpozega\/?hl=hr"]},{"@type":"Person","@id":"https:\/\/zkkplamenpozega.hr\/#\/schema\/person\/3d6e04918ebd6d498047f8e06ca8e915","name":"Kreso","image":{"@type":"ImageObject","inLanguage":"hr","@id":"https:\/\/secure.gravatar.com\/avatar\/44643690ce7f74819c091da2e59b8ec9a85b7089dcc2ae83c46287616c83fff9?s=96&d=mm&r=g","url":"https:\/\/secure.gravatar.com\/avatar\/44643690ce7f74819c091da2e59b8ec9a85b7089dcc2ae83c46287616c83fff9?s=96&d=mm&r=g","contentUrl":"https:\/\/secure.gravatar.com\/avatar\/44643690ce7f74819c091da2e59b8ec9a85b7089dcc2ae83c46287616c83fff9?s=96&d=mm&r=g","caption":"Kreso"}}]}},"_links":{"self":[{"href":"https:\/\/zkkplamenpozega.hr\/index.php?rest_route=\/wp\/v2\/posts\/4951","targetHints":{"allow":["GET"]}}],"collection":[{"href":"https:\/\/zkkplamenpozega.hr\/index.php?rest_route=\/wp\/v2\/posts"}],"about":[{"href":"https:\/\/zkkplamenpozega.hr\/index.php?rest_route=\/wp\/v2\/types\/post"}],"author":[{"embeddable":true,"href":"https:\/\/zkkplamenpozega.hr\/index.php?rest_route=\/wp\/v2\/users\/5"}],"replies":[{"embeddable":true,"href":"https:\/\/zkkplamenpozega.hr\/index.php?rest_route=%2Fwp%2Fv2%2Fcomments&post=4951"}],"version-history":[{"count":2,"href":"https:\/\/zkkplamenpozega.hr\/index.php?rest_route=\/wp\/v2\/posts\/4951\/revisions"}],"predecessor-version":[{"id":4954,"href":"https:\/\/zkkplamenpozega.hr\/index.php?rest_route=\/wp\/v2\/posts\/4951\/revisions\/4954"}],"wp:featuredmedia":[{"embeddable":true,"href":"https:\/\/zkkplamenpozega.hr\/index.php?rest_route=\/wp\/v2\/media\/4952"}],"wp:attachment":[{"href":"https:\/\/zkkplamenpozega.hr\/index.php?rest_route=%2Fwp%2Fv2%2Fmedia&parent=4951"}],"wp:term":[{"taxonomy":"category","embeddable":true,"href":"https:\/\/zkkplamenpozega.hr\/index.php?rest_route=%2Fwp%2Fv2%2Fcategories&post=4951"},{"taxonomy":"post_tag","embeddable":true,"href":"https:\/\/zkkplamenpozega.hr\/index.php?rest_route=%2Fwp%2Fv2%2Ftags&post=4951"}],"curies":[{"name":"wp","href":"https:\/\/api.w.org\/{rel}","templated":true}]}}