{"id":4908,"date":"2025-11-28T13:04:15","date_gmt":"2025-11-28T13:04:15","guid":{"rendered":"https:\/\/zkkplamenpozega.hr\/?p=4908"},"modified":"2025-11-28T13:04:15","modified_gmt":"2025-11-28T13:04:15","slug":"pred-domacim-navijacima-po-novi-zamah-plamene-cekaju-fsv","status":"publish","type":"post","link":"https:\/\/zkkplamenpozega.hr\/?p=4908","title":{"rendered":"Pred doma\u0107im navija\u010dima po novi zamah \u2013 Plamene \u010dekaju FSV"},"content":{"rendered":"<p>U 8. kolu Premijer \u017eenske ko\u0161arka\u0161ke lige ko\u0161arka\u0161ice <strong>Plamen Po\u017eege<\/strong> vra\u0107aju se na doma\u0107i parket dvorane &#8220;Tomislav Pirc&#8221;, gdje \u0107e u subotu, 29. studenog, u 16:00 sati ugostiti rije\u010dki <strong>KK FSV<\/strong>.<\/p>\n<p>Rije\u010d je o ogledu susjeda na ljestvici &#8211; \u0161estoplasirane Po\u017eege i sedmoplasiranog FSV-a, \u0161to utakmici daje dodatnu te\u017einu. Go\u0161\u0107e sti\u017eu s mladom i borbenom ekipom, kojoj dozu iskustva daje trio <strong>Brajac<\/strong>, <strong>Ma\u0161i\u0107<\/strong> i<strong> Konjevi\u0107<\/strong>, koji ujedno predstavlja okosnicu njihove igre.<\/p>\n<p>Plamene unato\u010d ulozi favorita ulaze u dvoboj svjesne va\u017enosti pobjede. Nakon razdoblja rezultatskih posrtaja i samo jedne pobjede u posljednjih pet kola, \u017eelja je jasna &#8211; prekinuti negativan niz i pred svojom publikom pokazati pravo lice.<\/p>\n<p style=\"text-align: center;\">\u201c<strong><em>U zadnjim utakmicama nismo imali ishod kakav smo mo\u017eda pri\u017eeljkivali, ali okre\u0107emo se novom kolu i ekipi FSV-a. Svakako \u017eelimo ispraviti pogre\u0161ke iz prethodnih utakmica i prije svega bolje u\u0107i u susret od samog starta. O\u010dekuje nas zanimljiva utakmica te pri\u017eeljkujemo pozitivan ishod za nas.<\/em><\/strong>\u201d Izjavila je uo\u010di susreta Ana Petrak.<\/p>\n<p>Dvoboj nosi veliku priliku za povrat samopouzdanja i novi uzlet u prvenstvu.<\/p>\n<p>Pozivamo sve navija\u010de da ispune dvoranu &#8220;Tomislav Pirc&#8221;, podr\u017ee na\u0161e djevojke i budu njihov \u0161esti igra\u010d na putu do nove pobjede.<\/p>\n","protected":false},"excerpt":{"rendered":"<p>U 8. kolu Premijer \u017eenske ko\u0161arka\u0161ke lige ko\u0161arka\u0161ice Plamen Po\u017eege vra\u0107aju se na doma\u0107i parket dvorane &#8220;Tomislav Pirc&#8221;, gdje \u0107e u subotu, 29. studenog, u 16:00 sati ugostiti rije\u010dki KK FSV. Rije\u010d je o ogledu susjeda na ljestvici &#8211; \u0161estoplasirane Po\u017eege i sedmoplasiranog FSV-a, \u0161to utakmici daje dodatnu te\u017einu. Go\u0161\u0107e sti\u017eu s mladom i borbenom&#8230;<\/p>\n","protected":false},"author":5,"featured_media":4851,"comment_status":"closed","ping_status":"closed","sticky":false,"template":"","format":"standard","meta":{"_acf_changed":false,"footnotes":""},"categories":[120],"tags":[180,136],"class_list":["post-4908","post","type-post","status-publish","format-standard","has-post-thumbnail","hentry","category-novosti","tag-ana-petrak","tag-premijer-liga-z"],"acf":[],"yoast_head":"<!-- This site is optimized with the Yoast SEO plugin v27.4 - https:\/\/yoast.com\/product\/yoast-seo-wordpress\/ -->\n<title>Pred doma\u0107im navija\u010dima po novi zamah \u2013 Plamene \u010dekaju FSV - \u017dKK Plamen Po\u017eega<\/title>\n<meta name=\"robots\" content=\"index, follow, max-snippet:-1, max-image-preview:large, max-video-preview:-1\" \/>\n<link rel=\"canonical\" href=\"https:\/\/zkkplamenpozega.hr\/?p=4908\" \/>\n<meta property=\"og:locale\" content=\"hr_HR\" \/>\n<meta property=\"og:type\" content=\"article\" \/>\n<meta property=\"og:title\" content=\"Pred doma\u0107im navija\u010dima po novi zamah \u2013 Plamene \u010dekaju FSV - \u017dKK Plamen Po\u017eega\" \/>\n<meta property=\"og:description\" content=\"U 8. kolu Premijer \u017eenske ko\u0161arka\u0161ke lige ko\u0161arka\u0161ice Plamen Po\u017eege vra\u0107aju se na doma\u0107i parket dvorane &#8220;Tomislav Pirc&#8221;, gdje \u0107e u subotu, 29. studenog, u 16:00 sati ugostiti rije\u010dki KK FSV. Rije\u010d je o ogledu susjeda na ljestvici &#8211; \u0161estoplasirane Po\u017eege i sedmoplasiranog FSV-a, \u0161to utakmici daje dodatnu te\u017einu. Go\u0161\u0107e sti\u017eu s mladom i borbenom...\" \/>\n<meta property=\"og:url\" content=\"https:\/\/zkkplamenpozega.hr\/?p=4908\" \/>\n<meta property=\"og:site_name\" content=\"\u017dKK Plamen Po\u017eega\" \/>\n<meta property=\"article:publisher\" content=\"https:\/\/www.facebook.com\/zkkplamenpozega\/\" \/>\n<meta property=\"article:published_time\" content=\"2025-11-28T13:04:15+00:00\" \/>\n<meta property=\"og:image\" content=\"https:\/\/zkkplamenpozega.hr\/wp-content\/uploads\/2025\/10\/Untitled-design-57.png\" \/>\n\t<meta property=\"og:image:width\" content=\"1200\" \/>\n\t<meta property=\"og:image:height\" content=\"900\" \/>\n\t<meta property=\"og:image:type\" content=\"image\/png\" \/>\n<meta name=\"author\" content=\"Kreso\" \/>\n<meta name=\"twitter:card\" content=\"summary_large_image\" \/>\n<meta name=\"twitter:label1\" content=\"Napisao\/la\" \/>\n\t<meta name=\"twitter:data1\" content=\"Kreso\" \/>\n\t<meta name=\"twitter:label2\" content=\"Procijenjeno vrijeme \u010ditanja\" \/>\n\t<meta name=\"twitter:data2\" content=\"2 minute\" \/>\n<script type=\"application\/ld+json\" class=\"yoast-schema-graph\">{\"@context\":\"https:\\\/\\\/schema.org\",\"@graph\":[{\"@type\":\"Article\",\"@id\":\"https:\\\/\\\/zkkplamenpozega.hr\\\/?p=4908#article\",\"isPartOf\":{\"@id\":\"https:\\\/\\\/zkkplamenpozega.hr\\\/?p=4908\"},\"author\":{\"name\":\"Kreso\",\"@id\":\"https:\\\/\\\/zkkplamenpozega.hr\\\/#\\\/schema\\\/person\\\/3d6e04918ebd6d498047f8e06ca8e915\"},\"headline\":\"Pred doma\u0107im navija\u010dima po novi zamah \u2013 Plamene \u010dekaju FSV\",\"datePublished\":\"2025-11-28T13:04:15+00:00\",\"mainEntityOfPage\":{\"@id\":\"https:\\\/\\\/zkkplamenpozega.hr\\\/?p=4908\"},\"wordCount\":224,\"publisher\":{\"@id\":\"https:\\\/\\\/zkkplamenpozega.hr\\\/#organization\"},\"image\":{\"@id\":\"https:\\\/\\\/zkkplamenpozega.hr\\\/?p=4908#primaryimage\"},\"thumbnailUrl\":\"https:\\\/\\\/zkkplamenpozega.hr\\\/wp-content\\\/uploads\\\/2025\\\/10\\\/Untitled-design-57.png\",\"keywords\":[\"Ana Petrak\",\"Premijer liga (\u017e)\"],\"articleSection\":[\"Novosti\"],\"inLanguage\":\"hr\"},{\"@type\":\"WebPage\",\"@id\":\"https:\\\/\\\/zkkplamenpozega.hr\\\/?p=4908\",\"url\":\"https:\\\/\\\/zkkplamenpozega.hr\\\/?p=4908\",\"name\":\"Pred doma\u0107im navija\u010dima po novi zamah \u2013 Plamene \u010dekaju FSV - \u017dKK Plamen Po\u017eega\",\"isPartOf\":{\"@id\":\"https:\\\/\\\/zkkplamenpozega.hr\\\/#website\"},\"primaryImageOfPage\":{\"@id\":\"https:\\\/\\\/zkkplamenpozega.hr\\\/?p=4908#primaryimage\"},\"image\":{\"@id\":\"https:\\\/\\\/zkkplamenpozega.hr\\\/?p=4908#primaryimage\"},\"thumbnailUrl\":\"https:\\\/\\\/zkkplamenpozega.hr\\\/wp-content\\\/uploads\\\/2025\\\/10\\\/Untitled-design-57.png\",\"datePublished\":\"2025-11-28T13:04:15+00:00\",\"breadcrumb\":{\"@id\":\"https:\\\/\\\/zkkplamenpozega.hr\\\/?p=4908#breadcrumb\"},\"inLanguage\":\"hr\",\"potentialAction\":[{\"@type\":\"ReadAction\",\"target\":[\"https:\\\/\\\/zkkplamenpozega.hr\\\/?p=4908\"]}]},{\"@type\":\"ImageObject\",\"inLanguage\":\"hr\",\"@id\":\"https:\\\/\\\/zkkplamenpozega.hr\\\/?p=4908#primaryimage\",\"url\":\"https:\\\/\\\/zkkplamenpozega.hr\\\/wp-content\\\/uploads\\\/2025\\\/10\\\/Untitled-design-57.png\",\"contentUrl\":\"https:\\\/\\\/zkkplamenpozega.hr\\\/wp-content\\\/uploads\\\/2025\\\/10\\\/Untitled-design-57.png\",\"width\":1200,\"height\":900},{\"@type\":\"BreadcrumbList\",\"@id\":\"https:\\\/\\\/zkkplamenpozega.hr\\\/?p=4908#breadcrumb\",\"itemListElement\":[{\"@type\":\"ListItem\",\"position\":1,\"name\":\"Po\u010detna stranica\",\"item\":\"https:\\\/\\\/zkkplamenpozega.hr\\\/\"},{\"@type\":\"ListItem\",\"position\":2,\"name\":\"Pred doma\u0107im navija\u010dima po novi zamah \u2013 Plamene \u010dekaju FSV\"}]},{\"@type\":\"WebSite\",\"@id\":\"https:\\\/\\\/zkkplamenpozega.hr\\\/#website\",\"url\":\"https:\\\/\\\/zkkplamenpozega.hr\\\/\",\"name\":\"\u017dKK Plamen Po\u017eega\",\"description\":\"Plamene su najbolje\",\"publisher\":{\"@id\":\"https:\\\/\\\/zkkplamenpozega.hr\\\/#organization\"},\"potentialAction\":[{\"@type\":\"SearchAction\",\"target\":{\"@type\":\"EntryPoint\",\"urlTemplate\":\"https:\\\/\\\/zkkplamenpozega.hr\\\/?s={search_term_string}\"},\"query-input\":{\"@type\":\"PropertyValueSpecification\",\"valueRequired\":true,\"valueName\":\"search_term_string\"}}],\"inLanguage\":\"hr\"},{\"@type\":\"Organization\",\"@id\":\"https:\\\/\\\/zkkplamenpozega.hr\\\/#organization\",\"name\":\"\u017denski ko\u0161arka\u0161ki klub Plamen Po\u017eega\",\"url\":\"https:\\\/\\\/zkkplamenpozega.hr\\\/\",\"logo\":{\"@type\":\"ImageObject\",\"inLanguage\":\"hr\",\"@id\":\"https:\\\/\\\/zkkplamenpozega.hr\\\/#\\\/schema\\\/logo\\\/image\\\/\",\"url\":\"https:\\\/\\\/zkkplamenpozega.hr\\\/wp-content\\\/uploads\\\/2020\\\/10\\\/logo-zkkpozega-e1602941511846.png\",\"contentUrl\":\"https:\\\/\\\/zkkplamenpozega.hr\\\/wp-content\\\/uploads\\\/2020\\\/10\\\/logo-zkkpozega-e1602941511846.png\",\"width\":400,\"height\":236,\"caption\":\"\u017denski ko\u0161arka\u0161ki klub Plamen Po\u017eega\"},\"image\":{\"@id\":\"https:\\\/\\\/zkkplamenpozega.hr\\\/#\\\/schema\\\/logo\\\/image\\\/\"},\"sameAs\":[\"https:\\\/\\\/www.facebook.com\\\/zkkplamenpozega\\\/\",\"https:\\\/\\\/www.instagram.com\\\/zkkplamenpozega\\\/?hl=hr\"]},{\"@type\":\"Person\",\"@id\":\"https:\\\/\\\/zkkplamenpozega.hr\\\/#\\\/schema\\\/person\\\/3d6e04918ebd6d498047f8e06ca8e915\",\"name\":\"Kreso\",\"image\":{\"@type\":\"ImageObject\",\"inLanguage\":\"hr\",\"@id\":\"https:\\\/\\\/secure.gravatar.com\\\/avatar\\\/44643690ce7f74819c091da2e59b8ec9a85b7089dcc2ae83c46287616c83fff9?s=96&d=mm&r=g\",\"url\":\"https:\\\/\\\/secure.gravatar.com\\\/avatar\\\/44643690ce7f74819c091da2e59b8ec9a85b7089dcc2ae83c46287616c83fff9?s=96&d=mm&r=g\",\"contentUrl\":\"https:\\\/\\\/secure.gravatar.com\\\/avatar\\\/44643690ce7f74819c091da2e59b8ec9a85b7089dcc2ae83c46287616c83fff9?s=96&d=mm&r=g\",\"caption\":\"Kreso\"}}]}<\/script>\n<!-- \/ Yoast SEO plugin. -->","yoast_head_json":{"title":"Pred doma\u0107im navija\u010dima po novi zamah \u2013 Plamene \u010dekaju FSV - \u017dKK Plamen Po\u017eega","robots":{"index":"index","follow":"follow","max-snippet":"max-snippet:-1","max-image-preview":"max-image-preview:large","max-video-preview":"max-video-preview:-1"},"canonical":"https:\/\/zkkplamenpozega.hr\/?p=4908","og_locale":"hr_HR","og_type":"article","og_title":"Pred doma\u0107im navija\u010dima po novi zamah \u2013 Plamene \u010dekaju FSV - \u017dKK Plamen Po\u017eega","og_description":"U 8. kolu Premijer \u017eenske ko\u0161arka\u0161ke lige ko\u0161arka\u0161ice Plamen Po\u017eege vra\u0107aju se na doma\u0107i parket dvorane &#8220;Tomislav Pirc&#8221;, gdje \u0107e u subotu, 29. studenog, u 16:00 sati ugostiti rije\u010dki KK FSV. Rije\u010d je o ogledu susjeda na ljestvici &#8211; \u0161estoplasirane Po\u017eege i sedmoplasiranog FSV-a, \u0161to utakmici daje dodatnu te\u017einu. Go\u0161\u0107e sti\u017eu s mladom i borbenom...","og_url":"https:\/\/zkkplamenpozega.hr\/?p=4908","og_site_name":"\u017dKK Plamen Po\u017eega","article_publisher":"https:\/\/www.facebook.com\/zkkplamenpozega\/","article_published_time":"2025-11-28T13:04:15+00:00","og_image":[{"width":1200,"height":900,"url":"https:\/\/zkkplamenpozega.hr\/wp-content\/uploads\/2025\/10\/Untitled-design-57.png","type":"image\/png"}],"author":"Kreso","twitter_card":"summary_large_image","twitter_misc":{"Napisao\/la":"Kreso","Procijenjeno vrijeme \u010ditanja":"2 minute"},"schema":{"@context":"https:\/\/schema.org","@graph":[{"@type":"Article","@id":"https:\/\/zkkplamenpozega.hr\/?p=4908#article","isPartOf":{"@id":"https:\/\/zkkplamenpozega.hr\/?p=4908"},"author":{"name":"Kreso","@id":"https:\/\/zkkplamenpozega.hr\/#\/schema\/person\/3d6e04918ebd6d498047f8e06ca8e915"},"headline":"Pred doma\u0107im navija\u010dima po novi zamah \u2013 Plamene \u010dekaju FSV","datePublished":"2025-11-28T13:04:15+00:00","mainEntityOfPage":{"@id":"https:\/\/zkkplamenpozega.hr\/?p=4908"},"wordCount":224,"publisher":{"@id":"https:\/\/zkkplamenpozega.hr\/#organization"},"image":{"@id":"https:\/\/zkkplamenpozega.hr\/?p=4908#primaryimage"},"thumbnailUrl":"https:\/\/zkkplamenpozega.hr\/wp-content\/uploads\/2025\/10\/Untitled-design-57.png","keywords":["Ana Petrak","Premijer liga (\u017e)"],"articleSection":["Novosti"],"inLanguage":"hr"},{"@type":"WebPage","@id":"https:\/\/zkkplamenpozega.hr\/?p=4908","url":"https:\/\/zkkplamenpozega.hr\/?p=4908","name":"Pred doma\u0107im navija\u010dima po novi zamah \u2013 Plamene \u010dekaju FSV - \u017dKK Plamen Po\u017eega","isPartOf":{"@id":"https:\/\/zkkplamenpozega.hr\/#website"},"primaryImageOfPage":{"@id":"https:\/\/zkkplamenpozega.hr\/?p=4908#primaryimage"},"image":{"@id":"https:\/\/zkkplamenpozega.hr\/?p=4908#primaryimage"},"thumbnailUrl":"https:\/\/zkkplamenpozega.hr\/wp-content\/uploads\/2025\/10\/Untitled-design-57.png","datePublished":"2025-11-28T13:04:15+00:00","breadcrumb":{"@id":"https:\/\/zkkplamenpozega.hr\/?p=4908#breadcrumb"},"inLanguage":"hr","potentialAction":[{"@type":"ReadAction","target":["https:\/\/zkkplamenpozega.hr\/?p=4908"]}]},{"@type":"ImageObject","inLanguage":"hr","@id":"https:\/\/zkkplamenpozega.hr\/?p=4908#primaryimage","url":"https:\/\/zkkplamenpozega.hr\/wp-content\/uploads\/2025\/10\/Untitled-design-57.png","contentUrl":"https:\/\/zkkplamenpozega.hr\/wp-content\/uploads\/2025\/10\/Untitled-design-57.png","width":1200,"height":900},{"@type":"BreadcrumbList","@id":"https:\/\/zkkplamenpozega.hr\/?p=4908#breadcrumb","itemListElement":[{"@type":"ListItem","position":1,"name":"Po\u010detna stranica","item":"https:\/\/zkkplamenpozega.hr\/"},{"@type":"ListItem","position":2,"name":"Pred doma\u0107im navija\u010dima po novi zamah \u2013 Plamene \u010dekaju FSV"}]},{"@type":"WebSite","@id":"https:\/\/zkkplamenpozega.hr\/#website","url":"https:\/\/zkkplamenpozega.hr\/","name":"\u017dKK Plamen Po\u017eega","description":"Plamene su najbolje","publisher":{"@id":"https:\/\/zkkplamenpozega.hr\/#organization"},"potentialAction":[{"@type":"SearchAction","target":{"@type":"EntryPoint","urlTemplate":"https:\/\/zkkplamenpozega.hr\/?s={search_term_string}"},"query-input":{"@type":"PropertyValueSpecification","valueRequired":true,"valueName":"search_term_string"}}],"inLanguage":"hr"},{"@type":"Organization","@id":"https:\/\/zkkplamenpozega.hr\/#organization","name":"\u017denski ko\u0161arka\u0161ki klub Plamen Po\u017eega","url":"https:\/\/zkkplamenpozega.hr\/","logo":{"@type":"ImageObject","inLanguage":"hr","@id":"https:\/\/zkkplamenpozega.hr\/#\/schema\/logo\/image\/","url":"https:\/\/zkkplamenpozega.hr\/wp-content\/uploads\/2020\/10\/logo-zkkpozega-e1602941511846.png","contentUrl":"https:\/\/zkkplamenpozega.hr\/wp-content\/uploads\/2020\/10\/logo-zkkpozega-e1602941511846.png","width":400,"height":236,"caption":"\u017denski ko\u0161arka\u0161ki klub Plamen Po\u017eega"},"image":{"@id":"https:\/\/zkkplamenpozega.hr\/#\/schema\/logo\/image\/"},"sameAs":["https:\/\/www.facebook.com\/zkkplamenpozega\/","https:\/\/www.instagram.com\/zkkplamenpozega\/?hl=hr"]},{"@type":"Person","@id":"https:\/\/zkkplamenpozega.hr\/#\/schema\/person\/3d6e04918ebd6d498047f8e06ca8e915","name":"Kreso","image":{"@type":"ImageObject","inLanguage":"hr","@id":"https:\/\/secure.gravatar.com\/avatar\/44643690ce7f74819c091da2e59b8ec9a85b7089dcc2ae83c46287616c83fff9?s=96&d=mm&r=g","url":"https:\/\/secure.gravatar.com\/avatar\/44643690ce7f74819c091da2e59b8ec9a85b7089dcc2ae83c46287616c83fff9?s=96&d=mm&r=g","contentUrl":"https:\/\/secure.gravatar.com\/avatar\/44643690ce7f74819c091da2e59b8ec9a85b7089dcc2ae83c46287616c83fff9?s=96&d=mm&r=g","caption":"Kreso"}}]}},"_links":{"self":[{"href":"https:\/\/zkkplamenpozega.hr\/index.php?rest_route=\/wp\/v2\/posts\/4908","targetHints":{"allow":["GET"]}}],"collection":[{"href":"https:\/\/zkkplamenpozega.hr\/index.php?rest_route=\/wp\/v2\/posts"}],"about":[{"href":"https:\/\/zkkplamenpozega.hr\/index.php?rest_route=\/wp\/v2\/types\/post"}],"author":[{"embeddable":true,"href":"https:\/\/zkkplamenpozega.hr\/index.php?rest_route=\/wp\/v2\/users\/5"}],"replies":[{"embeddable":true,"href":"https:\/\/zkkplamenpozega.hr\/index.php?rest_route=%2Fwp%2Fv2%2Fcomments&post=4908"}],"version-history":[{"count":6,"href":"https:\/\/zkkplamenpozega.hr\/index.php?rest_route=\/wp\/v2\/posts\/4908\/revisions"}],"predecessor-version":[{"id":4914,"href":"https:\/\/zkkplamenpozega.hr\/index.php?rest_route=\/wp\/v2\/posts\/4908\/revisions\/4914"}],"wp:featuredmedia":[{"embeddable":true,"href":"https:\/\/zkkplamenpozega.hr\/index.php?rest_route=\/wp\/v2\/media\/4851"}],"wp:attachment":[{"href":"https:\/\/zkkplamenpozega.hr\/index.php?rest_route=%2Fwp%2Fv2%2Fmedia&parent=4908"}],"wp:term":[{"taxonomy":"category","embeddable":true,"href":"https:\/\/zkkplamenpozega.hr\/index.php?rest_route=%2Fwp%2Fv2%2Fcategories&post=4908"},{"taxonomy":"post_tag","embeddable":true,"href":"https:\/\/zkkplamenpozega.hr\/index.php?rest_route=%2Fwp%2Fv2%2Ftags&post=4908"}],"curies":[{"name":"wp","href":"https:\/\/api.w.org\/{rel}","templated":true}]}}