{"id":4862,"date":"2025-10-09T16:15:54","date_gmt":"2025-10-09T16:15:54","guid":{"rendered":"https:\/\/zkkplamenpozega.hr\/?p=4862"},"modified":"2025-10-09T16:15:54","modified_gmt":"2025-10-09T16:15:54","slug":"drugo-kolo-premijer-lige-plamen-pozega-u-subotu-docekuje-zadar","status":"publish","type":"post","link":"https:\/\/zkkplamenpozega.hr\/?p=4862","title":{"rendered":"Drugo kolo Premijer lige: Plamen Po\u017eega u subotu do\u010dekuje Zadar"},"content":{"rendered":"<div dir=\"ltr\">\n<p>Nakon uspje\u0161nog otvaranja nove sezone pred doma\u0107om publikom, ko\u0161arka\u0161ice <strong>Plamen Po\u017eege<\/strong> ponovno \u0107e istr\u010dati na parket Sportske dvorane &#8220;Tomislav Pirc&#8221;, gdje \u0107e u sklopu 2. kola Premijer \u017eenske ko\u0161arka\u0161ke lige Hrvatske ugostiti ekipu<strong> \u017dKK Zadar<\/strong>. Utakmica se igra u subotu, 11. listopada, s po\u010detkom u 16:00 sati.<\/p>\n<p>Plamene su sezonu otvorile doma\u0107om pobjedom nad ekipom <strong>\u017dKK Zadar Plus<\/strong> rezultatom 83:54, \u010dime su na impresivan na\u010din zapo\u010dele novo prvenstvo i pokazale dobru formu na startu. S druge strane, Zadranke su u prvom kolu do\u017eivjele poraz na svom parketu od ekipe <strong>Brod na Savi<\/strong> (64:105), pa u Po\u017eegu sti\u017eu s jasnim motivom da poprave dojam i upi\u0161u prve bodove.<\/p>\n<p>Pro\u0161losezonski liga\u0161ki dvoboji ovih ekipa bili su vrlo zanimljivi \u2013 svaka ekipa ostvarila je po jednu pobjedu. U Zadru su slavile ko\u0161arka\u0161ice Zadra rezultatom 67:59, dok su Plamene uzvratile na svom parketu s pobjedom 71:62. No, ove su sezone obje ekipe do\u017eivjele brojne promjene u sastavu, \u0161to dodatno unosi dozu neizvjesnosti u nadolaze\u0107i susret.<\/p>\n<p>Zadar je tako\u0111er tijekom ljeta zna\u010dajno rekonstruirao roster. Posebno se isti\u010de odlazak iskusnih igra\u010dica <strong>Josipe Zovko<\/strong>, <strong>Emilije Podrug<\/strong> i <strong>Tee Turi\u0107<\/strong>, dok su u redove Zadranki stigla nova imena, me\u0111u kojima se posebno izdvajaju <strong>Martina Kujund\u017ei\u0107<\/strong> i <strong>Ksenija Kuzmanovi\u0107<\/strong>. Kujund\u017ei\u0107, koja \u0107e ovoga puta igrati protiv svog biv\u0161eg kluba, isti\u010de:<\/p>\n<p>\u201e<strong>Gostovanje kod Plamena ne\u0107e biti nimalo lako. Iako sam donedavno i sama bila dio ekipe Plamen Po\u017eege, od tada se sastav znatno promijenio i sada nas o\u010dekuje potpuno druga\u010diji tim. Svjesne smo svojih prednosti i dolazimo spremne odigrati dobru, borbenu utakmicu. Ovo \u0107e biti prilika da poka\u017eemo svoju \u010dvrstinu i timsku igru, a vjerujem da \u0107e gledatelji u\u017eivati u kvalitetnoj ko\u0161arci. Motivacija i \u017eelja za pobjedom su na najvi\u0161oj razini. Na\u0161 je cilj dati maksimum na terenu i poku\u0161ati se ku\u0107i vratiti s pozitivnim rezultatom.<\/strong>\u201c<\/p>\n<p>U redovima Plamenih vlada dobra atmosfera nakon uvodne pobjede, a dodatna dobra vijest za doma\u0107i sastav je povratak Lee Mileti\u0107 u ekipu, \u0161to \u0107e treneru <strong>Vladimiru Englmanu<\/strong> donijeti vi\u0161e mogu\u0107nosti u rotaciji i dodatnu \u0161irinu u igri. <strong>Lea Mileti\u0107<\/strong> u najavi subotnjeg dvoboja istaknula je:<\/p>\n<p>\u201e<strong>O\u010dekujem dinami\u010dnu i borbenu utakmicu, i vjerujem da \u0107e moje suigra\u010dice jo\u0161 jednom pokazati kvalitetu, borbeni duh i zajedni\u0161tvo na terenu. Pozivam, dakle, sve ljubitelje ko\u0161arke da do\u0111u i pru\u017ee podr\u0161ku na\u0161oj ekipi \u2013 va\u0161a podr\u0161ka nam stvarno daje dodatnu snagu i energiju, pogotovo kad je najnapetije. Vidimo se i hvala unaprijed svima koji do\u0111u!\u201c<\/strong><\/p>\n<p>Pred nama je dvoboj dviju ekipa koje, s obzirom na velik broj promjena, u ovom ranom dijelu sezone jo\u0161 tra\u017ee pravi ritam i uigranost, ali s puno \u017eelje i motivacije da poka\u017eu napredak. Gledatelji u dvorani &#8216;Tomislav Pirc&#8217; stoga mogu o\u010dekivati borbenu, neizvjesnu i atraktivnu utakmicu.<\/p>\n<p>Pozivamo sve navija\u010de, simpatizere i ljubitelje ko\u0161arke da u subotu do\u0111u u dvoranu i podr\u017ee Plamene. Va\u0161a podr\u0161ka s tribina uvijek daje dodatnu snagu na\u0161im igra\u010dicama \u2013 budimo zajedno i ovoga vikenda te im pomozimo da do\u0111u do nove pobjede.<\/p>\n<p>Za sve koji ne mogu do\u0107i u dvoranu, susret \u0107e biti mogu\u0107e pratiti putem platforme <a href=\"https:\/\/www.youtube.com\/watch?v=_wSbOtlLprE\"><strong>HKS TV<\/strong><\/a>.<\/p>\n<\/div>\n","protected":false},"excerpt":{"rendered":"<p>Nakon uspje\u0161nog otvaranja nove sezone pred doma\u0107om publikom, ko\u0161arka\u0161ice Plamen Po\u017eege ponovno \u0107e istr\u010dati na parket Sportske dvorane &#8220;Tomislav Pirc&#8221;, gdje \u0107e u sklopu 2. kola Premijer \u017eenske ko\u0161arka\u0161ke lige Hrvatske ugostiti ekipu \u017dKK Zadar. Utakmica se igra u subotu, 11. listopada, s po\u010detkom u 16:00 sati. Plamene su sezonu otvorile doma\u0107om pobjedom nad ekipom&#8230;<\/p>\n","protected":false},"author":5,"featured_media":4866,"comment_status":"closed","ping_status":"closed","sticky":false,"template":"","format":"standard","meta":{"_acf_changed":false,"footnotes":""},"categories":[174],"tags":[136],"class_list":["post-4862","post","type-post","status-publish","format-standard","has-post-thumbnail","hentry","category-premijer-zenska-liga","tag-premijer-liga-z"],"acf":[],"yoast_head":"<!-- This site is optimized with the Yoast SEO plugin v27.4 - https:\/\/yoast.com\/product\/yoast-seo-wordpress\/ -->\n<title>Drugo kolo Premijer lige: Plamen Po\u017eega u subotu do\u010dekuje Zadar - \u017dKK Plamen Po\u017eega<\/title>\n<meta name=\"robots\" content=\"index, follow, max-snippet:-1, max-image-preview:large, max-video-preview:-1\" \/>\n<link rel=\"canonical\" href=\"https:\/\/zkkplamenpozega.hr\/?p=4862\" \/>\n<meta property=\"og:locale\" content=\"hr_HR\" \/>\n<meta property=\"og:type\" content=\"article\" \/>\n<meta property=\"og:title\" content=\"Drugo kolo Premijer lige: Plamen Po\u017eega u subotu do\u010dekuje Zadar - \u017dKK Plamen Po\u017eega\" \/>\n<meta property=\"og:description\" content=\"Nakon uspje\u0161nog otvaranja nove sezone pred doma\u0107om publikom, ko\u0161arka\u0161ice Plamen Po\u017eege ponovno \u0107e istr\u010dati na parket Sportske dvorane &#8220;Tomislav Pirc&#8221;, gdje \u0107e u sklopu 2. kola Premijer \u017eenske ko\u0161arka\u0161ke lige Hrvatske ugostiti ekipu \u017dKK Zadar. Utakmica se igra u subotu, 11. listopada, s po\u010detkom u 16:00 sati. Plamene su sezonu otvorile doma\u0107om pobjedom nad ekipom...\" \/>\n<meta property=\"og:url\" content=\"https:\/\/zkkplamenpozega.hr\/?p=4862\" \/>\n<meta property=\"og:site_name\" content=\"\u017dKK Plamen Po\u017eega\" \/>\n<meta property=\"article:publisher\" content=\"https:\/\/www.facebook.com\/zkkplamenpozega\/\" \/>\n<meta property=\"article:published_time\" content=\"2025-10-09T16:15:54+00:00\" \/>\n<meta property=\"og:image\" content=\"https:\/\/zkkplamenpozega.hr\/wp-content\/uploads\/2025\/10\/Untitled-design-2.png\" \/>\n\t<meta property=\"og:image:width\" content=\"800\" \/>\n\t<meta property=\"og:image:height\" content=\"500\" \/>\n\t<meta property=\"og:image:type\" content=\"image\/png\" \/>\n<meta name=\"author\" content=\"Kreso\" \/>\n<meta name=\"twitter:card\" content=\"summary_large_image\" \/>\n<meta name=\"twitter:label1\" content=\"Napisao\/la\" \/>\n\t<meta name=\"twitter:data1\" content=\"Kreso\" \/>\n\t<meta name=\"twitter:label2\" content=\"Procijenjeno vrijeme \u010ditanja\" \/>\n\t<meta name=\"twitter:data2\" content=\"3 minute\" \/>\n<script type=\"application\/ld+json\" class=\"yoast-schema-graph\">{\"@context\":\"https:\\\/\\\/schema.org\",\"@graph\":[{\"@type\":\"Article\",\"@id\":\"https:\\\/\\\/zkkplamenpozega.hr\\\/?p=4862#article\",\"isPartOf\":{\"@id\":\"https:\\\/\\\/zkkplamenpozega.hr\\\/?p=4862\"},\"author\":{\"name\":\"Kreso\",\"@id\":\"https:\\\/\\\/zkkplamenpozega.hr\\\/#\\\/schema\\\/person\\\/3d6e04918ebd6d498047f8e06ca8e915\"},\"headline\":\"Drugo kolo Premijer lige: Plamen Po\u017eega u subotu do\u010dekuje Zadar\",\"datePublished\":\"2025-10-09T16:15:54+00:00\",\"mainEntityOfPage\":{\"@id\":\"https:\\\/\\\/zkkplamenpozega.hr\\\/?p=4862\"},\"wordCount\":571,\"publisher\":{\"@id\":\"https:\\\/\\\/zkkplamenpozega.hr\\\/#organization\"},\"image\":{\"@id\":\"https:\\\/\\\/zkkplamenpozega.hr\\\/?p=4862#primaryimage\"},\"thumbnailUrl\":\"https:\\\/\\\/zkkplamenpozega.hr\\\/wp-content\\\/uploads\\\/2025\\\/10\\\/Untitled-design-2.png\",\"keywords\":[\"Premijer liga (\u017e)\"],\"articleSection\":[\"Premijer \u017denska Liga\"],\"inLanguage\":\"hr\"},{\"@type\":\"WebPage\",\"@id\":\"https:\\\/\\\/zkkplamenpozega.hr\\\/?p=4862\",\"url\":\"https:\\\/\\\/zkkplamenpozega.hr\\\/?p=4862\",\"name\":\"Drugo kolo Premijer lige: Plamen Po\u017eega u subotu do\u010dekuje Zadar - \u017dKK Plamen Po\u017eega\",\"isPartOf\":{\"@id\":\"https:\\\/\\\/zkkplamenpozega.hr\\\/#website\"},\"primaryImageOfPage\":{\"@id\":\"https:\\\/\\\/zkkplamenpozega.hr\\\/?p=4862#primaryimage\"},\"image\":{\"@id\":\"https:\\\/\\\/zkkplamenpozega.hr\\\/?p=4862#primaryimage\"},\"thumbnailUrl\":\"https:\\\/\\\/zkkplamenpozega.hr\\\/wp-content\\\/uploads\\\/2025\\\/10\\\/Untitled-design-2.png\",\"datePublished\":\"2025-10-09T16:15:54+00:00\",\"breadcrumb\":{\"@id\":\"https:\\\/\\\/zkkplamenpozega.hr\\\/?p=4862#breadcrumb\"},\"inLanguage\":\"hr\",\"potentialAction\":[{\"@type\":\"ReadAction\",\"target\":[\"https:\\\/\\\/zkkplamenpozega.hr\\\/?p=4862\"]}]},{\"@type\":\"ImageObject\",\"inLanguage\":\"hr\",\"@id\":\"https:\\\/\\\/zkkplamenpozega.hr\\\/?p=4862#primaryimage\",\"url\":\"https:\\\/\\\/zkkplamenpozega.hr\\\/wp-content\\\/uploads\\\/2025\\\/10\\\/Untitled-design-2.png\",\"contentUrl\":\"https:\\\/\\\/zkkplamenpozega.hr\\\/wp-content\\\/uploads\\\/2025\\\/10\\\/Untitled-design-2.png\",\"width\":800,\"height\":500},{\"@type\":\"BreadcrumbList\",\"@id\":\"https:\\\/\\\/zkkplamenpozega.hr\\\/?p=4862#breadcrumb\",\"itemListElement\":[{\"@type\":\"ListItem\",\"position\":1,\"name\":\"Po\u010detna stranica\",\"item\":\"https:\\\/\\\/zkkplamenpozega.hr\\\/\"},{\"@type\":\"ListItem\",\"position\":2,\"name\":\"Drugo kolo Premijer lige: Plamen Po\u017eega u subotu do\u010dekuje Zadar\"}]},{\"@type\":\"WebSite\",\"@id\":\"https:\\\/\\\/zkkplamenpozega.hr\\\/#website\",\"url\":\"https:\\\/\\\/zkkplamenpozega.hr\\\/\",\"name\":\"\u017dKK Plamen Po\u017eega\",\"description\":\"Plamene su najbolje\",\"publisher\":{\"@id\":\"https:\\\/\\\/zkkplamenpozega.hr\\\/#organization\"},\"potentialAction\":[{\"@type\":\"SearchAction\",\"target\":{\"@type\":\"EntryPoint\",\"urlTemplate\":\"https:\\\/\\\/zkkplamenpozega.hr\\\/?s={search_term_string}\"},\"query-input\":{\"@type\":\"PropertyValueSpecification\",\"valueRequired\":true,\"valueName\":\"search_term_string\"}}],\"inLanguage\":\"hr\"},{\"@type\":\"Organization\",\"@id\":\"https:\\\/\\\/zkkplamenpozega.hr\\\/#organization\",\"name\":\"\u017denski ko\u0161arka\u0161ki klub Plamen Po\u017eega\",\"url\":\"https:\\\/\\\/zkkplamenpozega.hr\\\/\",\"logo\":{\"@type\":\"ImageObject\",\"inLanguage\":\"hr\",\"@id\":\"https:\\\/\\\/zkkplamenpozega.hr\\\/#\\\/schema\\\/logo\\\/image\\\/\",\"url\":\"https:\\\/\\\/zkkplamenpozega.hr\\\/wp-content\\\/uploads\\\/2020\\\/10\\\/logo-zkkpozega-e1602941511846.png\",\"contentUrl\":\"https:\\\/\\\/zkkplamenpozega.hr\\\/wp-content\\\/uploads\\\/2020\\\/10\\\/logo-zkkpozega-e1602941511846.png\",\"width\":400,\"height\":236,\"caption\":\"\u017denski ko\u0161arka\u0161ki klub Plamen Po\u017eega\"},\"image\":{\"@id\":\"https:\\\/\\\/zkkplamenpozega.hr\\\/#\\\/schema\\\/logo\\\/image\\\/\"},\"sameAs\":[\"https:\\\/\\\/www.facebook.com\\\/zkkplamenpozega\\\/\",\"https:\\\/\\\/www.instagram.com\\\/zkkplamenpozega\\\/?hl=hr\"]},{\"@type\":\"Person\",\"@id\":\"https:\\\/\\\/zkkplamenpozega.hr\\\/#\\\/schema\\\/person\\\/3d6e04918ebd6d498047f8e06ca8e915\",\"name\":\"Kreso\",\"image\":{\"@type\":\"ImageObject\",\"inLanguage\":\"hr\",\"@id\":\"https:\\\/\\\/secure.gravatar.com\\\/avatar\\\/44643690ce7f74819c091da2e59b8ec9a85b7089dcc2ae83c46287616c83fff9?s=96&d=mm&r=g\",\"url\":\"https:\\\/\\\/secure.gravatar.com\\\/avatar\\\/44643690ce7f74819c091da2e59b8ec9a85b7089dcc2ae83c46287616c83fff9?s=96&d=mm&r=g\",\"contentUrl\":\"https:\\\/\\\/secure.gravatar.com\\\/avatar\\\/44643690ce7f74819c091da2e59b8ec9a85b7089dcc2ae83c46287616c83fff9?s=96&d=mm&r=g\",\"caption\":\"Kreso\"}}]}<\/script>\n<!-- \/ Yoast SEO plugin. -->","yoast_head_json":{"title":"Drugo kolo Premijer lige: Plamen Po\u017eega u subotu do\u010dekuje Zadar - \u017dKK Plamen Po\u017eega","robots":{"index":"index","follow":"follow","max-snippet":"max-snippet:-1","max-image-preview":"max-image-preview:large","max-video-preview":"max-video-preview:-1"},"canonical":"https:\/\/zkkplamenpozega.hr\/?p=4862","og_locale":"hr_HR","og_type":"article","og_title":"Drugo kolo Premijer lige: Plamen Po\u017eega u subotu do\u010dekuje Zadar - \u017dKK Plamen Po\u017eega","og_description":"Nakon uspje\u0161nog otvaranja nove sezone pred doma\u0107om publikom, ko\u0161arka\u0161ice Plamen Po\u017eege ponovno \u0107e istr\u010dati na parket Sportske dvorane &#8220;Tomislav Pirc&#8221;, gdje \u0107e u sklopu 2. kola Premijer \u017eenske ko\u0161arka\u0161ke lige Hrvatske ugostiti ekipu \u017dKK Zadar. Utakmica se igra u subotu, 11. listopada, s po\u010detkom u 16:00 sati. Plamene su sezonu otvorile doma\u0107om pobjedom nad ekipom...","og_url":"https:\/\/zkkplamenpozega.hr\/?p=4862","og_site_name":"\u017dKK Plamen Po\u017eega","article_publisher":"https:\/\/www.facebook.com\/zkkplamenpozega\/","article_published_time":"2025-10-09T16:15:54+00:00","og_image":[{"width":800,"height":500,"url":"https:\/\/zkkplamenpozega.hr\/wp-content\/uploads\/2025\/10\/Untitled-design-2.png","type":"image\/png"}],"author":"Kreso","twitter_card":"summary_large_image","twitter_misc":{"Napisao\/la":"Kreso","Procijenjeno vrijeme \u010ditanja":"3 minute"},"schema":{"@context":"https:\/\/schema.org","@graph":[{"@type":"Article","@id":"https:\/\/zkkplamenpozega.hr\/?p=4862#article","isPartOf":{"@id":"https:\/\/zkkplamenpozega.hr\/?p=4862"},"author":{"name":"Kreso","@id":"https:\/\/zkkplamenpozega.hr\/#\/schema\/person\/3d6e04918ebd6d498047f8e06ca8e915"},"headline":"Drugo kolo Premijer lige: Plamen Po\u017eega u subotu do\u010dekuje Zadar","datePublished":"2025-10-09T16:15:54+00:00","mainEntityOfPage":{"@id":"https:\/\/zkkplamenpozega.hr\/?p=4862"},"wordCount":571,"publisher":{"@id":"https:\/\/zkkplamenpozega.hr\/#organization"},"image":{"@id":"https:\/\/zkkplamenpozega.hr\/?p=4862#primaryimage"},"thumbnailUrl":"https:\/\/zkkplamenpozega.hr\/wp-content\/uploads\/2025\/10\/Untitled-design-2.png","keywords":["Premijer liga (\u017e)"],"articleSection":["Premijer \u017denska Liga"],"inLanguage":"hr"},{"@type":"WebPage","@id":"https:\/\/zkkplamenpozega.hr\/?p=4862","url":"https:\/\/zkkplamenpozega.hr\/?p=4862","name":"Drugo kolo Premijer lige: Plamen Po\u017eega u subotu do\u010dekuje Zadar - \u017dKK Plamen Po\u017eega","isPartOf":{"@id":"https:\/\/zkkplamenpozega.hr\/#website"},"primaryImageOfPage":{"@id":"https:\/\/zkkplamenpozega.hr\/?p=4862#primaryimage"},"image":{"@id":"https:\/\/zkkplamenpozega.hr\/?p=4862#primaryimage"},"thumbnailUrl":"https:\/\/zkkplamenpozega.hr\/wp-content\/uploads\/2025\/10\/Untitled-design-2.png","datePublished":"2025-10-09T16:15:54+00:00","breadcrumb":{"@id":"https:\/\/zkkplamenpozega.hr\/?p=4862#breadcrumb"},"inLanguage":"hr","potentialAction":[{"@type":"ReadAction","target":["https:\/\/zkkplamenpozega.hr\/?p=4862"]}]},{"@type":"ImageObject","inLanguage":"hr","@id":"https:\/\/zkkplamenpozega.hr\/?p=4862#primaryimage","url":"https:\/\/zkkplamenpozega.hr\/wp-content\/uploads\/2025\/10\/Untitled-design-2.png","contentUrl":"https:\/\/zkkplamenpozega.hr\/wp-content\/uploads\/2025\/10\/Untitled-design-2.png","width":800,"height":500},{"@type":"BreadcrumbList","@id":"https:\/\/zkkplamenpozega.hr\/?p=4862#breadcrumb","itemListElement":[{"@type":"ListItem","position":1,"name":"Po\u010detna stranica","item":"https:\/\/zkkplamenpozega.hr\/"},{"@type":"ListItem","position":2,"name":"Drugo kolo Premijer lige: Plamen Po\u017eega u subotu do\u010dekuje Zadar"}]},{"@type":"WebSite","@id":"https:\/\/zkkplamenpozega.hr\/#website","url":"https:\/\/zkkplamenpozega.hr\/","name":"\u017dKK Plamen Po\u017eega","description":"Plamene su najbolje","publisher":{"@id":"https:\/\/zkkplamenpozega.hr\/#organization"},"potentialAction":[{"@type":"SearchAction","target":{"@type":"EntryPoint","urlTemplate":"https:\/\/zkkplamenpozega.hr\/?s={search_term_string}"},"query-input":{"@type":"PropertyValueSpecification","valueRequired":true,"valueName":"search_term_string"}}],"inLanguage":"hr"},{"@type":"Organization","@id":"https:\/\/zkkplamenpozega.hr\/#organization","name":"\u017denski ko\u0161arka\u0161ki klub Plamen Po\u017eega","url":"https:\/\/zkkplamenpozega.hr\/","logo":{"@type":"ImageObject","inLanguage":"hr","@id":"https:\/\/zkkplamenpozega.hr\/#\/schema\/logo\/image\/","url":"https:\/\/zkkplamenpozega.hr\/wp-content\/uploads\/2020\/10\/logo-zkkpozega-e1602941511846.png","contentUrl":"https:\/\/zkkplamenpozega.hr\/wp-content\/uploads\/2020\/10\/logo-zkkpozega-e1602941511846.png","width":400,"height":236,"caption":"\u017denski ko\u0161arka\u0161ki klub Plamen Po\u017eega"},"image":{"@id":"https:\/\/zkkplamenpozega.hr\/#\/schema\/logo\/image\/"},"sameAs":["https:\/\/www.facebook.com\/zkkplamenpozega\/","https:\/\/www.instagram.com\/zkkplamenpozega\/?hl=hr"]},{"@type":"Person","@id":"https:\/\/zkkplamenpozega.hr\/#\/schema\/person\/3d6e04918ebd6d498047f8e06ca8e915","name":"Kreso","image":{"@type":"ImageObject","inLanguage":"hr","@id":"https:\/\/secure.gravatar.com\/avatar\/44643690ce7f74819c091da2e59b8ec9a85b7089dcc2ae83c46287616c83fff9?s=96&d=mm&r=g","url":"https:\/\/secure.gravatar.com\/avatar\/44643690ce7f74819c091da2e59b8ec9a85b7089dcc2ae83c46287616c83fff9?s=96&d=mm&r=g","contentUrl":"https:\/\/secure.gravatar.com\/avatar\/44643690ce7f74819c091da2e59b8ec9a85b7089dcc2ae83c46287616c83fff9?s=96&d=mm&r=g","caption":"Kreso"}}]}},"_links":{"self":[{"href":"https:\/\/zkkplamenpozega.hr\/index.php?rest_route=\/wp\/v2\/posts\/4862","targetHints":{"allow":["GET"]}}],"collection":[{"href":"https:\/\/zkkplamenpozega.hr\/index.php?rest_route=\/wp\/v2\/posts"}],"about":[{"href":"https:\/\/zkkplamenpozega.hr\/index.php?rest_route=\/wp\/v2\/types\/post"}],"author":[{"embeddable":true,"href":"https:\/\/zkkplamenpozega.hr\/index.php?rest_route=\/wp\/v2\/users\/5"}],"replies":[{"embeddable":true,"href":"https:\/\/zkkplamenpozega.hr\/index.php?rest_route=%2Fwp%2Fv2%2Fcomments&post=4862"}],"version-history":[{"count":6,"href":"https:\/\/zkkplamenpozega.hr\/index.php?rest_route=\/wp\/v2\/posts\/4862\/revisions"}],"predecessor-version":[{"id":4871,"href":"https:\/\/zkkplamenpozega.hr\/index.php?rest_route=\/wp\/v2\/posts\/4862\/revisions\/4871"}],"wp:featuredmedia":[{"embeddable":true,"href":"https:\/\/zkkplamenpozega.hr\/index.php?rest_route=\/wp\/v2\/media\/4866"}],"wp:attachment":[{"href":"https:\/\/zkkplamenpozega.hr\/index.php?rest_route=%2Fwp%2Fv2%2Fmedia&parent=4862"}],"wp:term":[{"taxonomy":"category","embeddable":true,"href":"https:\/\/zkkplamenpozega.hr\/index.php?rest_route=%2Fwp%2Fv2%2Fcategories&post=4862"},{"taxonomy":"post_tag","embeddable":true,"href":"https:\/\/zkkplamenpozega.hr\/index.php?rest_route=%2Fwp%2Fv2%2Ftags&post=4862"}],"curies":[{"name":"wp","href":"https:\/\/api.w.org\/{rel}","templated":true}]}}