{"id":4850,"date":"2025-10-05T19:24:39","date_gmt":"2025-10-05T19:24:39","guid":{"rendered":"https:\/\/zkkplamenpozega.hr\/?p=4850"},"modified":"2025-10-05T20:50:40","modified_gmt":"2025-10-05T20:50:40","slug":"pobjeda-u-prvom-kolu-plamene-nadmocne-protiv-zadra-plus","status":"publish","type":"post","link":"https:\/\/zkkplamenpozega.hr\/?p=4850","title":{"rendered":"Pobjeda u prvom kolu: Plamene nadmo\u0107ne protiv Zadra Plus"},"content":{"rendered":"<p data-start=\"231\" data-end=\"454\">Ko\u0161arka\u0161ice <strong data-start=\"243\" data-end=\"260\">Plamen Po\u017eege<\/strong> otvorile su novu sezonu Premijer \u017eenske ko\u0161arka\u0161ke lige na najbolji mogu\u0107i na\u010din \u2013 sigurnom pobjedom na doma\u0107em parketu protiv <strong data-start=\"388\" data-end=\"402\">Zadra Plus<\/strong> rezultatom <strong data-start=\"414\" data-end=\"451\">83:54 <a href=\"https:\/\/fibalivestats.dcd.shared.geniussports.com\/u\/HKS\/2704038\/bs_en_AU.html\">(21:17, 24:15, 20:3, 18:19)<\/a><\/strong>.<\/p>\n<p data-start=\"456\" data-end=\"676\">Iako ekipa nije mogla ra\u010dunati na \u010detiri vrlo va\u017ene igra\u010dice \u2013 <strong data-start=\"516\" data-end=\"552\">Mariju Ke\u0161eljevi\u0107, Mayru Caicedo,<\/strong> \u00a0<strong data-start=\"555\" data-end=\"570\">Leu Mileti\u0107 <\/strong>i<strong data-start=\"555\" data-end=\"570\"> Ivanu Mami\u0107<\/strong> \u2013 prikazana je kvalitetna, organizirana i energi\u010dna igra u kojoj su sve ko\u0161arka\u0161ice dale svoj doprinos.<\/p>\n<p data-start=\"678\" data-end=\"1233\">Zadranke su otvorile susret bolje i povele 8:2, no na\u0161e cure brzo su uhvatile priklju\u010dak. Prvu tricu ubacila je <strong data-start=\"794\" data-end=\"814\">Gabriela Grizelj<\/strong>, \u010dime je smanjila na 8:5 i pokrenula seriju boljih minuta svoje ekipe. Klupa Zadranki tada je reagirala minutom odmora, ali ni kratka pauza nije prekinula ritam Plamenih. U nastavku se igralo ko\u0161 za ko\u0161, a nakon trice <strong data-start=\"1041\" data-end=\"1055\">Ane Petrak<\/strong> stiglo je i poravnanje rezultata \u2013 15:15. Do kraja dionice doma\u0107e su podigle intenzitet u obrani te preciznim napadima preko <strong data-start=\"1181\" data-end=\"1208\">Petrak, Grizelj i Soldo<\/strong> stekle prednost 21:17.<\/p>\n<p data-start=\"1235\" data-end=\"1549\">Druga \u010detvrtina donijela je izjedna\u010deniju igru sve do 17. minute, kada je na semaforu stajalo 32:32. Tada je krenula odlu\u010duju\u0107a serija \u2013 \u010dak 13:0, u kojoj su briljirale <strong data-start=\"1404\" data-end=\"1421\">Hannah Boyett<\/strong> s tri uzastopne trice te <strong>Macie James<\/strong> i <strong>Jelena Brki\u010di\u0107<\/strong>. Time su Plamene oti\u0161le na poluvrijeme s uvjerljivih 45:32.<\/p>\n<p data-start=\"1551\" data-end=\"1921\">Takav rasplet prvog poluvremena kao da je u ko\u0161arka\u0161icama Zadra Plus ubio svaku volju za igrom i otporom, pa smo u nastavku utakmice gledali jo\u0161 jednosmjerniji dvoboj. U tre\u0107oj \u010detvrtini go\u0161\u0107e su postigle samo tri poena, dok su Plamene ubacile 20 i uo\u010di zavr\u0161ne dionice imale velikih 65:35. Posljednjih deset minuta tako je proteklo u mirnijem tonu, uz kontrolu rezultata i priliku za rotacije oba trenera, a Zadranke su do kraja tek minimalno ubla\u017eile poraz.<\/p>\n<p data-start=\"1923\" data-end=\"2348\">Najefikasnija u na\u0161im redovima\u00a0 bila je <strong data-start=\"1945\" data-end=\"1962\">Hannah Boyett<\/strong> s 18 poena, dok je <strong data-start=\"1982\" data-end=\"2000\">Jelena Brki\u010di\u0107<\/strong> ostvarila double-double u\u010dinak (14 poena i 14 skokova). Uz njih, istaknule su se <strong data-start=\"2082\" data-end=\"2102\">Gabriela Grizelj<\/strong> (13 uz 9 asistencija), <strong data-start=\"2109\" data-end=\"2124\">Macie James<\/strong> (10), <strong data-start=\"2131\" data-end=\"2147\">Marija Soldo<\/strong> (9\u00a0 uz 10 skokova), <strong data-start=\"2153\" data-end=\"2170\">Fiona Princip<\/strong> (8), <strong data-start=\"2176\" data-end=\"2190\">Ana Petrak<\/strong> (7 uz 9 asistencija), <strong data-start=\"2213\" data-end=\"2227\">Lara Beni\u0107<\/strong> (3) i <strong data-start=\"2234\" data-end=\"2250\">Ema Mi\u0161kulin<\/strong> (1). Kod Zadra su naju\u010dinkovitije bile <strong data-start=\"2294\" data-end=\"2311\">Ashley Austin<\/strong> s 13 i <strong data-start=\"2319\" data-end=\"2334\">Sara Herceg<\/strong> s 12 poena.<\/p>\n<h3 data-start=\"2350\" data-end=\"2379\"><strong data-start=\"2354\" data-end=\"2379\">Izjave nakon utakmice<\/strong><\/h3>\n<p data-start=\"2381\" data-end=\"2897\"><strong data-start=\"2381\" data-end=\"2429\">Vladimir Englman (trener \u017dKK Plamen Po\u017eega):<\/strong><br data-start=\"2429\" data-end=\"2432\" \/>&#8220;Pribojavali smo se ove utakmice, s obzirom na rezultate ekipe Zadra u pripremnom periodu. Me\u0111utim, cure su odigrale fantasti\u010dnu utakmicu \u2013 borbeno, s velikim zalaganjem i sve ono \u0161to smo radili na treningu prenijele su na parket. Mislim da smo apsolutno zaslu\u017eeno pobijedili. Su\u0111enje je bilo izvanredno, a utakmica odli\u010dna. Zahvaljujem se i protivni\u010dkoj ekipi na fer i korektnoj igri, a jo\u0161 jednom \u010destitam mojim curama na borbenosti, pristupu i kvalitetnoj igri.&#8221;<\/p>\n<p data-start=\"2899\" data-end=\"3057\"><strong data-start=\"2899\" data-end=\"2946\">Ana Petrak (ko\u0161arka\u0161ica \u017dKK Plamen Po\u017eega):<\/strong><br data-start=\"2946\" data-end=\"2949\" \/>&#8220;Jako mi je drago zbog prve pobjede i dobrog otvaranja sezone. Pokazale smo dobru igru, koncentraciju i zajedni\u0161tvo na terenu, \u0161to nam je bila glavna zamisao prije utakmice. Tako\u0111er, \u017eelim pohvaliti protivnice na fer i korektnoj igri \u2013 bila je ovo dobra i kvalitetna utakmica te pokazatelj smjera u kojem trebamo nastaviti&#8221;.<\/p>\n<p data-start=\"3059\" data-end=\"3460\"><strong data-start=\"3059\" data-end=\"3095\">Lea Vuki\u0107 (ko\u0161arka\u0161ica Zadra Plus):<\/strong><br data-start=\"3095\" data-end=\"3098\" \/>&#8220;Mislim da smo solidno u\u0161le u utakmicu, ali na kraju nismo imale snage izdr\u017eati do kraja. Jednostavno, napravile smo previ\u0161e pogre\u0161aka i nismo djelovale kao tim. No, \u0161to je tu je \u2013 ipak nam je ovo prva utakmica i iz dana\u0161njih gre\u0161aka u\u010dit \u0107emo za dalje. \u010cestitam ekipi Po\u017eege na zaslu\u017eenoj pobjedi i dobroj utakmici, a mi se okre\u0107emo sljede\u0107em protivniku.&#8221;<\/p>\n<p data-start=\"3462\" data-end=\"3872\"><strong data-start=\"3462\" data-end=\"3497\">Bo\u017eo \u0160kara (trener Zadra Plus):<\/strong><br data-start=\"3497\" data-end=\"3500\" \/>&#8220;\u010cestitke ekipi Po\u017eege na zaslu\u017eenoj pobjedi. U utakmicu smo, ajmo re\u0107i, u\u0161li solidno, me\u0111utim druga \u010detvrtina odmah je pokazala neke na\u0161e nedostatke, tako da je pobjeda Po\u017eege na kraju bila ne samo zaslu\u017eena, nego i uvjerljiva. U sljede\u0107em kolu nam dolazi ekipa Raguse, pa ovaj tjedan moramo doslovno raditi na sebi kako bismo se prezentirali u boljem svjetlu.&#8221;<\/p>\n<hr data-start=\"3874\" data-end=\"3877\" \/>\n<p data-start=\"3879\" data-end=\"4106\">Plamene su na najbolji na\u010din otvorile sezonu potvrdiv\u0161i dobru formu iz pripremnog razdoblja. Novi izazov slijedi ve\u0107 <strong data-start=\"3991\" data-end=\"4008\">11. listopada<\/strong>, kada u Po\u017eegu sti\u017ee drugi zadarski premijerliga\u0161 \u2013 <strong data-start=\"4061\" data-end=\"4074\">\u017dKK Zadar<\/strong>, u sklopu 2. kola liga\u0161kog natjecanja.<\/p>\n","protected":false},"excerpt":{"rendered":"<p>Ko\u0161arka\u0161ice Plamen Po\u017eege otvorile su novu sezonu Premijer \u017eenske ko\u0161arka\u0161ke lige na najbolji mogu\u0107i na\u010din \u2013 sigurnom pobjedom na doma\u0107em parketu protiv Zadra Plus rezultatom 83:54 (21:17, 24:15, 20:3, 18:19). Iako ekipa nije mogla ra\u010dunati na \u010detiri vrlo va\u017ene igra\u010dice \u2013 Mariju Ke\u0161eljevi\u0107, Mayru Caicedo, \u00a0Leu Mileti\u0107 i Ivanu Mami\u0107 \u2013 prikazana je kvalitetna, organizirana&#8230;<\/p>\n","protected":false},"author":5,"featured_media":4851,"comment_status":"closed","ping_status":"closed","sticky":false,"template":"","format":"standard","meta":{"_acf_changed":false,"footnotes":""},"categories":[120],"tags":[136],"class_list":["post-4850","post","type-post","status-publish","format-standard","has-post-thumbnail","hentry","category-novosti","tag-premijer-liga-z"],"acf":[],"yoast_head":"<!-- This site is optimized with the Yoast SEO plugin v27.4 - https:\/\/yoast.com\/product\/yoast-seo-wordpress\/ -->\n<title>Pobjeda u prvom kolu: Plamene nadmo\u0107ne protiv Zadra Plus - \u017dKK Plamen Po\u017eega<\/title>\n<meta name=\"robots\" content=\"index, follow, max-snippet:-1, max-image-preview:large, max-video-preview:-1\" \/>\n<link rel=\"canonical\" href=\"https:\/\/zkkplamenpozega.hr\/?p=4850\" \/>\n<meta property=\"og:locale\" content=\"hr_HR\" \/>\n<meta property=\"og:type\" content=\"article\" \/>\n<meta property=\"og:title\" content=\"Pobjeda u prvom kolu: Plamene nadmo\u0107ne protiv Zadra Plus - \u017dKK Plamen Po\u017eega\" \/>\n<meta property=\"og:description\" content=\"Ko\u0161arka\u0161ice Plamen Po\u017eege otvorile su novu sezonu Premijer \u017eenske ko\u0161arka\u0161ke lige na najbolji mogu\u0107i na\u010din \u2013 sigurnom pobjedom na doma\u0107em parketu protiv Zadra Plus rezultatom 83:54 (21:17, 24:15, 20:3, 18:19). Iako ekipa nije mogla ra\u010dunati na \u010detiri vrlo va\u017ene igra\u010dice \u2013 Mariju Ke\u0161eljevi\u0107, Mayru Caicedo, \u00a0Leu Mileti\u0107 i Ivanu Mami\u0107 \u2013 prikazana je kvalitetna, organizirana...\" \/>\n<meta property=\"og:url\" content=\"https:\/\/zkkplamenpozega.hr\/?p=4850\" \/>\n<meta property=\"og:site_name\" content=\"\u017dKK Plamen Po\u017eega\" \/>\n<meta property=\"article:publisher\" content=\"https:\/\/www.facebook.com\/zkkplamenpozega\/\" \/>\n<meta property=\"article:published_time\" content=\"2025-10-05T19:24:39+00:00\" \/>\n<meta property=\"article:modified_time\" content=\"2025-10-05T20:50:40+00:00\" \/>\n<meta property=\"og:image\" content=\"https:\/\/zkkplamenpozega.hr\/wp-content\/uploads\/2025\/10\/Untitled-design-57.png\" \/>\n\t<meta property=\"og:image:width\" content=\"1200\" \/>\n\t<meta property=\"og:image:height\" content=\"900\" \/>\n\t<meta property=\"og:image:type\" content=\"image\/png\" \/>\n<meta name=\"author\" content=\"Kreso\" \/>\n<meta name=\"twitter:card\" content=\"summary_large_image\" \/>\n<meta name=\"twitter:label1\" content=\"Napisao\/la\" \/>\n\t<meta name=\"twitter:data1\" content=\"Kreso\" \/>\n\t<meta name=\"twitter:label2\" content=\"Procijenjeno vrijeme \u010ditanja\" \/>\n\t<meta name=\"twitter:data2\" content=\"4 minute\" \/>\n<script type=\"application\/ld+json\" class=\"yoast-schema-graph\">{\"@context\":\"https:\\\/\\\/schema.org\",\"@graph\":[{\"@type\":\"Article\",\"@id\":\"https:\\\/\\\/zkkplamenpozega.hr\\\/?p=4850#article\",\"isPartOf\":{\"@id\":\"https:\\\/\\\/zkkplamenpozega.hr\\\/?p=4850\"},\"author\":{\"name\":\"Kreso\",\"@id\":\"https:\\\/\\\/zkkplamenpozega.hr\\\/#\\\/schema\\\/person\\\/3d6e04918ebd6d498047f8e06ca8e915\"},\"headline\":\"Pobjeda u prvom kolu: Plamene nadmo\u0107ne protiv Zadra Plus\",\"datePublished\":\"2025-10-05T19:24:39+00:00\",\"dateModified\":\"2025-10-05T20:50:40+00:00\",\"mainEntityOfPage\":{\"@id\":\"https:\\\/\\\/zkkplamenpozega.hr\\\/?p=4850\"},\"wordCount\":698,\"publisher\":{\"@id\":\"https:\\\/\\\/zkkplamenpozega.hr\\\/#organization\"},\"image\":{\"@id\":\"https:\\\/\\\/zkkplamenpozega.hr\\\/?p=4850#primaryimage\"},\"thumbnailUrl\":\"https:\\\/\\\/zkkplamenpozega.hr\\\/wp-content\\\/uploads\\\/2025\\\/10\\\/Untitled-design-57.png\",\"keywords\":[\"Premijer liga (\u017e)\"],\"articleSection\":[\"Novosti\"],\"inLanguage\":\"hr\"},{\"@type\":\"WebPage\",\"@id\":\"https:\\\/\\\/zkkplamenpozega.hr\\\/?p=4850\",\"url\":\"https:\\\/\\\/zkkplamenpozega.hr\\\/?p=4850\",\"name\":\"Pobjeda u prvom kolu: Plamene nadmo\u0107ne protiv Zadra Plus - \u017dKK Plamen Po\u017eega\",\"isPartOf\":{\"@id\":\"https:\\\/\\\/zkkplamenpozega.hr\\\/#website\"},\"primaryImageOfPage\":{\"@id\":\"https:\\\/\\\/zkkplamenpozega.hr\\\/?p=4850#primaryimage\"},\"image\":{\"@id\":\"https:\\\/\\\/zkkplamenpozega.hr\\\/?p=4850#primaryimage\"},\"thumbnailUrl\":\"https:\\\/\\\/zkkplamenpozega.hr\\\/wp-content\\\/uploads\\\/2025\\\/10\\\/Untitled-design-57.png\",\"datePublished\":\"2025-10-05T19:24:39+00:00\",\"dateModified\":\"2025-10-05T20:50:40+00:00\",\"breadcrumb\":{\"@id\":\"https:\\\/\\\/zkkplamenpozega.hr\\\/?p=4850#breadcrumb\"},\"inLanguage\":\"hr\",\"potentialAction\":[{\"@type\":\"ReadAction\",\"target\":[\"https:\\\/\\\/zkkplamenpozega.hr\\\/?p=4850\"]}]},{\"@type\":\"ImageObject\",\"inLanguage\":\"hr\",\"@id\":\"https:\\\/\\\/zkkplamenpozega.hr\\\/?p=4850#primaryimage\",\"url\":\"https:\\\/\\\/zkkplamenpozega.hr\\\/wp-content\\\/uploads\\\/2025\\\/10\\\/Untitled-design-57.png\",\"contentUrl\":\"https:\\\/\\\/zkkplamenpozega.hr\\\/wp-content\\\/uploads\\\/2025\\\/10\\\/Untitled-design-57.png\",\"width\":1200,\"height\":900},{\"@type\":\"BreadcrumbList\",\"@id\":\"https:\\\/\\\/zkkplamenpozega.hr\\\/?p=4850#breadcrumb\",\"itemListElement\":[{\"@type\":\"ListItem\",\"position\":1,\"name\":\"Po\u010detna stranica\",\"item\":\"https:\\\/\\\/zkkplamenpozega.hr\\\/\"},{\"@type\":\"ListItem\",\"position\":2,\"name\":\"Pobjeda u prvom kolu: Plamene nadmo\u0107ne protiv Zadra Plus\"}]},{\"@type\":\"WebSite\",\"@id\":\"https:\\\/\\\/zkkplamenpozega.hr\\\/#website\",\"url\":\"https:\\\/\\\/zkkplamenpozega.hr\\\/\",\"name\":\"\u017dKK Plamen Po\u017eega\",\"description\":\"Plamene su najbolje\",\"publisher\":{\"@id\":\"https:\\\/\\\/zkkplamenpozega.hr\\\/#organization\"},\"potentialAction\":[{\"@type\":\"SearchAction\",\"target\":{\"@type\":\"EntryPoint\",\"urlTemplate\":\"https:\\\/\\\/zkkplamenpozega.hr\\\/?s={search_term_string}\"},\"query-input\":{\"@type\":\"PropertyValueSpecification\",\"valueRequired\":true,\"valueName\":\"search_term_string\"}}],\"inLanguage\":\"hr\"},{\"@type\":\"Organization\",\"@id\":\"https:\\\/\\\/zkkplamenpozega.hr\\\/#organization\",\"name\":\"\u017denski ko\u0161arka\u0161ki klub Plamen Po\u017eega\",\"url\":\"https:\\\/\\\/zkkplamenpozega.hr\\\/\",\"logo\":{\"@type\":\"ImageObject\",\"inLanguage\":\"hr\",\"@id\":\"https:\\\/\\\/zkkplamenpozega.hr\\\/#\\\/schema\\\/logo\\\/image\\\/\",\"url\":\"https:\\\/\\\/zkkplamenpozega.hr\\\/wp-content\\\/uploads\\\/2020\\\/10\\\/logo-zkkpozega-e1602941511846.png\",\"contentUrl\":\"https:\\\/\\\/zkkplamenpozega.hr\\\/wp-content\\\/uploads\\\/2020\\\/10\\\/logo-zkkpozega-e1602941511846.png\",\"width\":400,\"height\":236,\"caption\":\"\u017denski ko\u0161arka\u0161ki klub Plamen Po\u017eega\"},\"image\":{\"@id\":\"https:\\\/\\\/zkkplamenpozega.hr\\\/#\\\/schema\\\/logo\\\/image\\\/\"},\"sameAs\":[\"https:\\\/\\\/www.facebook.com\\\/zkkplamenpozega\\\/\",\"https:\\\/\\\/www.instagram.com\\\/zkkplamenpozega\\\/?hl=hr\"]},{\"@type\":\"Person\",\"@id\":\"https:\\\/\\\/zkkplamenpozega.hr\\\/#\\\/schema\\\/person\\\/3d6e04918ebd6d498047f8e06ca8e915\",\"name\":\"Kreso\",\"image\":{\"@type\":\"ImageObject\",\"inLanguage\":\"hr\",\"@id\":\"https:\\\/\\\/secure.gravatar.com\\\/avatar\\\/44643690ce7f74819c091da2e59b8ec9a85b7089dcc2ae83c46287616c83fff9?s=96&d=mm&r=g\",\"url\":\"https:\\\/\\\/secure.gravatar.com\\\/avatar\\\/44643690ce7f74819c091da2e59b8ec9a85b7089dcc2ae83c46287616c83fff9?s=96&d=mm&r=g\",\"contentUrl\":\"https:\\\/\\\/secure.gravatar.com\\\/avatar\\\/44643690ce7f74819c091da2e59b8ec9a85b7089dcc2ae83c46287616c83fff9?s=96&d=mm&r=g\",\"caption\":\"Kreso\"}}]}<\/script>\n<!-- \/ Yoast SEO plugin. -->","yoast_head_json":{"title":"Pobjeda u prvom kolu: Plamene nadmo\u0107ne protiv Zadra Plus - \u017dKK Plamen Po\u017eega","robots":{"index":"index","follow":"follow","max-snippet":"max-snippet:-1","max-image-preview":"max-image-preview:large","max-video-preview":"max-video-preview:-1"},"canonical":"https:\/\/zkkplamenpozega.hr\/?p=4850","og_locale":"hr_HR","og_type":"article","og_title":"Pobjeda u prvom kolu: Plamene nadmo\u0107ne protiv Zadra Plus - \u017dKK Plamen Po\u017eega","og_description":"Ko\u0161arka\u0161ice Plamen Po\u017eege otvorile su novu sezonu Premijer \u017eenske ko\u0161arka\u0161ke lige na najbolji mogu\u0107i na\u010din \u2013 sigurnom pobjedom na doma\u0107em parketu protiv Zadra Plus rezultatom 83:54 (21:17, 24:15, 20:3, 18:19). Iako ekipa nije mogla ra\u010dunati na \u010detiri vrlo va\u017ene igra\u010dice \u2013 Mariju Ke\u0161eljevi\u0107, Mayru Caicedo, \u00a0Leu Mileti\u0107 i Ivanu Mami\u0107 \u2013 prikazana je kvalitetna, organizirana...","og_url":"https:\/\/zkkplamenpozega.hr\/?p=4850","og_site_name":"\u017dKK Plamen Po\u017eega","article_publisher":"https:\/\/www.facebook.com\/zkkplamenpozega\/","article_published_time":"2025-10-05T19:24:39+00:00","article_modified_time":"2025-10-05T20:50:40+00:00","og_image":[{"width":1200,"height":900,"url":"https:\/\/zkkplamenpozega.hr\/wp-content\/uploads\/2025\/10\/Untitled-design-57.png","type":"image\/png"}],"author":"Kreso","twitter_card":"summary_large_image","twitter_misc":{"Napisao\/la":"Kreso","Procijenjeno vrijeme \u010ditanja":"4 minute"},"schema":{"@context":"https:\/\/schema.org","@graph":[{"@type":"Article","@id":"https:\/\/zkkplamenpozega.hr\/?p=4850#article","isPartOf":{"@id":"https:\/\/zkkplamenpozega.hr\/?p=4850"},"author":{"name":"Kreso","@id":"https:\/\/zkkplamenpozega.hr\/#\/schema\/person\/3d6e04918ebd6d498047f8e06ca8e915"},"headline":"Pobjeda u prvom kolu: Plamene nadmo\u0107ne protiv Zadra Plus","datePublished":"2025-10-05T19:24:39+00:00","dateModified":"2025-10-05T20:50:40+00:00","mainEntityOfPage":{"@id":"https:\/\/zkkplamenpozega.hr\/?p=4850"},"wordCount":698,"publisher":{"@id":"https:\/\/zkkplamenpozega.hr\/#organization"},"image":{"@id":"https:\/\/zkkplamenpozega.hr\/?p=4850#primaryimage"},"thumbnailUrl":"https:\/\/zkkplamenpozega.hr\/wp-content\/uploads\/2025\/10\/Untitled-design-57.png","keywords":["Premijer liga (\u017e)"],"articleSection":["Novosti"],"inLanguage":"hr"},{"@type":"WebPage","@id":"https:\/\/zkkplamenpozega.hr\/?p=4850","url":"https:\/\/zkkplamenpozega.hr\/?p=4850","name":"Pobjeda u prvom kolu: Plamene nadmo\u0107ne protiv Zadra Plus - \u017dKK Plamen Po\u017eega","isPartOf":{"@id":"https:\/\/zkkplamenpozega.hr\/#website"},"primaryImageOfPage":{"@id":"https:\/\/zkkplamenpozega.hr\/?p=4850#primaryimage"},"image":{"@id":"https:\/\/zkkplamenpozega.hr\/?p=4850#primaryimage"},"thumbnailUrl":"https:\/\/zkkplamenpozega.hr\/wp-content\/uploads\/2025\/10\/Untitled-design-57.png","datePublished":"2025-10-05T19:24:39+00:00","dateModified":"2025-10-05T20:50:40+00:00","breadcrumb":{"@id":"https:\/\/zkkplamenpozega.hr\/?p=4850#breadcrumb"},"inLanguage":"hr","potentialAction":[{"@type":"ReadAction","target":["https:\/\/zkkplamenpozega.hr\/?p=4850"]}]},{"@type":"ImageObject","inLanguage":"hr","@id":"https:\/\/zkkplamenpozega.hr\/?p=4850#primaryimage","url":"https:\/\/zkkplamenpozega.hr\/wp-content\/uploads\/2025\/10\/Untitled-design-57.png","contentUrl":"https:\/\/zkkplamenpozega.hr\/wp-content\/uploads\/2025\/10\/Untitled-design-57.png","width":1200,"height":900},{"@type":"BreadcrumbList","@id":"https:\/\/zkkplamenpozega.hr\/?p=4850#breadcrumb","itemListElement":[{"@type":"ListItem","position":1,"name":"Po\u010detna stranica","item":"https:\/\/zkkplamenpozega.hr\/"},{"@type":"ListItem","position":2,"name":"Pobjeda u prvom kolu: Plamene nadmo\u0107ne protiv Zadra Plus"}]},{"@type":"WebSite","@id":"https:\/\/zkkplamenpozega.hr\/#website","url":"https:\/\/zkkplamenpozega.hr\/","name":"\u017dKK Plamen Po\u017eega","description":"Plamene su najbolje","publisher":{"@id":"https:\/\/zkkplamenpozega.hr\/#organization"},"potentialAction":[{"@type":"SearchAction","target":{"@type":"EntryPoint","urlTemplate":"https:\/\/zkkplamenpozega.hr\/?s={search_term_string}"},"query-input":{"@type":"PropertyValueSpecification","valueRequired":true,"valueName":"search_term_string"}}],"inLanguage":"hr"},{"@type":"Organization","@id":"https:\/\/zkkplamenpozega.hr\/#organization","name":"\u017denski ko\u0161arka\u0161ki klub Plamen Po\u017eega","url":"https:\/\/zkkplamenpozega.hr\/","logo":{"@type":"ImageObject","inLanguage":"hr","@id":"https:\/\/zkkplamenpozega.hr\/#\/schema\/logo\/image\/","url":"https:\/\/zkkplamenpozega.hr\/wp-content\/uploads\/2020\/10\/logo-zkkpozega-e1602941511846.png","contentUrl":"https:\/\/zkkplamenpozega.hr\/wp-content\/uploads\/2020\/10\/logo-zkkpozega-e1602941511846.png","width":400,"height":236,"caption":"\u017denski ko\u0161arka\u0161ki klub Plamen Po\u017eega"},"image":{"@id":"https:\/\/zkkplamenpozega.hr\/#\/schema\/logo\/image\/"},"sameAs":["https:\/\/www.facebook.com\/zkkplamenpozega\/","https:\/\/www.instagram.com\/zkkplamenpozega\/?hl=hr"]},{"@type":"Person","@id":"https:\/\/zkkplamenpozega.hr\/#\/schema\/person\/3d6e04918ebd6d498047f8e06ca8e915","name":"Kreso","image":{"@type":"ImageObject","inLanguage":"hr","@id":"https:\/\/secure.gravatar.com\/avatar\/44643690ce7f74819c091da2e59b8ec9a85b7089dcc2ae83c46287616c83fff9?s=96&d=mm&r=g","url":"https:\/\/secure.gravatar.com\/avatar\/44643690ce7f74819c091da2e59b8ec9a85b7089dcc2ae83c46287616c83fff9?s=96&d=mm&r=g","contentUrl":"https:\/\/secure.gravatar.com\/avatar\/44643690ce7f74819c091da2e59b8ec9a85b7089dcc2ae83c46287616c83fff9?s=96&d=mm&r=g","caption":"Kreso"}}]}},"_links":{"self":[{"href":"https:\/\/zkkplamenpozega.hr\/index.php?rest_route=\/wp\/v2\/posts\/4850","targetHints":{"allow":["GET"]}}],"collection":[{"href":"https:\/\/zkkplamenpozega.hr\/index.php?rest_route=\/wp\/v2\/posts"}],"about":[{"href":"https:\/\/zkkplamenpozega.hr\/index.php?rest_route=\/wp\/v2\/types\/post"}],"author":[{"embeddable":true,"href":"https:\/\/zkkplamenpozega.hr\/index.php?rest_route=\/wp\/v2\/users\/5"}],"replies":[{"embeddable":true,"href":"https:\/\/zkkplamenpozega.hr\/index.php?rest_route=%2Fwp%2Fv2%2Fcomments&post=4850"}],"version-history":[{"count":9,"href":"https:\/\/zkkplamenpozega.hr\/index.php?rest_route=\/wp\/v2\/posts\/4850\/revisions"}],"predecessor-version":[{"id":4860,"href":"https:\/\/zkkplamenpozega.hr\/index.php?rest_route=\/wp\/v2\/posts\/4850\/revisions\/4860"}],"wp:featuredmedia":[{"embeddable":true,"href":"https:\/\/zkkplamenpozega.hr\/index.php?rest_route=\/wp\/v2\/media\/4851"}],"wp:attachment":[{"href":"https:\/\/zkkplamenpozega.hr\/index.php?rest_route=%2Fwp%2Fv2%2Fmedia&parent=4850"}],"wp:term":[{"taxonomy":"category","embeddable":true,"href":"https:\/\/zkkplamenpozega.hr\/index.php?rest_route=%2Fwp%2Fv2%2Fcategories&post=4850"},{"taxonomy":"post_tag","embeddable":true,"href":"https:\/\/zkkplamenpozega.hr\/index.php?rest_route=%2Fwp%2Fv2%2Ftags&post=4850"}],"curies":[{"name":"wp","href":"https:\/\/api.w.org\/{rel}","templated":true}]}}