{"id":4844,"date":"2025-10-03T09:40:51","date_gmt":"2025-10-03T09:40:51","guid":{"rendered":"https:\/\/zkkplamenpozega.hr\/?p=4844"},"modified":"2025-10-07T11:17:48","modified_gmt":"2025-10-07T11:17:48","slug":"pocinje-nova-sezona-plamene-u-prvom-kolu-docekuju-zadar-plus","status":"publish","type":"post","link":"https:\/\/zkkplamenpozega.hr\/?p=4844","title":{"rendered":"Po\u010dinje nova sezona \u2013 Plamene u prvom kolu do\u010dekuju Zadar Plus"},"content":{"rendered":"<p data-start=\"83\" data-end=\"328\">Ovog vikenda zapo\u010dinje nova sezona Premijer \u017eenske ko\u0161arka\u0161ke lige Hrvatske. U prvom kolu na\u0161 \u0107e tim na doma\u0107em parketu, u SD \u201cTomislav Pirc\u201d, ugostiti ekipu <strong>Zadra Plus<\/strong>. Susret je na rasporedu u nedjelju, 5. listopada, s po\u010detkom u 18:00 sati.<\/p>\n<p data-start=\"330\" data-end=\"764\">Tijekom pripremnog razdoblja Plamene su odigrale tri turnira na kojima su ostvarile vrlo dobre rezultate. Na samom startu priprema nastupile su u Subotici i zauzele \u010detvrto mjesto, potom su trijumfirale na turniru u Tuzli, a u Banjoj Luci izborile finale i drugo mjesto. Posljednja provjera pred po\u010detak sezone bio je tradicionalni turnir \u201cZlatna dolina\u201d, na kojem su Plamene jo\u0161 jednom potvrdile dobru formu i osvojile prvo mjesto.<\/p>\n<p data-start=\"766\" data-end=\"1368\">Sastav ekipe uvelike se promijenio u odnosu na pro\u0161lu sezonu. Klub su napustile neke sto\u017eerne igra\u010dice, kao \u0161to su <strong>Ivana Ujevi\u0107<\/strong>, <strong>Lana Pa\u010dkovski<\/strong>, <strong>Jelena Zori\u0107<\/strong>, <strong>Emma Broermann<\/strong>,<strong> Gorana Kondi\u0107<\/strong>,<strong> Martina Kujund\u017ei\u0107<\/strong> i mlada <strong>Aleksandra Vlaisavljevi\u0107<\/strong>, a sve one nastavile su karijeru u drugim sredinama. Ovim putem zahvaljujemo im na svemu \u0161to su dale za na\u0161 klub i \u017eelimo im puno uspjeha u nastavku karijere. Poseban rastanak dogodio se s kapetanicom <strong>Jelenom Ivezi\u0107<\/strong>, koja je zavr\u0161etkom pro\u0161le sezone okon\u010dala igra\u010dku karijeru. Ipak, ostala je uz na\u0161 klub \u2013 sada u ulozi sportske direktorice, gdje kreira razvojni put i sportsku politiku kluba.<\/p>\n<p data-start=\"1370\" data-end=\"2067\">Veliki broj odlazaka otvorio je prostor i potrebu za zna\u010dajna poja\u010danja, zbog \u010dega je prijelazni rok u Po\u017eegi bio iznimno aktivan. Roster je osvje\u017een dolaskom \u010detiriju igra\u010dica iz zagreba\u010dkog Medve\u0161\u010daka \u2013 <strong>Marije Soldo<\/strong>, <strong>Jelene Brki\u010di\u0107<\/strong>, <strong>Gabriele Grizelj<\/strong> i <strong>Ivane Mami\u0107<\/strong> \u2013 dok bi uz njih dodatnu dimenziju igri trebale donijeti ameri\u010dke ko\u0161arka\u0161ice <strong>Hannah Boyett<\/strong> i <strong>Macie James<\/strong> te kolumbijska reprezentativka <strong>Mayra Caicedo<\/strong>. Uz nova imena, klub je uspio zadr\u017eati i va\u017enu jezgru pro\u0161losezonskog sastava: <strong>Ana Petrak<\/strong>,<strong> Lea Mileti\u0107<\/strong>, <strong>Laura Ba\u0161i\u0107<\/strong>, <strong>Marija Ke\u0161eljevi\u0107<\/strong> i<strong> Fiona Princip<\/strong> produ\u017eile su vjernost Plamenima, a uz njih ostaju i mlade igra\u010dice ponikle u na\u0161em klubu \u2013 <strong>Ema Mi\u0161kulin<\/strong>, <strong>Lara Beni\u0107<\/strong> i <strong>Sara Hak<\/strong>.<\/p>\n<p data-start=\"2069\" data-end=\"2430\">Kombinacijom zadr\u017eanih nositeljica igre i novih poja\u010danja vjerujemo da je stvoren uravnote\u017een i konkurentan tim. Pred nama je sezona puna izazova, ali i velikih o\u010dekivanja. Uz kvalitetna poja\u010danja te jezgru igra\u010dica koje su ostale u sastavu, uvjereni smo da \u0107e Plamene biti konkurentne svim protivnicima i prikazivati atraktivnu, borbenu igru koja \u0107e privu\u0107i zaljubljenike u ko\u0161arku na tribine.<\/p>\n<p data-start=\"2432\" data-end=\"2741\">Gabriela Grizelj uo\u010di prvog kola poru\u010dila je:<br data-start=\"2477\" data-end=\"2480\" \/><strong data-start=\"2480\" data-end=\"2739\">\u201eVeselimo se po\u010detku nove sezone. U prvoj utakmici do\u010dekujemo \u017dKK Zadar Plus i o\u010dekujemo borbenu utakmicu. Dobro smo trenirale, atmosfera u ekipi je odli\u010dna i mislim da mo\u017eemo pokazati dobru igru ve\u0107 na startu te otvoriti sezonu na najbolji mogu\u0107i na\u010din.\u201c<\/strong><\/p>\n<p data-start=\"2743\" data-end=\"2942\">Pozivamo sve na\u0161e navija\u010de da nam se u nedjelju pridru\u017ee u dvorani \u2018Tomislav Pirc\u2019 i podr\u017ee ekipu na startu nove sezone. Va\u0161a energija s tribina uvijek nam daje dodatnu snagu \u2013 zato budite uz Plamene i zajedno krenimo u nove pobjede.<\/p>\n<p data-start=\"2743\" data-end=\"2942\">Oni koji ne\u0107e biti u mogu\u0107nosti do\u0107i u dvoranu, susret \u0107e mo\u0107i pratiti i na<strong> <a href=\"https:\/\/www.youtube.com\/watch?v=lCqLVCPLkEE\">YouTube kanalu Hrvatskog ko\u0161arka\u0161kog saveza.<\/a><\/strong><\/p>\n<p data-start=\"2743\" data-end=\"2942\">\n","protected":false},"excerpt":{"rendered":"<p>Ovog vikenda zapo\u010dinje nova sezona Premijer \u017eenske ko\u0161arka\u0161ke lige Hrvatske. U prvom kolu na\u0161 \u0107e tim na doma\u0107em parketu, u SD \u201cTomislav Pirc\u201d, ugostiti ekipu Zadra Plus. Susret je na rasporedu u nedjelju, 5. listopada, s po\u010detkom u 18:00 sati. Tijekom pripremnog razdoblja Plamene su odigrale tri turnira na kojima su ostvarile vrlo dobre rezultate&#8230;.<\/p>\n","protected":false},"author":5,"featured_media":4845,"comment_status":"closed","ping_status":"closed","sticky":false,"template":"","format":"standard","meta":{"_acf_changed":false,"footnotes":""},"categories":[174],"tags":[136],"class_list":["post-4844","post","type-post","status-publish","format-standard","has-post-thumbnail","hentry","category-premijer-zenska-liga","tag-premijer-liga-z"],"acf":[],"yoast_head":"<!-- This site is optimized with the Yoast SEO plugin v27.4 - https:\/\/yoast.com\/product\/yoast-seo-wordpress\/ -->\n<title>Po\u010dinje nova sezona \u2013 Plamene u prvom kolu do\u010dekuju Zadar Plus - \u017dKK Plamen Po\u017eega<\/title>\n<meta name=\"robots\" content=\"index, follow, max-snippet:-1, max-image-preview:large, max-video-preview:-1\" \/>\n<link rel=\"canonical\" href=\"https:\/\/zkkplamenpozega.hr\/?p=4844\" \/>\n<meta property=\"og:locale\" content=\"hr_HR\" \/>\n<meta property=\"og:type\" content=\"article\" \/>\n<meta property=\"og:title\" content=\"Po\u010dinje nova sezona \u2013 Plamene u prvom kolu do\u010dekuju Zadar Plus - \u017dKK Plamen Po\u017eega\" \/>\n<meta property=\"og:description\" content=\"Ovog vikenda zapo\u010dinje nova sezona Premijer \u017eenske ko\u0161arka\u0161ke lige Hrvatske. U prvom kolu na\u0161 \u0107e tim na doma\u0107em parketu, u SD \u201cTomislav Pirc\u201d, ugostiti ekipu Zadra Plus. Susret je na rasporedu u nedjelju, 5. listopada, s po\u010detkom u 18:00 sati. Tijekom pripremnog razdoblja Plamene su odigrale tri turnira na kojima su ostvarile vrlo dobre rezultate....\" \/>\n<meta property=\"og:url\" content=\"https:\/\/zkkplamenpozega.hr\/?p=4844\" \/>\n<meta property=\"og:site_name\" content=\"\u017dKK Plamen Po\u017eega\" \/>\n<meta property=\"article:publisher\" content=\"https:\/\/www.facebook.com\/zkkplamenpozega\/\" \/>\n<meta property=\"article:published_time\" content=\"2025-10-03T09:40:51+00:00\" \/>\n<meta property=\"article:modified_time\" content=\"2025-10-07T11:17:48+00:00\" \/>\n<meta property=\"og:image\" content=\"https:\/\/zkkplamenpozega.hr\/wp-content\/uploads\/2025\/10\/Untitled-design-56.png\" \/>\n\t<meta property=\"og:image:width\" content=\"1200\" \/>\n\t<meta property=\"og:image:height\" content=\"900\" \/>\n\t<meta property=\"og:image:type\" content=\"image\/png\" \/>\n<meta name=\"author\" content=\"Kreso\" \/>\n<meta name=\"twitter:card\" content=\"summary_large_image\" \/>\n<meta name=\"twitter:label1\" content=\"Napisao\/la\" \/>\n\t<meta name=\"twitter:data1\" content=\"Kreso\" \/>\n\t<meta name=\"twitter:label2\" content=\"Procijenjeno vrijeme \u010ditanja\" \/>\n\t<meta name=\"twitter:data2\" content=\"3 minute\" \/>\n<script type=\"application\/ld+json\" class=\"yoast-schema-graph\">{\"@context\":\"https:\\\/\\\/schema.org\",\"@graph\":[{\"@type\":\"Article\",\"@id\":\"https:\\\/\\\/zkkplamenpozega.hr\\\/?p=4844#article\",\"isPartOf\":{\"@id\":\"https:\\\/\\\/zkkplamenpozega.hr\\\/?p=4844\"},\"author\":{\"name\":\"Kreso\",\"@id\":\"https:\\\/\\\/zkkplamenpozega.hr\\\/#\\\/schema\\\/person\\\/3d6e04918ebd6d498047f8e06ca8e915\"},\"headline\":\"Po\u010dinje nova sezona \u2013 Plamene u prvom kolu do\u010dekuju Zadar Plus\",\"datePublished\":\"2025-10-03T09:40:51+00:00\",\"dateModified\":\"2025-10-07T11:17:48+00:00\",\"mainEntityOfPage\":{\"@id\":\"https:\\\/\\\/zkkplamenpozega.hr\\\/?p=4844\"},\"wordCount\":550,\"publisher\":{\"@id\":\"https:\\\/\\\/zkkplamenpozega.hr\\\/#organization\"},\"image\":{\"@id\":\"https:\\\/\\\/zkkplamenpozega.hr\\\/?p=4844#primaryimage\"},\"thumbnailUrl\":\"https:\\\/\\\/zkkplamenpozega.hr\\\/wp-content\\\/uploads\\\/2025\\\/10\\\/Untitled-design-56.png\",\"keywords\":[\"Premijer liga (\u017e)\"],\"articleSection\":[\"Premijer \u017denska Liga\"],\"inLanguage\":\"hr\"},{\"@type\":\"WebPage\",\"@id\":\"https:\\\/\\\/zkkplamenpozega.hr\\\/?p=4844\",\"url\":\"https:\\\/\\\/zkkplamenpozega.hr\\\/?p=4844\",\"name\":\"Po\u010dinje nova sezona \u2013 Plamene u prvom kolu do\u010dekuju Zadar Plus - \u017dKK Plamen Po\u017eega\",\"isPartOf\":{\"@id\":\"https:\\\/\\\/zkkplamenpozega.hr\\\/#website\"},\"primaryImageOfPage\":{\"@id\":\"https:\\\/\\\/zkkplamenpozega.hr\\\/?p=4844#primaryimage\"},\"image\":{\"@id\":\"https:\\\/\\\/zkkplamenpozega.hr\\\/?p=4844#primaryimage\"},\"thumbnailUrl\":\"https:\\\/\\\/zkkplamenpozega.hr\\\/wp-content\\\/uploads\\\/2025\\\/10\\\/Untitled-design-56.png\",\"datePublished\":\"2025-10-03T09:40:51+00:00\",\"dateModified\":\"2025-10-07T11:17:48+00:00\",\"breadcrumb\":{\"@id\":\"https:\\\/\\\/zkkplamenpozega.hr\\\/?p=4844#breadcrumb\"},\"inLanguage\":\"hr\",\"potentialAction\":[{\"@type\":\"ReadAction\",\"target\":[\"https:\\\/\\\/zkkplamenpozega.hr\\\/?p=4844\"]}]},{\"@type\":\"ImageObject\",\"inLanguage\":\"hr\",\"@id\":\"https:\\\/\\\/zkkplamenpozega.hr\\\/?p=4844#primaryimage\",\"url\":\"https:\\\/\\\/zkkplamenpozega.hr\\\/wp-content\\\/uploads\\\/2025\\\/10\\\/Untitled-design-56.png\",\"contentUrl\":\"https:\\\/\\\/zkkplamenpozega.hr\\\/wp-content\\\/uploads\\\/2025\\\/10\\\/Untitled-design-56.png\",\"width\":1200,\"height\":900},{\"@type\":\"BreadcrumbList\",\"@id\":\"https:\\\/\\\/zkkplamenpozega.hr\\\/?p=4844#breadcrumb\",\"itemListElement\":[{\"@type\":\"ListItem\",\"position\":1,\"name\":\"Po\u010detna stranica\",\"item\":\"https:\\\/\\\/zkkplamenpozega.hr\\\/\"},{\"@type\":\"ListItem\",\"position\":2,\"name\":\"Po\u010dinje nova sezona \u2013 Plamene u prvom kolu do\u010dekuju Zadar Plus\"}]},{\"@type\":\"WebSite\",\"@id\":\"https:\\\/\\\/zkkplamenpozega.hr\\\/#website\",\"url\":\"https:\\\/\\\/zkkplamenpozega.hr\\\/\",\"name\":\"\u017dKK Plamen Po\u017eega\",\"description\":\"Plamene su najbolje\",\"publisher\":{\"@id\":\"https:\\\/\\\/zkkplamenpozega.hr\\\/#organization\"},\"potentialAction\":[{\"@type\":\"SearchAction\",\"target\":{\"@type\":\"EntryPoint\",\"urlTemplate\":\"https:\\\/\\\/zkkplamenpozega.hr\\\/?s={search_term_string}\"},\"query-input\":{\"@type\":\"PropertyValueSpecification\",\"valueRequired\":true,\"valueName\":\"search_term_string\"}}],\"inLanguage\":\"hr\"},{\"@type\":\"Organization\",\"@id\":\"https:\\\/\\\/zkkplamenpozega.hr\\\/#organization\",\"name\":\"\u017denski ko\u0161arka\u0161ki klub Plamen Po\u017eega\",\"url\":\"https:\\\/\\\/zkkplamenpozega.hr\\\/\",\"logo\":{\"@type\":\"ImageObject\",\"inLanguage\":\"hr\",\"@id\":\"https:\\\/\\\/zkkplamenpozega.hr\\\/#\\\/schema\\\/logo\\\/image\\\/\",\"url\":\"https:\\\/\\\/zkkplamenpozega.hr\\\/wp-content\\\/uploads\\\/2020\\\/10\\\/logo-zkkpozega-e1602941511846.png\",\"contentUrl\":\"https:\\\/\\\/zkkplamenpozega.hr\\\/wp-content\\\/uploads\\\/2020\\\/10\\\/logo-zkkpozega-e1602941511846.png\",\"width\":400,\"height\":236,\"caption\":\"\u017denski ko\u0161arka\u0161ki klub Plamen Po\u017eega\"},\"image\":{\"@id\":\"https:\\\/\\\/zkkplamenpozega.hr\\\/#\\\/schema\\\/logo\\\/image\\\/\"},\"sameAs\":[\"https:\\\/\\\/www.facebook.com\\\/zkkplamenpozega\\\/\",\"https:\\\/\\\/www.instagram.com\\\/zkkplamenpozega\\\/?hl=hr\"]},{\"@type\":\"Person\",\"@id\":\"https:\\\/\\\/zkkplamenpozega.hr\\\/#\\\/schema\\\/person\\\/3d6e04918ebd6d498047f8e06ca8e915\",\"name\":\"Kreso\",\"image\":{\"@type\":\"ImageObject\",\"inLanguage\":\"hr\",\"@id\":\"https:\\\/\\\/secure.gravatar.com\\\/avatar\\\/44643690ce7f74819c091da2e59b8ec9a85b7089dcc2ae83c46287616c83fff9?s=96&d=mm&r=g\",\"url\":\"https:\\\/\\\/secure.gravatar.com\\\/avatar\\\/44643690ce7f74819c091da2e59b8ec9a85b7089dcc2ae83c46287616c83fff9?s=96&d=mm&r=g\",\"contentUrl\":\"https:\\\/\\\/secure.gravatar.com\\\/avatar\\\/44643690ce7f74819c091da2e59b8ec9a85b7089dcc2ae83c46287616c83fff9?s=96&d=mm&r=g\",\"caption\":\"Kreso\"}}]}<\/script>\n<!-- \/ Yoast SEO plugin. -->","yoast_head_json":{"title":"Po\u010dinje nova sezona \u2013 Plamene u prvom kolu do\u010dekuju Zadar Plus - \u017dKK Plamen Po\u017eega","robots":{"index":"index","follow":"follow","max-snippet":"max-snippet:-1","max-image-preview":"max-image-preview:large","max-video-preview":"max-video-preview:-1"},"canonical":"https:\/\/zkkplamenpozega.hr\/?p=4844","og_locale":"hr_HR","og_type":"article","og_title":"Po\u010dinje nova sezona \u2013 Plamene u prvom kolu do\u010dekuju Zadar Plus - \u017dKK Plamen Po\u017eega","og_description":"Ovog vikenda zapo\u010dinje nova sezona Premijer \u017eenske ko\u0161arka\u0161ke lige Hrvatske. U prvom kolu na\u0161 \u0107e tim na doma\u0107em parketu, u SD \u201cTomislav Pirc\u201d, ugostiti ekipu Zadra Plus. Susret je na rasporedu u nedjelju, 5. listopada, s po\u010detkom u 18:00 sati. Tijekom pripremnog razdoblja Plamene su odigrale tri turnira na kojima su ostvarile vrlo dobre rezultate....","og_url":"https:\/\/zkkplamenpozega.hr\/?p=4844","og_site_name":"\u017dKK Plamen Po\u017eega","article_publisher":"https:\/\/www.facebook.com\/zkkplamenpozega\/","article_published_time":"2025-10-03T09:40:51+00:00","article_modified_time":"2025-10-07T11:17:48+00:00","og_image":[{"width":1200,"height":900,"url":"https:\/\/zkkplamenpozega.hr\/wp-content\/uploads\/2025\/10\/Untitled-design-56.png","type":"image\/png"}],"author":"Kreso","twitter_card":"summary_large_image","twitter_misc":{"Napisao\/la":"Kreso","Procijenjeno vrijeme \u010ditanja":"3 minute"},"schema":{"@context":"https:\/\/schema.org","@graph":[{"@type":"Article","@id":"https:\/\/zkkplamenpozega.hr\/?p=4844#article","isPartOf":{"@id":"https:\/\/zkkplamenpozega.hr\/?p=4844"},"author":{"name":"Kreso","@id":"https:\/\/zkkplamenpozega.hr\/#\/schema\/person\/3d6e04918ebd6d498047f8e06ca8e915"},"headline":"Po\u010dinje nova sezona \u2013 Plamene u prvom kolu do\u010dekuju Zadar Plus","datePublished":"2025-10-03T09:40:51+00:00","dateModified":"2025-10-07T11:17:48+00:00","mainEntityOfPage":{"@id":"https:\/\/zkkplamenpozega.hr\/?p=4844"},"wordCount":550,"publisher":{"@id":"https:\/\/zkkplamenpozega.hr\/#organization"},"image":{"@id":"https:\/\/zkkplamenpozega.hr\/?p=4844#primaryimage"},"thumbnailUrl":"https:\/\/zkkplamenpozega.hr\/wp-content\/uploads\/2025\/10\/Untitled-design-56.png","keywords":["Premijer liga (\u017e)"],"articleSection":["Premijer \u017denska Liga"],"inLanguage":"hr"},{"@type":"WebPage","@id":"https:\/\/zkkplamenpozega.hr\/?p=4844","url":"https:\/\/zkkplamenpozega.hr\/?p=4844","name":"Po\u010dinje nova sezona \u2013 Plamene u prvom kolu do\u010dekuju Zadar Plus - \u017dKK Plamen Po\u017eega","isPartOf":{"@id":"https:\/\/zkkplamenpozega.hr\/#website"},"primaryImageOfPage":{"@id":"https:\/\/zkkplamenpozega.hr\/?p=4844#primaryimage"},"image":{"@id":"https:\/\/zkkplamenpozega.hr\/?p=4844#primaryimage"},"thumbnailUrl":"https:\/\/zkkplamenpozega.hr\/wp-content\/uploads\/2025\/10\/Untitled-design-56.png","datePublished":"2025-10-03T09:40:51+00:00","dateModified":"2025-10-07T11:17:48+00:00","breadcrumb":{"@id":"https:\/\/zkkplamenpozega.hr\/?p=4844#breadcrumb"},"inLanguage":"hr","potentialAction":[{"@type":"ReadAction","target":["https:\/\/zkkplamenpozega.hr\/?p=4844"]}]},{"@type":"ImageObject","inLanguage":"hr","@id":"https:\/\/zkkplamenpozega.hr\/?p=4844#primaryimage","url":"https:\/\/zkkplamenpozega.hr\/wp-content\/uploads\/2025\/10\/Untitled-design-56.png","contentUrl":"https:\/\/zkkplamenpozega.hr\/wp-content\/uploads\/2025\/10\/Untitled-design-56.png","width":1200,"height":900},{"@type":"BreadcrumbList","@id":"https:\/\/zkkplamenpozega.hr\/?p=4844#breadcrumb","itemListElement":[{"@type":"ListItem","position":1,"name":"Po\u010detna stranica","item":"https:\/\/zkkplamenpozega.hr\/"},{"@type":"ListItem","position":2,"name":"Po\u010dinje nova sezona \u2013 Plamene u prvom kolu do\u010dekuju Zadar Plus"}]},{"@type":"WebSite","@id":"https:\/\/zkkplamenpozega.hr\/#website","url":"https:\/\/zkkplamenpozega.hr\/","name":"\u017dKK Plamen Po\u017eega","description":"Plamene su najbolje","publisher":{"@id":"https:\/\/zkkplamenpozega.hr\/#organization"},"potentialAction":[{"@type":"SearchAction","target":{"@type":"EntryPoint","urlTemplate":"https:\/\/zkkplamenpozega.hr\/?s={search_term_string}"},"query-input":{"@type":"PropertyValueSpecification","valueRequired":true,"valueName":"search_term_string"}}],"inLanguage":"hr"},{"@type":"Organization","@id":"https:\/\/zkkplamenpozega.hr\/#organization","name":"\u017denski ko\u0161arka\u0161ki klub Plamen Po\u017eega","url":"https:\/\/zkkplamenpozega.hr\/","logo":{"@type":"ImageObject","inLanguage":"hr","@id":"https:\/\/zkkplamenpozega.hr\/#\/schema\/logo\/image\/","url":"https:\/\/zkkplamenpozega.hr\/wp-content\/uploads\/2020\/10\/logo-zkkpozega-e1602941511846.png","contentUrl":"https:\/\/zkkplamenpozega.hr\/wp-content\/uploads\/2020\/10\/logo-zkkpozega-e1602941511846.png","width":400,"height":236,"caption":"\u017denski ko\u0161arka\u0161ki klub Plamen Po\u017eega"},"image":{"@id":"https:\/\/zkkplamenpozega.hr\/#\/schema\/logo\/image\/"},"sameAs":["https:\/\/www.facebook.com\/zkkplamenpozega\/","https:\/\/www.instagram.com\/zkkplamenpozega\/?hl=hr"]},{"@type":"Person","@id":"https:\/\/zkkplamenpozega.hr\/#\/schema\/person\/3d6e04918ebd6d498047f8e06ca8e915","name":"Kreso","image":{"@type":"ImageObject","inLanguage":"hr","@id":"https:\/\/secure.gravatar.com\/avatar\/44643690ce7f74819c091da2e59b8ec9a85b7089dcc2ae83c46287616c83fff9?s=96&d=mm&r=g","url":"https:\/\/secure.gravatar.com\/avatar\/44643690ce7f74819c091da2e59b8ec9a85b7089dcc2ae83c46287616c83fff9?s=96&d=mm&r=g","contentUrl":"https:\/\/secure.gravatar.com\/avatar\/44643690ce7f74819c091da2e59b8ec9a85b7089dcc2ae83c46287616c83fff9?s=96&d=mm&r=g","caption":"Kreso"}}]}},"_links":{"self":[{"href":"https:\/\/zkkplamenpozega.hr\/index.php?rest_route=\/wp\/v2\/posts\/4844","targetHints":{"allow":["GET"]}}],"collection":[{"href":"https:\/\/zkkplamenpozega.hr\/index.php?rest_route=\/wp\/v2\/posts"}],"about":[{"href":"https:\/\/zkkplamenpozega.hr\/index.php?rest_route=\/wp\/v2\/types\/post"}],"author":[{"embeddable":true,"href":"https:\/\/zkkplamenpozega.hr\/index.php?rest_route=\/wp\/v2\/users\/5"}],"replies":[{"embeddable":true,"href":"https:\/\/zkkplamenpozega.hr\/index.php?rest_route=%2Fwp%2Fv2%2Fcomments&post=4844"}],"version-history":[{"count":5,"href":"https:\/\/zkkplamenpozega.hr\/index.php?rest_route=\/wp\/v2\/posts\/4844\/revisions"}],"predecessor-version":[{"id":4861,"href":"https:\/\/zkkplamenpozega.hr\/index.php?rest_route=\/wp\/v2\/posts\/4844\/revisions\/4861"}],"wp:featuredmedia":[{"embeddable":true,"href":"https:\/\/zkkplamenpozega.hr\/index.php?rest_route=\/wp\/v2\/media\/4845"}],"wp:attachment":[{"href":"https:\/\/zkkplamenpozega.hr\/index.php?rest_route=%2Fwp%2Fv2%2Fmedia&parent=4844"}],"wp:term":[{"taxonomy":"category","embeddable":true,"href":"https:\/\/zkkplamenpozega.hr\/index.php?rest_route=%2Fwp%2Fv2%2Fcategories&post=4844"},{"taxonomy":"post_tag","embeddable":true,"href":"https:\/\/zkkplamenpozega.hr\/index.php?rest_route=%2Fwp%2Fv2%2Ftags&post=4844"}],"curies":[{"name":"wp","href":"https:\/\/api.w.org\/{rel}","templated":true}]}}