{"id":4815,"date":"2025-07-21T15:14:02","date_gmt":"2025-07-21T15:14:02","guid":{"rendered":"https:\/\/zkkplamenpozega.hr\/?p=4815"},"modified":"2025-07-21T15:14:02","modified_gmt":"2025-07-21T15:14:02","slug":"novo-ime-na-vanjskim-pozicijama-mayra-caicedo-stize-u-plamen","status":"publish","type":"post","link":"https:\/\/zkkplamenpozega.hr\/?p=4815","title":{"rendered":"Novo ime na vanjskim pozicijama: Mayra Caicedo sti\u017ee u Plamen"},"content":{"rendered":"<p>Kao \u0161to ste ve\u0107 navikli, novi tjedan donosi i novo ime u rosteru Plamenih, a mi s veseljem nastavljamo s tom praksom. Za po\u010detak ovog tjedna predstavljamo vam novo poja\u010danje \u2013 <strong>Mayru Caicedo<\/strong>. Ova 25-godi\u0161nja i 161 cm visoka kolumbijska reprezentativka poja\u010dat \u0107e na\u0161e bekovske pozicije.<\/p>\n<p>Mayra dolazi iz brazilske LBF lige, gdje je nosila dres kluba <strong>Sodie Mesquita<\/strong>. U 21 odigranoj utakmici prosje\u010dno je bilje\u017eila 14,9 poena, 6,7 skokova i 5,4 asistencije po susretu.Prije toga igrala je za <strong>Indeportes Antioquia<\/strong> u Kolumbiji, a iskustvo je stjecala i u ameri\u010dkoj sveu\u010dili\u0161noj NCAA I ligi, nastupaju\u0107i za <strong>New Mexico Junior College<\/strong> (JUCO), <strong>University of Arkansas Little Rock<\/strong> i <strong>Tarleton State<\/strong>.<\/p>\n<p>Nakon \u0161to je pro\u0161la sve mla\u0111e selekcije reprezentacije, ve\u0107 niz godina standardna je \u010dlanica seniorske ekipe Kolumbije. Ovoga ljeta nastupila je na FIBA Women\u2019s AmeriCupu, najva\u017enijem kontinentalnom natjecanju za zemlje Sjeverne, Srednje i Ju\u017ene Amerike, na kojem je Kolumbija osvojila 5. mjesto. Brza, borbena i takti\u010dki odgovorna, Mayra bi u nadolaze\u0107oj sezoni trebala donijeti dodatnu energiju, obrambenu stabilnost i napada\u010dku prodornost u igru Plamenih.<\/p>\n<p>Dobro do\u0161la, Mayra!<\/p>\n","protected":false},"excerpt":{"rendered":"<p>Kao \u0161to ste ve\u0107 navikli, novi tjedan donosi i novo ime u rosteru Plamenih, a mi s veseljem nastavljamo s tom praksom. Za po\u010detak ovog tjedna predstavljamo vam novo poja\u010danje \u2013 Mayru Caicedo. Ova 25-godi\u0161nja i 161 cm visoka kolumbijska reprezentativka poja\u010dat \u0107e na\u0161e bekovske pozicije. Mayra dolazi iz brazilske LBF lige, gdje je nosila&#8230;<\/p>\n","protected":false},"author":5,"featured_media":4818,"comment_status":"closed","ping_status":"closed","sticky":false,"template":"","format":"standard","meta":{"_acf_changed":false,"footnotes":""},"categories":[120],"tags":[187],"class_list":["post-4815","post","type-post","status-publish","format-standard","has-post-thumbnail","hentry","category-novosti","tag-mayra-caicedo"],"acf":[],"yoast_head":"<!-- This site is optimized with the Yoast SEO plugin v27.4 - https:\/\/yoast.com\/product\/yoast-seo-wordpress\/ -->\n<title>Novo ime na vanjskim pozicijama: Mayra Caicedo sti\u017ee u Plamen - \u017dKK Plamen Po\u017eega<\/title>\n<meta name=\"robots\" content=\"index, follow, max-snippet:-1, max-image-preview:large, max-video-preview:-1\" \/>\n<link rel=\"canonical\" href=\"https:\/\/zkkplamenpozega.hr\/?p=4815\" \/>\n<meta property=\"og:locale\" content=\"hr_HR\" \/>\n<meta property=\"og:type\" content=\"article\" \/>\n<meta property=\"og:title\" content=\"Novo ime na vanjskim pozicijama: Mayra Caicedo sti\u017ee u Plamen - \u017dKK Plamen Po\u017eega\" \/>\n<meta property=\"og:description\" content=\"Kao \u0161to ste ve\u0107 navikli, novi tjedan donosi i novo ime u rosteru Plamenih, a mi s veseljem nastavljamo s tom praksom. Za po\u010detak ovog tjedna predstavljamo vam novo poja\u010danje \u2013 Mayru Caicedo. Ova 25-godi\u0161nja i 161 cm visoka kolumbijska reprezentativka poja\u010dat \u0107e na\u0161e bekovske pozicije. Mayra dolazi iz brazilske LBF lige, gdje je nosila...\" \/>\n<meta property=\"og:url\" content=\"https:\/\/zkkplamenpozega.hr\/?p=4815\" \/>\n<meta property=\"og:site_name\" content=\"\u017dKK Plamen Po\u017eega\" \/>\n<meta property=\"article:publisher\" content=\"https:\/\/www.facebook.com\/zkkplamenpozega\/\" \/>\n<meta property=\"article:published_time\" content=\"2025-07-21T15:14:02+00:00\" \/>\n<meta property=\"og:image\" content=\"https:\/\/zkkplamenpozega.hr\/wp-content\/uploads\/2025\/07\/Untitled-design-44.png\" \/>\n\t<meta property=\"og:image:width\" content=\"1600\" \/>\n\t<meta property=\"og:image:height\" content=\"900\" \/>\n\t<meta property=\"og:image:type\" content=\"image\/png\" \/>\n<meta name=\"author\" content=\"Kreso\" \/>\n<meta name=\"twitter:card\" content=\"summary_large_image\" \/>\n<meta name=\"twitter:label1\" content=\"Napisao\/la\" \/>\n\t<meta name=\"twitter:data1\" content=\"Kreso\" \/>\n\t<meta name=\"twitter:label2\" content=\"Procijenjeno vrijeme \u010ditanja\" \/>\n\t<meta name=\"twitter:data2\" content=\"2 minute\" \/>\n<script type=\"application\/ld+json\" class=\"yoast-schema-graph\">{\"@context\":\"https:\\\/\\\/schema.org\",\"@graph\":[{\"@type\":\"Article\",\"@id\":\"https:\\\/\\\/zkkplamenpozega.hr\\\/?p=4815#article\",\"isPartOf\":{\"@id\":\"https:\\\/\\\/zkkplamenpozega.hr\\\/?p=4815\"},\"author\":{\"name\":\"Kreso\",\"@id\":\"https:\\\/\\\/zkkplamenpozega.hr\\\/#\\\/schema\\\/person\\\/3d6e04918ebd6d498047f8e06ca8e915\"},\"headline\":\"Novo ime na vanjskim pozicijama: Mayra Caicedo sti\u017ee u Plamen\",\"datePublished\":\"2025-07-21T15:14:02+00:00\",\"mainEntityOfPage\":{\"@id\":\"https:\\\/\\\/zkkplamenpozega.hr\\\/?p=4815\"},\"wordCount\":201,\"publisher\":{\"@id\":\"https:\\\/\\\/zkkplamenpozega.hr\\\/#organization\"},\"image\":{\"@id\":\"https:\\\/\\\/zkkplamenpozega.hr\\\/?p=4815#primaryimage\"},\"thumbnailUrl\":\"https:\\\/\\\/zkkplamenpozega.hr\\\/wp-content\\\/uploads\\\/2025\\\/07\\\/Untitled-design-44.png\",\"keywords\":[\"Mayra Caicedo\"],\"articleSection\":[\"Novosti\"],\"inLanguage\":\"hr\"},{\"@type\":\"WebPage\",\"@id\":\"https:\\\/\\\/zkkplamenpozega.hr\\\/?p=4815\",\"url\":\"https:\\\/\\\/zkkplamenpozega.hr\\\/?p=4815\",\"name\":\"Novo ime na vanjskim pozicijama: Mayra Caicedo sti\u017ee u Plamen - \u017dKK Plamen Po\u017eega\",\"isPartOf\":{\"@id\":\"https:\\\/\\\/zkkplamenpozega.hr\\\/#website\"},\"primaryImageOfPage\":{\"@id\":\"https:\\\/\\\/zkkplamenpozega.hr\\\/?p=4815#primaryimage\"},\"image\":{\"@id\":\"https:\\\/\\\/zkkplamenpozega.hr\\\/?p=4815#primaryimage\"},\"thumbnailUrl\":\"https:\\\/\\\/zkkplamenpozega.hr\\\/wp-content\\\/uploads\\\/2025\\\/07\\\/Untitled-design-44.png\",\"datePublished\":\"2025-07-21T15:14:02+00:00\",\"breadcrumb\":{\"@id\":\"https:\\\/\\\/zkkplamenpozega.hr\\\/?p=4815#breadcrumb\"},\"inLanguage\":\"hr\",\"potentialAction\":[{\"@type\":\"ReadAction\",\"target\":[\"https:\\\/\\\/zkkplamenpozega.hr\\\/?p=4815\"]}]},{\"@type\":\"ImageObject\",\"inLanguage\":\"hr\",\"@id\":\"https:\\\/\\\/zkkplamenpozega.hr\\\/?p=4815#primaryimage\",\"url\":\"https:\\\/\\\/zkkplamenpozega.hr\\\/wp-content\\\/uploads\\\/2025\\\/07\\\/Untitled-design-44.png\",\"contentUrl\":\"https:\\\/\\\/zkkplamenpozega.hr\\\/wp-content\\\/uploads\\\/2025\\\/07\\\/Untitled-design-44.png\",\"width\":1600,\"height\":900},{\"@type\":\"BreadcrumbList\",\"@id\":\"https:\\\/\\\/zkkplamenpozega.hr\\\/?p=4815#breadcrumb\",\"itemListElement\":[{\"@type\":\"ListItem\",\"position\":1,\"name\":\"Po\u010detna stranica\",\"item\":\"https:\\\/\\\/zkkplamenpozega.hr\\\/\"},{\"@type\":\"ListItem\",\"position\":2,\"name\":\"Novo ime na vanjskim pozicijama: Mayra Caicedo sti\u017ee u Plamen\"}]},{\"@type\":\"WebSite\",\"@id\":\"https:\\\/\\\/zkkplamenpozega.hr\\\/#website\",\"url\":\"https:\\\/\\\/zkkplamenpozega.hr\\\/\",\"name\":\"\u017dKK Plamen Po\u017eega\",\"description\":\"Plamene su najbolje\",\"publisher\":{\"@id\":\"https:\\\/\\\/zkkplamenpozega.hr\\\/#organization\"},\"potentialAction\":[{\"@type\":\"SearchAction\",\"target\":{\"@type\":\"EntryPoint\",\"urlTemplate\":\"https:\\\/\\\/zkkplamenpozega.hr\\\/?s={search_term_string}\"},\"query-input\":{\"@type\":\"PropertyValueSpecification\",\"valueRequired\":true,\"valueName\":\"search_term_string\"}}],\"inLanguage\":\"hr\"},{\"@type\":\"Organization\",\"@id\":\"https:\\\/\\\/zkkplamenpozega.hr\\\/#organization\",\"name\":\"\u017denski ko\u0161arka\u0161ki klub Plamen Po\u017eega\",\"url\":\"https:\\\/\\\/zkkplamenpozega.hr\\\/\",\"logo\":{\"@type\":\"ImageObject\",\"inLanguage\":\"hr\",\"@id\":\"https:\\\/\\\/zkkplamenpozega.hr\\\/#\\\/schema\\\/logo\\\/image\\\/\",\"url\":\"https:\\\/\\\/zkkplamenpozega.hr\\\/wp-content\\\/uploads\\\/2020\\\/10\\\/logo-zkkpozega-e1602941511846.png\",\"contentUrl\":\"https:\\\/\\\/zkkplamenpozega.hr\\\/wp-content\\\/uploads\\\/2020\\\/10\\\/logo-zkkpozega-e1602941511846.png\",\"width\":400,\"height\":236,\"caption\":\"\u017denski ko\u0161arka\u0161ki klub Plamen Po\u017eega\"},\"image\":{\"@id\":\"https:\\\/\\\/zkkplamenpozega.hr\\\/#\\\/schema\\\/logo\\\/image\\\/\"},\"sameAs\":[\"https:\\\/\\\/www.facebook.com\\\/zkkplamenpozega\\\/\",\"https:\\\/\\\/www.instagram.com\\\/zkkplamenpozega\\\/?hl=hr\"]},{\"@type\":\"Person\",\"@id\":\"https:\\\/\\\/zkkplamenpozega.hr\\\/#\\\/schema\\\/person\\\/3d6e04918ebd6d498047f8e06ca8e915\",\"name\":\"Kreso\",\"image\":{\"@type\":\"ImageObject\",\"inLanguage\":\"hr\",\"@id\":\"https:\\\/\\\/secure.gravatar.com\\\/avatar\\\/44643690ce7f74819c091da2e59b8ec9a85b7089dcc2ae83c46287616c83fff9?s=96&d=mm&r=g\",\"url\":\"https:\\\/\\\/secure.gravatar.com\\\/avatar\\\/44643690ce7f74819c091da2e59b8ec9a85b7089dcc2ae83c46287616c83fff9?s=96&d=mm&r=g\",\"contentUrl\":\"https:\\\/\\\/secure.gravatar.com\\\/avatar\\\/44643690ce7f74819c091da2e59b8ec9a85b7089dcc2ae83c46287616c83fff9?s=96&d=mm&r=g\",\"caption\":\"Kreso\"}}]}<\/script>\n<!-- \/ Yoast SEO plugin. -->","yoast_head_json":{"title":"Novo ime na vanjskim pozicijama: Mayra Caicedo sti\u017ee u Plamen - \u017dKK Plamen Po\u017eega","robots":{"index":"index","follow":"follow","max-snippet":"max-snippet:-1","max-image-preview":"max-image-preview:large","max-video-preview":"max-video-preview:-1"},"canonical":"https:\/\/zkkplamenpozega.hr\/?p=4815","og_locale":"hr_HR","og_type":"article","og_title":"Novo ime na vanjskim pozicijama: Mayra Caicedo sti\u017ee u Plamen - \u017dKK Plamen Po\u017eega","og_description":"Kao \u0161to ste ve\u0107 navikli, novi tjedan donosi i novo ime u rosteru Plamenih, a mi s veseljem nastavljamo s tom praksom. Za po\u010detak ovog tjedna predstavljamo vam novo poja\u010danje \u2013 Mayru Caicedo. Ova 25-godi\u0161nja i 161 cm visoka kolumbijska reprezentativka poja\u010dat \u0107e na\u0161e bekovske pozicije. Mayra dolazi iz brazilske LBF lige, gdje je nosila...","og_url":"https:\/\/zkkplamenpozega.hr\/?p=4815","og_site_name":"\u017dKK Plamen Po\u017eega","article_publisher":"https:\/\/www.facebook.com\/zkkplamenpozega\/","article_published_time":"2025-07-21T15:14:02+00:00","og_image":[{"width":1600,"height":900,"url":"https:\/\/zkkplamenpozega.hr\/wp-content\/uploads\/2025\/07\/Untitled-design-44.png","type":"image\/png"}],"author":"Kreso","twitter_card":"summary_large_image","twitter_misc":{"Napisao\/la":"Kreso","Procijenjeno vrijeme \u010ditanja":"2 minute"},"schema":{"@context":"https:\/\/schema.org","@graph":[{"@type":"Article","@id":"https:\/\/zkkplamenpozega.hr\/?p=4815#article","isPartOf":{"@id":"https:\/\/zkkplamenpozega.hr\/?p=4815"},"author":{"name":"Kreso","@id":"https:\/\/zkkplamenpozega.hr\/#\/schema\/person\/3d6e04918ebd6d498047f8e06ca8e915"},"headline":"Novo ime na vanjskim pozicijama: Mayra Caicedo sti\u017ee u Plamen","datePublished":"2025-07-21T15:14:02+00:00","mainEntityOfPage":{"@id":"https:\/\/zkkplamenpozega.hr\/?p=4815"},"wordCount":201,"publisher":{"@id":"https:\/\/zkkplamenpozega.hr\/#organization"},"image":{"@id":"https:\/\/zkkplamenpozega.hr\/?p=4815#primaryimage"},"thumbnailUrl":"https:\/\/zkkplamenpozega.hr\/wp-content\/uploads\/2025\/07\/Untitled-design-44.png","keywords":["Mayra Caicedo"],"articleSection":["Novosti"],"inLanguage":"hr"},{"@type":"WebPage","@id":"https:\/\/zkkplamenpozega.hr\/?p=4815","url":"https:\/\/zkkplamenpozega.hr\/?p=4815","name":"Novo ime na vanjskim pozicijama: Mayra Caicedo sti\u017ee u Plamen - \u017dKK Plamen Po\u017eega","isPartOf":{"@id":"https:\/\/zkkplamenpozega.hr\/#website"},"primaryImageOfPage":{"@id":"https:\/\/zkkplamenpozega.hr\/?p=4815#primaryimage"},"image":{"@id":"https:\/\/zkkplamenpozega.hr\/?p=4815#primaryimage"},"thumbnailUrl":"https:\/\/zkkplamenpozega.hr\/wp-content\/uploads\/2025\/07\/Untitled-design-44.png","datePublished":"2025-07-21T15:14:02+00:00","breadcrumb":{"@id":"https:\/\/zkkplamenpozega.hr\/?p=4815#breadcrumb"},"inLanguage":"hr","potentialAction":[{"@type":"ReadAction","target":["https:\/\/zkkplamenpozega.hr\/?p=4815"]}]},{"@type":"ImageObject","inLanguage":"hr","@id":"https:\/\/zkkplamenpozega.hr\/?p=4815#primaryimage","url":"https:\/\/zkkplamenpozega.hr\/wp-content\/uploads\/2025\/07\/Untitled-design-44.png","contentUrl":"https:\/\/zkkplamenpozega.hr\/wp-content\/uploads\/2025\/07\/Untitled-design-44.png","width":1600,"height":900},{"@type":"BreadcrumbList","@id":"https:\/\/zkkplamenpozega.hr\/?p=4815#breadcrumb","itemListElement":[{"@type":"ListItem","position":1,"name":"Po\u010detna stranica","item":"https:\/\/zkkplamenpozega.hr\/"},{"@type":"ListItem","position":2,"name":"Novo ime na vanjskim pozicijama: Mayra Caicedo sti\u017ee u Plamen"}]},{"@type":"WebSite","@id":"https:\/\/zkkplamenpozega.hr\/#website","url":"https:\/\/zkkplamenpozega.hr\/","name":"\u017dKK Plamen Po\u017eega","description":"Plamene su najbolje","publisher":{"@id":"https:\/\/zkkplamenpozega.hr\/#organization"},"potentialAction":[{"@type":"SearchAction","target":{"@type":"EntryPoint","urlTemplate":"https:\/\/zkkplamenpozega.hr\/?s={search_term_string}"},"query-input":{"@type":"PropertyValueSpecification","valueRequired":true,"valueName":"search_term_string"}}],"inLanguage":"hr"},{"@type":"Organization","@id":"https:\/\/zkkplamenpozega.hr\/#organization","name":"\u017denski ko\u0161arka\u0161ki klub Plamen Po\u017eega","url":"https:\/\/zkkplamenpozega.hr\/","logo":{"@type":"ImageObject","inLanguage":"hr","@id":"https:\/\/zkkplamenpozega.hr\/#\/schema\/logo\/image\/","url":"https:\/\/zkkplamenpozega.hr\/wp-content\/uploads\/2020\/10\/logo-zkkpozega-e1602941511846.png","contentUrl":"https:\/\/zkkplamenpozega.hr\/wp-content\/uploads\/2020\/10\/logo-zkkpozega-e1602941511846.png","width":400,"height":236,"caption":"\u017denski ko\u0161arka\u0161ki klub Plamen Po\u017eega"},"image":{"@id":"https:\/\/zkkplamenpozega.hr\/#\/schema\/logo\/image\/"},"sameAs":["https:\/\/www.facebook.com\/zkkplamenpozega\/","https:\/\/www.instagram.com\/zkkplamenpozega\/?hl=hr"]},{"@type":"Person","@id":"https:\/\/zkkplamenpozega.hr\/#\/schema\/person\/3d6e04918ebd6d498047f8e06ca8e915","name":"Kreso","image":{"@type":"ImageObject","inLanguage":"hr","@id":"https:\/\/secure.gravatar.com\/avatar\/44643690ce7f74819c091da2e59b8ec9a85b7089dcc2ae83c46287616c83fff9?s=96&d=mm&r=g","url":"https:\/\/secure.gravatar.com\/avatar\/44643690ce7f74819c091da2e59b8ec9a85b7089dcc2ae83c46287616c83fff9?s=96&d=mm&r=g","contentUrl":"https:\/\/secure.gravatar.com\/avatar\/44643690ce7f74819c091da2e59b8ec9a85b7089dcc2ae83c46287616c83fff9?s=96&d=mm&r=g","caption":"Kreso"}}]}},"_links":{"self":[{"href":"https:\/\/zkkplamenpozega.hr\/index.php?rest_route=\/wp\/v2\/posts\/4815","targetHints":{"allow":["GET"]}}],"collection":[{"href":"https:\/\/zkkplamenpozega.hr\/index.php?rest_route=\/wp\/v2\/posts"}],"about":[{"href":"https:\/\/zkkplamenpozega.hr\/index.php?rest_route=\/wp\/v2\/types\/post"}],"author":[{"embeddable":true,"href":"https:\/\/zkkplamenpozega.hr\/index.php?rest_route=\/wp\/v2\/users\/5"}],"replies":[{"embeddable":true,"href":"https:\/\/zkkplamenpozega.hr\/index.php?rest_route=%2Fwp%2Fv2%2Fcomments&post=4815"}],"version-history":[{"count":3,"href":"https:\/\/zkkplamenpozega.hr\/index.php?rest_route=\/wp\/v2\/posts\/4815\/revisions"}],"predecessor-version":[{"id":4820,"href":"https:\/\/zkkplamenpozega.hr\/index.php?rest_route=\/wp\/v2\/posts\/4815\/revisions\/4820"}],"wp:featuredmedia":[{"embeddable":true,"href":"https:\/\/zkkplamenpozega.hr\/index.php?rest_route=\/wp\/v2\/media\/4818"}],"wp:attachment":[{"href":"https:\/\/zkkplamenpozega.hr\/index.php?rest_route=%2Fwp%2Fv2%2Fmedia&parent=4815"}],"wp:term":[{"taxonomy":"category","embeddable":true,"href":"https:\/\/zkkplamenpozega.hr\/index.php?rest_route=%2Fwp%2Fv2%2Fcategories&post=4815"},{"taxonomy":"post_tag","embeddable":true,"href":"https:\/\/zkkplamenpozega.hr\/index.php?rest_route=%2Fwp%2Fv2%2Ftags&post=4815"}],"curies":[{"name":"wp","href":"https:\/\/api.w.org\/{rel}","templated":true}]}}