{"id":4784,"date":"2025-07-07T14:46:24","date_gmt":"2025-07-07T14:46:24","guid":{"rendered":"https:\/\/zkkplamenpozega.hr\/?p=4784"},"modified":"2025-07-07T14:46:24","modified_gmt":"2025-07-07T14:46:24","slug":"gabriela-grizelj-novo-pojacanje-plamen-pozege","status":"publish","type":"post","link":"https:\/\/zkkplamenpozega.hr\/?p=4784","title":{"rendered":"Gabriela Grizelj novo poja\u010danje Plamen Po\u017eege"},"content":{"rendered":"<p>\u017dKK Plamen Po\u017eega s velikim zadovoljstvom potvr\u0111uje dolazak <strong>Gabriele Grizelj<\/strong> (24), jedne od najistaknutijih igra\u010dica Premijer \u017eenske lige, koja \u0107e od sljede\u0107e sezone nositi dres na\u0161eg kluba. Grizelj u Po\u017eegu dolazi iz zagreba\u010dkog Medve\u0161\u010daka, gdje je u netom zavr\u0161enoj sezoni bila nositeljica igre s prosjekom od 15,9 poena, 6,4 skoka i 5,4 asistencije u 22 odigrane utakmice.<\/p>\n<p>Rije\u010d je o svestranoj vanjskoj igra\u010dici s pouzdanom igrom u oba pravca. Prije Medve\u0161\u010daka nosila je dresove<strong> \u017dKK Zagreba<\/strong> i splitskog<strong> KA\u017dL-a<\/strong>, gdje je kroz seniorske sezone izgradila reputaciju borbene, stabilne i inteligentne igra\u010dice koja podi\u017ee ritam ekipe i preuzima odgovornost kada je najpotrebnije. Tako\u0111er je bila dio mla\u0111ih reprezentativnih selekcija na\u0161e zemlje (U-18 i U-20).<\/p>\n<p>Povodom dolaska u Plamen Po\u017eegu, Grizelj je izjavila: \u201e<strong>Smatram da je ovo najbolja opcija za mene u ovom trenutku i vjerujem u ambicije koje klub ima za predstoje\u0107u sezonu. Veselim se izazovima koji su pred nama i nadam se uspje\u0161noj sezoni \u2013 za mene osobno, ali prije svega za cijelu ekipu<\/strong>.\u201c Dobrodo\u0161la, Gabriela!<\/p>\n","protected":false},"excerpt":{"rendered":"<p>\u017dKK Plamen Po\u017eega s velikim zadovoljstvom potvr\u0111uje dolazak Gabriele Grizelj (24), jedne od najistaknutijih igra\u010dica Premijer \u017eenske lige, koja \u0107e od sljede\u0107e sezone nositi dres na\u0161eg kluba. Grizelj u Po\u017eegu dolazi iz zagreba\u010dkog Medve\u0161\u010daka, gdje je u netom zavr\u0161enoj sezoni bila nositeljica igre s prosjekom od 15,9 poena, 6,4 skoka i 5,4 asistencije u 22&#8230;<\/p>\n","protected":false},"author":5,"featured_media":4785,"comment_status":"closed","ping_status":"closed","sticky":false,"template":"","format":"standard","meta":{"_acf_changed":false,"footnotes":""},"categories":[120],"tags":[184],"class_list":["post-4784","post","type-post","status-publish","format-standard","has-post-thumbnail","hentry","category-novosti","tag-gabriela-grizelj"],"acf":[],"yoast_head":"<!-- This site is optimized with the Yoast SEO plugin v27.4 - https:\/\/yoast.com\/product\/yoast-seo-wordpress\/ -->\n<title>Gabriela Grizelj novo poja\u010danje Plamen Po\u017eege - \u017dKK Plamen Po\u017eega<\/title>\n<meta name=\"robots\" content=\"index, follow, max-snippet:-1, max-image-preview:large, max-video-preview:-1\" \/>\n<link rel=\"canonical\" href=\"https:\/\/zkkplamenpozega.hr\/?p=4784\" \/>\n<meta property=\"og:locale\" content=\"hr_HR\" \/>\n<meta property=\"og:type\" content=\"article\" \/>\n<meta property=\"og:title\" content=\"Gabriela Grizelj novo poja\u010danje Plamen Po\u017eege - \u017dKK Plamen Po\u017eega\" \/>\n<meta property=\"og:description\" content=\"\u017dKK Plamen Po\u017eega s velikim zadovoljstvom potvr\u0111uje dolazak Gabriele Grizelj (24), jedne od najistaknutijih igra\u010dica Premijer \u017eenske lige, koja \u0107e od sljede\u0107e sezone nositi dres na\u0161eg kluba. Grizelj u Po\u017eegu dolazi iz zagreba\u010dkog Medve\u0161\u010daka, gdje je u netom zavr\u0161enoj sezoni bila nositeljica igre s prosjekom od 15,9 poena, 6,4 skoka i 5,4 asistencije u 22...\" \/>\n<meta property=\"og:url\" content=\"https:\/\/zkkplamenpozega.hr\/?p=4784\" \/>\n<meta property=\"og:site_name\" content=\"\u017dKK Plamen Po\u017eega\" \/>\n<meta property=\"article:publisher\" content=\"https:\/\/www.facebook.com\/zkkplamenpozega\/\" \/>\n<meta property=\"article:published_time\" content=\"2025-07-07T14:46:24+00:00\" \/>\n<meta property=\"og:image\" content=\"https:\/\/zkkplamenpozega.hr\/wp-content\/uploads\/2025\/07\/Untitled-design-36.png\" \/>\n\t<meta property=\"og:image:width\" content=\"1600\" \/>\n\t<meta property=\"og:image:height\" content=\"900\" \/>\n\t<meta property=\"og:image:type\" content=\"image\/png\" \/>\n<meta name=\"author\" content=\"Kreso\" \/>\n<meta name=\"twitter:card\" content=\"summary_large_image\" \/>\n<meta name=\"twitter:label1\" content=\"Napisao\/la\" \/>\n\t<meta name=\"twitter:data1\" content=\"Kreso\" \/>\n\t<meta name=\"twitter:label2\" content=\"Procijenjeno vrijeme \u010ditanja\" \/>\n\t<meta name=\"twitter:data2\" content=\"2 minute\" \/>\n<script type=\"application\/ld+json\" class=\"yoast-schema-graph\">{\"@context\":\"https:\\\/\\\/schema.org\",\"@graph\":[{\"@type\":\"Article\",\"@id\":\"https:\\\/\\\/zkkplamenpozega.hr\\\/?p=4784#article\",\"isPartOf\":{\"@id\":\"https:\\\/\\\/zkkplamenpozega.hr\\\/?p=4784\"},\"author\":{\"name\":\"Kreso\",\"@id\":\"https:\\\/\\\/zkkplamenpozega.hr\\\/#\\\/schema\\\/person\\\/3d6e04918ebd6d498047f8e06ca8e915\"},\"headline\":\"Gabriela Grizelj novo poja\u010danje Plamen Po\u017eege\",\"datePublished\":\"2025-07-07T14:46:24+00:00\",\"mainEntityOfPage\":{\"@id\":\"https:\\\/\\\/zkkplamenpozega.hr\\\/?p=4784\"},\"wordCount\":189,\"publisher\":{\"@id\":\"https:\\\/\\\/zkkplamenpozega.hr\\\/#organization\"},\"image\":{\"@id\":\"https:\\\/\\\/zkkplamenpozega.hr\\\/?p=4784#primaryimage\"},\"thumbnailUrl\":\"https:\\\/\\\/zkkplamenpozega.hr\\\/wp-content\\\/uploads\\\/2025\\\/07\\\/Untitled-design-36.png\",\"keywords\":[\"Gabriela Grizelj\"],\"articleSection\":[\"Novosti\"],\"inLanguage\":\"hr\"},{\"@type\":\"WebPage\",\"@id\":\"https:\\\/\\\/zkkplamenpozega.hr\\\/?p=4784\",\"url\":\"https:\\\/\\\/zkkplamenpozega.hr\\\/?p=4784\",\"name\":\"Gabriela Grizelj novo poja\u010danje Plamen Po\u017eege - \u017dKK Plamen Po\u017eega\",\"isPartOf\":{\"@id\":\"https:\\\/\\\/zkkplamenpozega.hr\\\/#website\"},\"primaryImageOfPage\":{\"@id\":\"https:\\\/\\\/zkkplamenpozega.hr\\\/?p=4784#primaryimage\"},\"image\":{\"@id\":\"https:\\\/\\\/zkkplamenpozega.hr\\\/?p=4784#primaryimage\"},\"thumbnailUrl\":\"https:\\\/\\\/zkkplamenpozega.hr\\\/wp-content\\\/uploads\\\/2025\\\/07\\\/Untitled-design-36.png\",\"datePublished\":\"2025-07-07T14:46:24+00:00\",\"breadcrumb\":{\"@id\":\"https:\\\/\\\/zkkplamenpozega.hr\\\/?p=4784#breadcrumb\"},\"inLanguage\":\"hr\",\"potentialAction\":[{\"@type\":\"ReadAction\",\"target\":[\"https:\\\/\\\/zkkplamenpozega.hr\\\/?p=4784\"]}]},{\"@type\":\"ImageObject\",\"inLanguage\":\"hr\",\"@id\":\"https:\\\/\\\/zkkplamenpozega.hr\\\/?p=4784#primaryimage\",\"url\":\"https:\\\/\\\/zkkplamenpozega.hr\\\/wp-content\\\/uploads\\\/2025\\\/07\\\/Untitled-design-36.png\",\"contentUrl\":\"https:\\\/\\\/zkkplamenpozega.hr\\\/wp-content\\\/uploads\\\/2025\\\/07\\\/Untitled-design-36.png\",\"width\":1600,\"height\":900},{\"@type\":\"BreadcrumbList\",\"@id\":\"https:\\\/\\\/zkkplamenpozega.hr\\\/?p=4784#breadcrumb\",\"itemListElement\":[{\"@type\":\"ListItem\",\"position\":1,\"name\":\"Po\u010detna stranica\",\"item\":\"https:\\\/\\\/zkkplamenpozega.hr\\\/\"},{\"@type\":\"ListItem\",\"position\":2,\"name\":\"Gabriela Grizelj novo poja\u010danje Plamen Po\u017eege\"}]},{\"@type\":\"WebSite\",\"@id\":\"https:\\\/\\\/zkkplamenpozega.hr\\\/#website\",\"url\":\"https:\\\/\\\/zkkplamenpozega.hr\\\/\",\"name\":\"\u017dKK Plamen Po\u017eega\",\"description\":\"Plamene su najbolje\",\"publisher\":{\"@id\":\"https:\\\/\\\/zkkplamenpozega.hr\\\/#organization\"},\"potentialAction\":[{\"@type\":\"SearchAction\",\"target\":{\"@type\":\"EntryPoint\",\"urlTemplate\":\"https:\\\/\\\/zkkplamenpozega.hr\\\/?s={search_term_string}\"},\"query-input\":{\"@type\":\"PropertyValueSpecification\",\"valueRequired\":true,\"valueName\":\"search_term_string\"}}],\"inLanguage\":\"hr\"},{\"@type\":\"Organization\",\"@id\":\"https:\\\/\\\/zkkplamenpozega.hr\\\/#organization\",\"name\":\"\u017denski ko\u0161arka\u0161ki klub Plamen Po\u017eega\",\"url\":\"https:\\\/\\\/zkkplamenpozega.hr\\\/\",\"logo\":{\"@type\":\"ImageObject\",\"inLanguage\":\"hr\",\"@id\":\"https:\\\/\\\/zkkplamenpozega.hr\\\/#\\\/schema\\\/logo\\\/image\\\/\",\"url\":\"https:\\\/\\\/zkkplamenpozega.hr\\\/wp-content\\\/uploads\\\/2020\\\/10\\\/logo-zkkpozega-e1602941511846.png\",\"contentUrl\":\"https:\\\/\\\/zkkplamenpozega.hr\\\/wp-content\\\/uploads\\\/2020\\\/10\\\/logo-zkkpozega-e1602941511846.png\",\"width\":400,\"height\":236,\"caption\":\"\u017denski ko\u0161arka\u0161ki klub Plamen Po\u017eega\"},\"image\":{\"@id\":\"https:\\\/\\\/zkkplamenpozega.hr\\\/#\\\/schema\\\/logo\\\/image\\\/\"},\"sameAs\":[\"https:\\\/\\\/www.facebook.com\\\/zkkplamenpozega\\\/\",\"https:\\\/\\\/www.instagram.com\\\/zkkplamenpozega\\\/?hl=hr\"]},{\"@type\":\"Person\",\"@id\":\"https:\\\/\\\/zkkplamenpozega.hr\\\/#\\\/schema\\\/person\\\/3d6e04918ebd6d498047f8e06ca8e915\",\"name\":\"Kreso\",\"image\":{\"@type\":\"ImageObject\",\"inLanguage\":\"hr\",\"@id\":\"https:\\\/\\\/secure.gravatar.com\\\/avatar\\\/44643690ce7f74819c091da2e59b8ec9a85b7089dcc2ae83c46287616c83fff9?s=96&d=mm&r=g\",\"url\":\"https:\\\/\\\/secure.gravatar.com\\\/avatar\\\/44643690ce7f74819c091da2e59b8ec9a85b7089dcc2ae83c46287616c83fff9?s=96&d=mm&r=g\",\"contentUrl\":\"https:\\\/\\\/secure.gravatar.com\\\/avatar\\\/44643690ce7f74819c091da2e59b8ec9a85b7089dcc2ae83c46287616c83fff9?s=96&d=mm&r=g\",\"caption\":\"Kreso\"}}]}<\/script>\n<!-- \/ Yoast SEO plugin. -->","yoast_head_json":{"title":"Gabriela Grizelj novo poja\u010danje Plamen Po\u017eege - \u017dKK Plamen Po\u017eega","robots":{"index":"index","follow":"follow","max-snippet":"max-snippet:-1","max-image-preview":"max-image-preview:large","max-video-preview":"max-video-preview:-1"},"canonical":"https:\/\/zkkplamenpozega.hr\/?p=4784","og_locale":"hr_HR","og_type":"article","og_title":"Gabriela Grizelj novo poja\u010danje Plamen Po\u017eege - \u017dKK Plamen Po\u017eega","og_description":"\u017dKK Plamen Po\u017eega s velikim zadovoljstvom potvr\u0111uje dolazak Gabriele Grizelj (24), jedne od najistaknutijih igra\u010dica Premijer \u017eenske lige, koja \u0107e od sljede\u0107e sezone nositi dres na\u0161eg kluba. Grizelj u Po\u017eegu dolazi iz zagreba\u010dkog Medve\u0161\u010daka, gdje je u netom zavr\u0161enoj sezoni bila nositeljica igre s prosjekom od 15,9 poena, 6,4 skoka i 5,4 asistencije u 22...","og_url":"https:\/\/zkkplamenpozega.hr\/?p=4784","og_site_name":"\u017dKK Plamen Po\u017eega","article_publisher":"https:\/\/www.facebook.com\/zkkplamenpozega\/","article_published_time":"2025-07-07T14:46:24+00:00","og_image":[{"width":1600,"height":900,"url":"https:\/\/zkkplamenpozega.hr\/wp-content\/uploads\/2025\/07\/Untitled-design-36.png","type":"image\/png"}],"author":"Kreso","twitter_card":"summary_large_image","twitter_misc":{"Napisao\/la":"Kreso","Procijenjeno vrijeme \u010ditanja":"2 minute"},"schema":{"@context":"https:\/\/schema.org","@graph":[{"@type":"Article","@id":"https:\/\/zkkplamenpozega.hr\/?p=4784#article","isPartOf":{"@id":"https:\/\/zkkplamenpozega.hr\/?p=4784"},"author":{"name":"Kreso","@id":"https:\/\/zkkplamenpozega.hr\/#\/schema\/person\/3d6e04918ebd6d498047f8e06ca8e915"},"headline":"Gabriela Grizelj novo poja\u010danje Plamen Po\u017eege","datePublished":"2025-07-07T14:46:24+00:00","mainEntityOfPage":{"@id":"https:\/\/zkkplamenpozega.hr\/?p=4784"},"wordCount":189,"publisher":{"@id":"https:\/\/zkkplamenpozega.hr\/#organization"},"image":{"@id":"https:\/\/zkkplamenpozega.hr\/?p=4784#primaryimage"},"thumbnailUrl":"https:\/\/zkkplamenpozega.hr\/wp-content\/uploads\/2025\/07\/Untitled-design-36.png","keywords":["Gabriela Grizelj"],"articleSection":["Novosti"],"inLanguage":"hr"},{"@type":"WebPage","@id":"https:\/\/zkkplamenpozega.hr\/?p=4784","url":"https:\/\/zkkplamenpozega.hr\/?p=4784","name":"Gabriela Grizelj novo poja\u010danje Plamen Po\u017eege - \u017dKK Plamen Po\u017eega","isPartOf":{"@id":"https:\/\/zkkplamenpozega.hr\/#website"},"primaryImageOfPage":{"@id":"https:\/\/zkkplamenpozega.hr\/?p=4784#primaryimage"},"image":{"@id":"https:\/\/zkkplamenpozega.hr\/?p=4784#primaryimage"},"thumbnailUrl":"https:\/\/zkkplamenpozega.hr\/wp-content\/uploads\/2025\/07\/Untitled-design-36.png","datePublished":"2025-07-07T14:46:24+00:00","breadcrumb":{"@id":"https:\/\/zkkplamenpozega.hr\/?p=4784#breadcrumb"},"inLanguage":"hr","potentialAction":[{"@type":"ReadAction","target":["https:\/\/zkkplamenpozega.hr\/?p=4784"]}]},{"@type":"ImageObject","inLanguage":"hr","@id":"https:\/\/zkkplamenpozega.hr\/?p=4784#primaryimage","url":"https:\/\/zkkplamenpozega.hr\/wp-content\/uploads\/2025\/07\/Untitled-design-36.png","contentUrl":"https:\/\/zkkplamenpozega.hr\/wp-content\/uploads\/2025\/07\/Untitled-design-36.png","width":1600,"height":900},{"@type":"BreadcrumbList","@id":"https:\/\/zkkplamenpozega.hr\/?p=4784#breadcrumb","itemListElement":[{"@type":"ListItem","position":1,"name":"Po\u010detna stranica","item":"https:\/\/zkkplamenpozega.hr\/"},{"@type":"ListItem","position":2,"name":"Gabriela Grizelj novo poja\u010danje Plamen Po\u017eege"}]},{"@type":"WebSite","@id":"https:\/\/zkkplamenpozega.hr\/#website","url":"https:\/\/zkkplamenpozega.hr\/","name":"\u017dKK Plamen Po\u017eega","description":"Plamene su najbolje","publisher":{"@id":"https:\/\/zkkplamenpozega.hr\/#organization"},"potentialAction":[{"@type":"SearchAction","target":{"@type":"EntryPoint","urlTemplate":"https:\/\/zkkplamenpozega.hr\/?s={search_term_string}"},"query-input":{"@type":"PropertyValueSpecification","valueRequired":true,"valueName":"search_term_string"}}],"inLanguage":"hr"},{"@type":"Organization","@id":"https:\/\/zkkplamenpozega.hr\/#organization","name":"\u017denski ko\u0161arka\u0161ki klub Plamen Po\u017eega","url":"https:\/\/zkkplamenpozega.hr\/","logo":{"@type":"ImageObject","inLanguage":"hr","@id":"https:\/\/zkkplamenpozega.hr\/#\/schema\/logo\/image\/","url":"https:\/\/zkkplamenpozega.hr\/wp-content\/uploads\/2020\/10\/logo-zkkpozega-e1602941511846.png","contentUrl":"https:\/\/zkkplamenpozega.hr\/wp-content\/uploads\/2020\/10\/logo-zkkpozega-e1602941511846.png","width":400,"height":236,"caption":"\u017denski ko\u0161arka\u0161ki klub Plamen Po\u017eega"},"image":{"@id":"https:\/\/zkkplamenpozega.hr\/#\/schema\/logo\/image\/"},"sameAs":["https:\/\/www.facebook.com\/zkkplamenpozega\/","https:\/\/www.instagram.com\/zkkplamenpozega\/?hl=hr"]},{"@type":"Person","@id":"https:\/\/zkkplamenpozega.hr\/#\/schema\/person\/3d6e04918ebd6d498047f8e06ca8e915","name":"Kreso","image":{"@type":"ImageObject","inLanguage":"hr","@id":"https:\/\/secure.gravatar.com\/avatar\/44643690ce7f74819c091da2e59b8ec9a85b7089dcc2ae83c46287616c83fff9?s=96&d=mm&r=g","url":"https:\/\/secure.gravatar.com\/avatar\/44643690ce7f74819c091da2e59b8ec9a85b7089dcc2ae83c46287616c83fff9?s=96&d=mm&r=g","contentUrl":"https:\/\/secure.gravatar.com\/avatar\/44643690ce7f74819c091da2e59b8ec9a85b7089dcc2ae83c46287616c83fff9?s=96&d=mm&r=g","caption":"Kreso"}}]}},"_links":{"self":[{"href":"https:\/\/zkkplamenpozega.hr\/index.php?rest_route=\/wp\/v2\/posts\/4784","targetHints":{"allow":["GET"]}}],"collection":[{"href":"https:\/\/zkkplamenpozega.hr\/index.php?rest_route=\/wp\/v2\/posts"}],"about":[{"href":"https:\/\/zkkplamenpozega.hr\/index.php?rest_route=\/wp\/v2\/types\/post"}],"author":[{"embeddable":true,"href":"https:\/\/zkkplamenpozega.hr\/index.php?rest_route=\/wp\/v2\/users\/5"}],"replies":[{"embeddable":true,"href":"https:\/\/zkkplamenpozega.hr\/index.php?rest_route=%2Fwp%2Fv2%2Fcomments&post=4784"}],"version-history":[{"count":4,"href":"https:\/\/zkkplamenpozega.hr\/index.php?rest_route=\/wp\/v2\/posts\/4784\/revisions"}],"predecessor-version":[{"id":4790,"href":"https:\/\/zkkplamenpozega.hr\/index.php?rest_route=\/wp\/v2\/posts\/4784\/revisions\/4790"}],"wp:featuredmedia":[{"embeddable":true,"href":"https:\/\/zkkplamenpozega.hr\/index.php?rest_route=\/wp\/v2\/media\/4785"}],"wp:attachment":[{"href":"https:\/\/zkkplamenpozega.hr\/index.php?rest_route=%2Fwp%2Fv2%2Fmedia&parent=4784"}],"wp:term":[{"taxonomy":"category","embeddable":true,"href":"https:\/\/zkkplamenpozega.hr\/index.php?rest_route=%2Fwp%2Fv2%2Fcategories&post=4784"},{"taxonomy":"post_tag","embeddable":true,"href":"https:\/\/zkkplamenpozega.hr\/index.php?rest_route=%2Fwp%2Fv2%2Ftags&post=4784"}],"curies":[{"name":"wp","href":"https:\/\/api.w.org\/{rel}","templated":true}]}}