{"id":4777,"date":"2025-07-02T11:38:59","date_gmt":"2025-07-02T11:38:59","guid":{"rendered":"https:\/\/zkkplamenpozega.hr\/?p=4777"},"modified":"2025-07-02T11:38:59","modified_gmt":"2025-07-02T11:38:59","slug":"lea-miletic-ostaje-kljucna-karika-plamen-pozege-i-u-novoj-sezoni","status":"publish","type":"post","link":"https:\/\/zkkplamenpozega.hr\/?p=4777","title":{"rendered":"Lea Mileti\u0107 ostaje klju\u010dna karika Plamen Po\u017eege i u novoj sezoni"},"content":{"rendered":"<p data-start=\"120\" data-end=\"249\">Nakon dvije uspje\u0161ne sezone, <strong>Lea Mileti\u0107<\/strong> produ\u017eila je suradnju s Plamen Po\u017eegom i ostaje klju\u010dan dio ekipe i u sezoni 2025.\/26.<\/p>\n<p data-start=\"251\" data-end=\"663\">29-godi\u0161nja Pazinjanka, koja pokriva poziciju krilnog centra, i pro\u0161le je sezone bila najpouzdanija igra\u010dica ekipe. U doma\u0107em prvenstvu bilje\u017eila je prosjek od 16,6 poena, 9,9 skokova, 5,5 asistencija, uz 2,9 ukradene lopte i 1,6 blokada po utakmici. Unato\u010d tome \u0161to su Plamene sezonu zavr\u0161ile na 6. mjestu, bez plasmana u doigravanje, Leine individualne partije bile su impresivne te je jo\u0161 jednom potvrdila da je jedna od najboljih igra\u010dica lige.<\/p>\n<p data-start=\"665\" data-end=\"709\">Povodom produ\u017eenja ugovora, Lea je poru\u010dila:<\/p>\n<p data-start=\"711\" data-end=\"1340\"><strong data-start=\"711\" data-end=\"1340\">\u201eS velikim zadovoljstvom \u017eelim potvrditi da sam potpisala novi ugovor za sljede\u0107u sezonu i da \u0107u i dalje nositi dres Plamen Po\u017eege u sezoni 2025.\/2026. Zahvalna sam upravi kluba, stru\u010dnom sto\u017eeru, suigra\u010dicama i navija\u010dima na ukazanom povjerenju i podr\u0161ci. Ova nova prilika motivira me da nastavim davati svoj maksimum na terenu, raditi jo\u0161 vi\u0161e i pomo\u0107i ekipi da ostvarimo zajedni\u010dke ciljeve. Pred nama je puno izazova, ali vjerujem u ovaj tim, u atmosferu koju gradimo i u energiju koju \u0107emo donositi svaku utakmicu. Spremna sam dati sve od sebe da sezona bude uspje\u0161na i ispunjena dobrim rezultatima. Vidimo se na terenu!\u201c<\/strong><\/p>\n<p data-start=\"1342\" data-end=\"1706\">Mileti\u0107 je u Po\u017eegu stigla iz \u017dKK Zagreba, gdje je prethodno bila drugi strijelac lige i predvodila klub do polufinala prvenstva i zapa\u017eenih nastupa u WABA ligi. Tijekom karijere igrala je u Italiji (Battipaglia, Moncalieri), Poljskoj (\u015al\u0119za Wroc\u0142aw, AZS Pozna\u0144) i Slova\u010dkoj (Pie\u0161\u0165ansk\u00e9 \u010cajky), a u Hrvatskoj je nosila dresove \u017dKK Kvarnera, \u017dKK Pule i \u017dKK Zagreba.<\/p>\n<p data-start=\"1708\" data-end=\"1871\">U razdoblju od 2016. do 2021. bila je i standardna \u010dlanica hrvatske seniorske reprezentacije, s kojom je nastupila na EuroBasketu 2021. u \u0160panjolskoj i Francuskoj. Na tom je turniru Hrvatska zauzela 11. mjesto, a Lea je upisala \u010detiri nastupa (tri poena, 2,3 skoka, 0,5 asistencija).<\/p>\n","protected":false},"excerpt":{"rendered":"<p>Nakon dvije uspje\u0161ne sezone, Lea Mileti\u0107 produ\u017eila je suradnju s Plamen Po\u017eegom i ostaje klju\u010dan dio ekipe i u sezoni 2025.\/26. 29-godi\u0161nja Pazinjanka, koja pokriva poziciju krilnog centra, i pro\u0161le je sezone bila najpouzdanija igra\u010dica ekipe. U doma\u0107em prvenstvu bilje\u017eila je prosjek od 16,6 poena, 9,9 skokova, 5,5 asistencija, uz 2,9 ukradene lopte i 1,6&#8230;<\/p>\n","protected":false},"author":5,"featured_media":4778,"comment_status":"closed","ping_status":"closed","sticky":false,"template":"","format":"standard","meta":{"_acf_changed":false,"footnotes":""},"categories":[120],"tags":[134],"class_list":["post-4777","post","type-post","status-publish","format-standard","has-post-thumbnail","hentry","category-novosti","tag-lea-miletic"],"acf":[],"yoast_head":"<!-- This site is optimized with the Yoast SEO plugin v27.4 - https:\/\/yoast.com\/product\/yoast-seo-wordpress\/ -->\n<title>Lea Mileti\u0107 ostaje klju\u010dna karika Plamen Po\u017eege i u novoj sezoni - \u017dKK Plamen Po\u017eega<\/title>\n<meta name=\"robots\" content=\"index, follow, max-snippet:-1, max-image-preview:large, max-video-preview:-1\" \/>\n<link rel=\"canonical\" href=\"https:\/\/zkkplamenpozega.hr\/?p=4777\" \/>\n<meta property=\"og:locale\" content=\"hr_HR\" \/>\n<meta property=\"og:type\" content=\"article\" \/>\n<meta property=\"og:title\" content=\"Lea Mileti\u0107 ostaje klju\u010dna karika Plamen Po\u017eege i u novoj sezoni - \u017dKK Plamen Po\u017eega\" \/>\n<meta property=\"og:description\" content=\"Nakon dvije uspje\u0161ne sezone, Lea Mileti\u0107 produ\u017eila je suradnju s Plamen Po\u017eegom i ostaje klju\u010dan dio ekipe i u sezoni 2025.\/26. 29-godi\u0161nja Pazinjanka, koja pokriva poziciju krilnog centra, i pro\u0161le je sezone bila najpouzdanija igra\u010dica ekipe. U doma\u0107em prvenstvu bilje\u017eila je prosjek od 16,6 poena, 9,9 skokova, 5,5 asistencija, uz 2,9 ukradene lopte i 1,6...\" \/>\n<meta property=\"og:url\" content=\"https:\/\/zkkplamenpozega.hr\/?p=4777\" \/>\n<meta property=\"og:site_name\" content=\"\u017dKK Plamen Po\u017eega\" \/>\n<meta property=\"article:publisher\" content=\"https:\/\/www.facebook.com\/zkkplamenpozega\/\" \/>\n<meta property=\"article:published_time\" content=\"2025-07-02T11:38:59+00:00\" \/>\n<meta property=\"og:image\" content=\"https:\/\/zkkplamenpozega.hr\/wp-content\/uploads\/2025\/07\/Untitled-design-35.png\" \/>\n\t<meta property=\"og:image:width\" content=\"1600\" \/>\n\t<meta property=\"og:image:height\" content=\"900\" \/>\n\t<meta property=\"og:image:type\" content=\"image\/png\" \/>\n<meta name=\"author\" content=\"Kreso\" \/>\n<meta name=\"twitter:card\" content=\"summary_large_image\" \/>\n<meta name=\"twitter:label1\" content=\"Napisao\/la\" \/>\n\t<meta name=\"twitter:data1\" content=\"Kreso\" \/>\n\t<meta name=\"twitter:label2\" content=\"Procijenjeno vrijeme \u010ditanja\" \/>\n\t<meta name=\"twitter:data2\" content=\"2 minute\" \/>\n<script type=\"application\/ld+json\" class=\"yoast-schema-graph\">{\"@context\":\"https:\\\/\\\/schema.org\",\"@graph\":[{\"@type\":\"Article\",\"@id\":\"https:\\\/\\\/zkkplamenpozega.hr\\\/?p=4777#article\",\"isPartOf\":{\"@id\":\"https:\\\/\\\/zkkplamenpozega.hr\\\/?p=4777\"},\"author\":{\"name\":\"Kreso\",\"@id\":\"https:\\\/\\\/zkkplamenpozega.hr\\\/#\\\/schema\\\/person\\\/3d6e04918ebd6d498047f8e06ca8e915\"},\"headline\":\"Lea Mileti\u0107 ostaje klju\u010dna karika Plamen Po\u017eege i u novoj sezoni\",\"datePublished\":\"2025-07-02T11:38:59+00:00\",\"mainEntityOfPage\":{\"@id\":\"https:\\\/\\\/zkkplamenpozega.hr\\\/?p=4777\"},\"wordCount\":328,\"publisher\":{\"@id\":\"https:\\\/\\\/zkkplamenpozega.hr\\\/#organization\"},\"image\":{\"@id\":\"https:\\\/\\\/zkkplamenpozega.hr\\\/?p=4777#primaryimage\"},\"thumbnailUrl\":\"https:\\\/\\\/zkkplamenpozega.hr\\\/wp-content\\\/uploads\\\/2025\\\/07\\\/Untitled-design-35.png\",\"keywords\":[\"Lea Mileti\u0107\"],\"articleSection\":[\"Novosti\"],\"inLanguage\":\"hr\"},{\"@type\":\"WebPage\",\"@id\":\"https:\\\/\\\/zkkplamenpozega.hr\\\/?p=4777\",\"url\":\"https:\\\/\\\/zkkplamenpozega.hr\\\/?p=4777\",\"name\":\"Lea Mileti\u0107 ostaje klju\u010dna karika Plamen Po\u017eege i u novoj sezoni - \u017dKK Plamen Po\u017eega\",\"isPartOf\":{\"@id\":\"https:\\\/\\\/zkkplamenpozega.hr\\\/#website\"},\"primaryImageOfPage\":{\"@id\":\"https:\\\/\\\/zkkplamenpozega.hr\\\/?p=4777#primaryimage\"},\"image\":{\"@id\":\"https:\\\/\\\/zkkplamenpozega.hr\\\/?p=4777#primaryimage\"},\"thumbnailUrl\":\"https:\\\/\\\/zkkplamenpozega.hr\\\/wp-content\\\/uploads\\\/2025\\\/07\\\/Untitled-design-35.png\",\"datePublished\":\"2025-07-02T11:38:59+00:00\",\"breadcrumb\":{\"@id\":\"https:\\\/\\\/zkkplamenpozega.hr\\\/?p=4777#breadcrumb\"},\"inLanguage\":\"hr\",\"potentialAction\":[{\"@type\":\"ReadAction\",\"target\":[\"https:\\\/\\\/zkkplamenpozega.hr\\\/?p=4777\"]}]},{\"@type\":\"ImageObject\",\"inLanguage\":\"hr\",\"@id\":\"https:\\\/\\\/zkkplamenpozega.hr\\\/?p=4777#primaryimage\",\"url\":\"https:\\\/\\\/zkkplamenpozega.hr\\\/wp-content\\\/uploads\\\/2025\\\/07\\\/Untitled-design-35.png\",\"contentUrl\":\"https:\\\/\\\/zkkplamenpozega.hr\\\/wp-content\\\/uploads\\\/2025\\\/07\\\/Untitled-design-35.png\",\"width\":1600,\"height\":900},{\"@type\":\"BreadcrumbList\",\"@id\":\"https:\\\/\\\/zkkplamenpozega.hr\\\/?p=4777#breadcrumb\",\"itemListElement\":[{\"@type\":\"ListItem\",\"position\":1,\"name\":\"Po\u010detna stranica\",\"item\":\"https:\\\/\\\/zkkplamenpozega.hr\\\/\"},{\"@type\":\"ListItem\",\"position\":2,\"name\":\"Lea Mileti\u0107 ostaje klju\u010dna karika Plamen Po\u017eege i u novoj sezoni\"}]},{\"@type\":\"WebSite\",\"@id\":\"https:\\\/\\\/zkkplamenpozega.hr\\\/#website\",\"url\":\"https:\\\/\\\/zkkplamenpozega.hr\\\/\",\"name\":\"\u017dKK Plamen Po\u017eega\",\"description\":\"Plamene su najbolje\",\"publisher\":{\"@id\":\"https:\\\/\\\/zkkplamenpozega.hr\\\/#organization\"},\"potentialAction\":[{\"@type\":\"SearchAction\",\"target\":{\"@type\":\"EntryPoint\",\"urlTemplate\":\"https:\\\/\\\/zkkplamenpozega.hr\\\/?s={search_term_string}\"},\"query-input\":{\"@type\":\"PropertyValueSpecification\",\"valueRequired\":true,\"valueName\":\"search_term_string\"}}],\"inLanguage\":\"hr\"},{\"@type\":\"Organization\",\"@id\":\"https:\\\/\\\/zkkplamenpozega.hr\\\/#organization\",\"name\":\"\u017denski ko\u0161arka\u0161ki klub Plamen Po\u017eega\",\"url\":\"https:\\\/\\\/zkkplamenpozega.hr\\\/\",\"logo\":{\"@type\":\"ImageObject\",\"inLanguage\":\"hr\",\"@id\":\"https:\\\/\\\/zkkplamenpozega.hr\\\/#\\\/schema\\\/logo\\\/image\\\/\",\"url\":\"https:\\\/\\\/zkkplamenpozega.hr\\\/wp-content\\\/uploads\\\/2020\\\/10\\\/logo-zkkpozega-e1602941511846.png\",\"contentUrl\":\"https:\\\/\\\/zkkplamenpozega.hr\\\/wp-content\\\/uploads\\\/2020\\\/10\\\/logo-zkkpozega-e1602941511846.png\",\"width\":400,\"height\":236,\"caption\":\"\u017denski ko\u0161arka\u0161ki klub Plamen Po\u017eega\"},\"image\":{\"@id\":\"https:\\\/\\\/zkkplamenpozega.hr\\\/#\\\/schema\\\/logo\\\/image\\\/\"},\"sameAs\":[\"https:\\\/\\\/www.facebook.com\\\/zkkplamenpozega\\\/\",\"https:\\\/\\\/www.instagram.com\\\/zkkplamenpozega\\\/?hl=hr\"]},{\"@type\":\"Person\",\"@id\":\"https:\\\/\\\/zkkplamenpozega.hr\\\/#\\\/schema\\\/person\\\/3d6e04918ebd6d498047f8e06ca8e915\",\"name\":\"Kreso\",\"image\":{\"@type\":\"ImageObject\",\"inLanguage\":\"hr\",\"@id\":\"https:\\\/\\\/secure.gravatar.com\\\/avatar\\\/44643690ce7f74819c091da2e59b8ec9a85b7089dcc2ae83c46287616c83fff9?s=96&d=mm&r=g\",\"url\":\"https:\\\/\\\/secure.gravatar.com\\\/avatar\\\/44643690ce7f74819c091da2e59b8ec9a85b7089dcc2ae83c46287616c83fff9?s=96&d=mm&r=g\",\"contentUrl\":\"https:\\\/\\\/secure.gravatar.com\\\/avatar\\\/44643690ce7f74819c091da2e59b8ec9a85b7089dcc2ae83c46287616c83fff9?s=96&d=mm&r=g\",\"caption\":\"Kreso\"}}]}<\/script>\n<!-- \/ Yoast SEO plugin. -->","yoast_head_json":{"title":"Lea Mileti\u0107 ostaje klju\u010dna karika Plamen Po\u017eege i u novoj sezoni - \u017dKK Plamen Po\u017eega","robots":{"index":"index","follow":"follow","max-snippet":"max-snippet:-1","max-image-preview":"max-image-preview:large","max-video-preview":"max-video-preview:-1"},"canonical":"https:\/\/zkkplamenpozega.hr\/?p=4777","og_locale":"hr_HR","og_type":"article","og_title":"Lea Mileti\u0107 ostaje klju\u010dna karika Plamen Po\u017eege i u novoj sezoni - \u017dKK Plamen Po\u017eega","og_description":"Nakon dvije uspje\u0161ne sezone, Lea Mileti\u0107 produ\u017eila je suradnju s Plamen Po\u017eegom i ostaje klju\u010dan dio ekipe i u sezoni 2025.\/26. 29-godi\u0161nja Pazinjanka, koja pokriva poziciju krilnog centra, i pro\u0161le je sezone bila najpouzdanija igra\u010dica ekipe. U doma\u0107em prvenstvu bilje\u017eila je prosjek od 16,6 poena, 9,9 skokova, 5,5 asistencija, uz 2,9 ukradene lopte i 1,6...","og_url":"https:\/\/zkkplamenpozega.hr\/?p=4777","og_site_name":"\u017dKK Plamen Po\u017eega","article_publisher":"https:\/\/www.facebook.com\/zkkplamenpozega\/","article_published_time":"2025-07-02T11:38:59+00:00","og_image":[{"width":1600,"height":900,"url":"https:\/\/zkkplamenpozega.hr\/wp-content\/uploads\/2025\/07\/Untitled-design-35.png","type":"image\/png"}],"author":"Kreso","twitter_card":"summary_large_image","twitter_misc":{"Napisao\/la":"Kreso","Procijenjeno vrijeme \u010ditanja":"2 minute"},"schema":{"@context":"https:\/\/schema.org","@graph":[{"@type":"Article","@id":"https:\/\/zkkplamenpozega.hr\/?p=4777#article","isPartOf":{"@id":"https:\/\/zkkplamenpozega.hr\/?p=4777"},"author":{"name":"Kreso","@id":"https:\/\/zkkplamenpozega.hr\/#\/schema\/person\/3d6e04918ebd6d498047f8e06ca8e915"},"headline":"Lea Mileti\u0107 ostaje klju\u010dna karika Plamen Po\u017eege i u novoj sezoni","datePublished":"2025-07-02T11:38:59+00:00","mainEntityOfPage":{"@id":"https:\/\/zkkplamenpozega.hr\/?p=4777"},"wordCount":328,"publisher":{"@id":"https:\/\/zkkplamenpozega.hr\/#organization"},"image":{"@id":"https:\/\/zkkplamenpozega.hr\/?p=4777#primaryimage"},"thumbnailUrl":"https:\/\/zkkplamenpozega.hr\/wp-content\/uploads\/2025\/07\/Untitled-design-35.png","keywords":["Lea Mileti\u0107"],"articleSection":["Novosti"],"inLanguage":"hr"},{"@type":"WebPage","@id":"https:\/\/zkkplamenpozega.hr\/?p=4777","url":"https:\/\/zkkplamenpozega.hr\/?p=4777","name":"Lea Mileti\u0107 ostaje klju\u010dna karika Plamen Po\u017eege i u novoj sezoni - \u017dKK Plamen Po\u017eega","isPartOf":{"@id":"https:\/\/zkkplamenpozega.hr\/#website"},"primaryImageOfPage":{"@id":"https:\/\/zkkplamenpozega.hr\/?p=4777#primaryimage"},"image":{"@id":"https:\/\/zkkplamenpozega.hr\/?p=4777#primaryimage"},"thumbnailUrl":"https:\/\/zkkplamenpozega.hr\/wp-content\/uploads\/2025\/07\/Untitled-design-35.png","datePublished":"2025-07-02T11:38:59+00:00","breadcrumb":{"@id":"https:\/\/zkkplamenpozega.hr\/?p=4777#breadcrumb"},"inLanguage":"hr","potentialAction":[{"@type":"ReadAction","target":["https:\/\/zkkplamenpozega.hr\/?p=4777"]}]},{"@type":"ImageObject","inLanguage":"hr","@id":"https:\/\/zkkplamenpozega.hr\/?p=4777#primaryimage","url":"https:\/\/zkkplamenpozega.hr\/wp-content\/uploads\/2025\/07\/Untitled-design-35.png","contentUrl":"https:\/\/zkkplamenpozega.hr\/wp-content\/uploads\/2025\/07\/Untitled-design-35.png","width":1600,"height":900},{"@type":"BreadcrumbList","@id":"https:\/\/zkkplamenpozega.hr\/?p=4777#breadcrumb","itemListElement":[{"@type":"ListItem","position":1,"name":"Po\u010detna stranica","item":"https:\/\/zkkplamenpozega.hr\/"},{"@type":"ListItem","position":2,"name":"Lea Mileti\u0107 ostaje klju\u010dna karika Plamen Po\u017eege i u novoj sezoni"}]},{"@type":"WebSite","@id":"https:\/\/zkkplamenpozega.hr\/#website","url":"https:\/\/zkkplamenpozega.hr\/","name":"\u017dKK Plamen Po\u017eega","description":"Plamene su najbolje","publisher":{"@id":"https:\/\/zkkplamenpozega.hr\/#organization"},"potentialAction":[{"@type":"SearchAction","target":{"@type":"EntryPoint","urlTemplate":"https:\/\/zkkplamenpozega.hr\/?s={search_term_string}"},"query-input":{"@type":"PropertyValueSpecification","valueRequired":true,"valueName":"search_term_string"}}],"inLanguage":"hr"},{"@type":"Organization","@id":"https:\/\/zkkplamenpozega.hr\/#organization","name":"\u017denski ko\u0161arka\u0161ki klub Plamen Po\u017eega","url":"https:\/\/zkkplamenpozega.hr\/","logo":{"@type":"ImageObject","inLanguage":"hr","@id":"https:\/\/zkkplamenpozega.hr\/#\/schema\/logo\/image\/","url":"https:\/\/zkkplamenpozega.hr\/wp-content\/uploads\/2020\/10\/logo-zkkpozega-e1602941511846.png","contentUrl":"https:\/\/zkkplamenpozega.hr\/wp-content\/uploads\/2020\/10\/logo-zkkpozega-e1602941511846.png","width":400,"height":236,"caption":"\u017denski ko\u0161arka\u0161ki klub Plamen Po\u017eega"},"image":{"@id":"https:\/\/zkkplamenpozega.hr\/#\/schema\/logo\/image\/"},"sameAs":["https:\/\/www.facebook.com\/zkkplamenpozega\/","https:\/\/www.instagram.com\/zkkplamenpozega\/?hl=hr"]},{"@type":"Person","@id":"https:\/\/zkkplamenpozega.hr\/#\/schema\/person\/3d6e04918ebd6d498047f8e06ca8e915","name":"Kreso","image":{"@type":"ImageObject","inLanguage":"hr","@id":"https:\/\/secure.gravatar.com\/avatar\/44643690ce7f74819c091da2e59b8ec9a85b7089dcc2ae83c46287616c83fff9?s=96&d=mm&r=g","url":"https:\/\/secure.gravatar.com\/avatar\/44643690ce7f74819c091da2e59b8ec9a85b7089dcc2ae83c46287616c83fff9?s=96&d=mm&r=g","contentUrl":"https:\/\/secure.gravatar.com\/avatar\/44643690ce7f74819c091da2e59b8ec9a85b7089dcc2ae83c46287616c83fff9?s=96&d=mm&r=g","caption":"Kreso"}}]}},"_links":{"self":[{"href":"https:\/\/zkkplamenpozega.hr\/index.php?rest_route=\/wp\/v2\/posts\/4777","targetHints":{"allow":["GET"]}}],"collection":[{"href":"https:\/\/zkkplamenpozega.hr\/index.php?rest_route=\/wp\/v2\/posts"}],"about":[{"href":"https:\/\/zkkplamenpozega.hr\/index.php?rest_route=\/wp\/v2\/types\/post"}],"author":[{"embeddable":true,"href":"https:\/\/zkkplamenpozega.hr\/index.php?rest_route=\/wp\/v2\/users\/5"}],"replies":[{"embeddable":true,"href":"https:\/\/zkkplamenpozega.hr\/index.php?rest_route=%2Fwp%2Fv2%2Fcomments&post=4777"}],"version-history":[{"count":2,"href":"https:\/\/zkkplamenpozega.hr\/index.php?rest_route=\/wp\/v2\/posts\/4777\/revisions"}],"predecessor-version":[{"id":4780,"href":"https:\/\/zkkplamenpozega.hr\/index.php?rest_route=\/wp\/v2\/posts\/4777\/revisions\/4780"}],"wp:featuredmedia":[{"embeddable":true,"href":"https:\/\/zkkplamenpozega.hr\/index.php?rest_route=\/wp\/v2\/media\/4778"}],"wp:attachment":[{"href":"https:\/\/zkkplamenpozega.hr\/index.php?rest_route=%2Fwp%2Fv2%2Fmedia&parent=4777"}],"wp:term":[{"taxonomy":"category","embeddable":true,"href":"https:\/\/zkkplamenpozega.hr\/index.php?rest_route=%2Fwp%2Fv2%2Fcategories&post=4777"},{"taxonomy":"post_tag","embeddable":true,"href":"https:\/\/zkkplamenpozega.hr\/index.php?rest_route=%2Fwp%2Fv2%2Ftags&post=4777"}],"curies":[{"name":"wp","href":"https:\/\/api.w.org\/{rel}","templated":true}]}}