{"id":4326,"date":"2025-04-13T11:54:43","date_gmt":"2025-04-13T11:54:43","guid":{"rendered":"https:\/\/zkkplamenpozega.hr\/?p=4326"},"modified":"2025-06-13T16:59:28","modified_gmt":"2025-06-13T16:59:28","slug":"tresnjevka-slavila-jelena-ivezic-se-oprostila-plamene-zavrsile-sezonu","status":"publish","type":"post","link":"https:\/\/zkkplamenpozega.hr\/?p=4326","title":{"rendered":"Tre\u0161njevka slavila, Jelena Ivezi\u0107 se oprostila \u2013 Plamene zavr\u0161ile sezonu"},"content":{"rendered":"<div class=\"wpb-content-wrapper\"><p>[vc_row][vc_column][vc_column_text]Ko\u0161arka\u0161ice <strong>Plamen Po\u017eege<\/strong> pora\u017eene su u polufinalu kupa Ru\u017eice Meglaj-Rimac od zagreba\u010dke Tre\u0161njevke 60:68, te su time okon\u010dale svoju natjecateljsku sezonu bez prilike da brane trofej osvojen pro\u0161le godine. Go\u0161\u0107e su od samog starta bolje u\u0161le u susret, povele sa 6:0 i 8:3 te nametnule svoj ritam igre. Plamene su se nakratko stabilizirale, primakle na poen zaostatka 9:10, no nakon toga ponovno su potonule i omogu\u0107ile go\u0161\u0107ama da dvije i pol minute prije kraja prve dionice odu i na zna\u010dajnih +10 (21:11). U tim trenucima na\u0161u ekipu iznad &#8220;vode&#8221; svojim poenima zadr\u017eale su <strong>Kujund\u017ei\u0107<\/strong>, <strong>Pa\u010dkovski<\/strong> i <strong>Mileti\u0107<\/strong>, pa je prva dionica okon\u010dana s prihvatljivih -6 (18:24).<\/p>\n<p>Po\u010detak druge dionice ponudio je sli\u010dnu sliku, na\u0161e cure dr\u017eale su priklju\u010dak u uvodne tri minute drugog perioda, ali onda ponovno dolazi do velike serije gostuju\u0107eg sastava koji opet odlazi na dvoznamenkastu razliku, i na predah izme\u0111u dva poluvremena nosi uvjerljivih +12 (29:41).<\/p>\n<p>Kada je po\u010detkom nastavka ta prednost narasla i na +16 (29:45), \u010dinilo se da plovimo ka izvjesnom ishodu. Ali na krilima <strong>Ujevi\u0107<\/strong>,<strong> Petrak<\/strong> <strong>Mileti\u0107<\/strong> i <strong>Pa\u010dkovski<\/strong> Plamene uspijevaju prona\u0107i put do gotovo potpunog povratka u igru, i do kraja tre\u0107e \u010detvrtine smanjiti zaostatak na samo -6 (44:51), \u0161to nam je najavilo neizvjesnu zavr\u0161nicu i ponudilo otvoren susret do posljednjih minuta.<\/p>\n<p>U tom pozitivnom naletu kroz posljednju \u010detvrtinu Plamen Po\u017eega zaigrala je znatno agresivnije, i kvalitetnije u obrani, te je malo po malo pribli\u017eavala se Tre\u0161njevci. Dvije i pol minute prije kraja utakmice jo\u0161 je uvijek sve bilo otvoreno, i utakmica na jedan posjed zaostatka (58:61), ali u tim presudnim trenucima neke ponu\u0111ene prilike na\u0161e cure nisu uspjele iskoristiti, a njihovu neodlu\u010dnost na drugoj strani kaznila je <strong>Lena Bili\u0107,<\/strong> koja je za Tre\u0161njevku ubacila pet uzastopnih poena, i tako 1:42 minute prije kraja prelomila susret na stranu go\u0161\u0107i. Nakon mini simultanke <strong>Lene Bili\u0107<\/strong> priklju\u010dila joj se svojim poenima i <strong>Zara Val\u010di\u0107<\/strong> koja je nakratko Tre\u0161njevku vratila na +10, da bi kona\u010dan rezultat dvoboja svojim poenima u samoj zavr\u0161nici postavila<strong> Lana Pa\u010dkovski<\/strong>.<\/p>\n<p>Tre\u0161njevku su do pobjede vodile <strong>Zara Val\u010di\u0107<\/strong> sa 17 poena. <strong>Lena Bili\u0107<\/strong> je dodala 16, a <strong>Nina Novak<\/strong> 11. Na drugoj strani u redovima na\u0161e ekipe najefikasnija bila je <strong>Lea Mileti\u0107<\/strong> s 20 poena, 14 je ubacila <strong>Lana Pa\u010dkovski<\/strong>, 11 <strong>Martina Kujund\u017ei\u0107<\/strong>, dok je <strong>Ivana Ujevi\u0107<\/strong> dodala 8. Protivnice Zagrep\u010dankama u finalu biti \u0107e ko\u0161arka\u0161ice<strong> \u0160ibenika<\/strong>, koje su u drugom polufinalu svladale <strong>Zadar Plus<\/strong> s 88:76 &#8211; opravdav\u0161i tako svoju ulogu favorita u tom dvoboju.<\/p>\n<p><img loading=\"lazy\" decoding=\"async\" class=\"aligncenter wp-image-4339 size-full\" src=\"https:\/\/zkkplamenpozega.hr\/wp-content\/uploads\/2025\/04\/Untitled-design-24.png\" alt=\"\" width=\"900\" height=\"600\" srcset=\"https:\/\/zkkplamenpozega.hr\/wp-content\/uploads\/2025\/04\/Untitled-design-24.png 900w, https:\/\/zkkplamenpozega.hr\/wp-content\/uploads\/2025\/04\/Untitled-design-24-300x200.png 300w, https:\/\/zkkplamenpozega.hr\/wp-content\/uploads\/2025\/04\/Untitled-design-24-768x512.png 768w, https:\/\/zkkplamenpozega.hr\/wp-content\/uploads\/2025\/04\/Untitled-design-24-600x400.png 600w\" sizes=\"auto, (max-width: 900px) 100vw, 900px\" \/>Dvoboju je prethodila i sve\u010danost povodom opro\u0161taja na\u0161e kapetanice<strong> Jelene Ivezi\u0107<\/strong> koja je ovim susretom zaklju\u010dila svoju veli\u010danstvenu 31 godinu dugu karijeru. Svoj ko\u0161arka\u0161ki put zapo\u010dela je u rodnom Oriovcu nastupaju\u0107i za <strong>Rekord-tim<\/strong>, prva slu\u017ebena registracija bila je u <strong>\u017dKK Brod<\/strong>\u00a0u sezoni 96\/97, a nakon toga na doma\u0107im parketima branila je boje <strong>Nama Adriatica<\/strong>, <strong>Croatie<\/strong>, <strong>\u017dKK Gospi\u0107<\/strong>, <strong>\u017dKK Lupa Promotion<\/strong> i <strong>\u017dKK Plamen Po\u017eega<\/strong>\u00a0u vi\u0161e navrata. \u0160est puta s razli\u010ditim klubovima okitila se naslovom dr\u017eavnih prvakinja te uz to osvojila i 7 kupova Ru\u017eice Meglaj-Rimac, a posljednji je bio upravo onaj u dresu Po\u017eege. Njezina pri\u010da naravno nije stala samo unutar granica Hrvatske. Jelena je ostavila trag i u najboljim europskim ligama, na najve\u0107im europskim pozornicama \u2013 igrala je u Turskoj, Ma\u0111arskoj, \u0160panjolskoj, Italiji, a posljednja inozemna adresa prije povratka ku\u0107i bila je u \u0160vedskoj gdje je s ekipom <strong>A3 Basket<\/strong> postala i prvakinja te zemlje 2019. godine.<\/p>\n<p>Kada govorimo o hrvatskoj reprezentaciji \u2013 bila je jedna od njezinih najistaknutijih figura u posljednja dva desetlje\u0107a. Jelena je pro\u0161la sve selekcije reprezentacije, a standardna \u010dlanica seniorki bila je od 2004. do 2017. godine. U tom periodu postala je i rekorderka po broju nastupa za na\u0161 seniorski nacionalni tim s ukupno 81 nastupom. S reprezentacijom Hrvatske osvojila je dvije medalje na Mediteranskim igrama 2005. u Almeriji (srebro) i 2009. godine u Pescari (bronca). Nastupila je na \u010detiri Europska prvenstva i Olimpijskim igrama u Londonu 2012. godine, a u periodu od 2015. do 2017. godine bila je i kapetanica reprezentacije.<\/p>\n<p>Jelena Ivezi\u0107 nije bila samo vrhunska igra\u010dica \u2013 ona je bila i ostala jedan od simbola hrvatske \u017eenske ko\u0161arke te posljednjih godina i istinska ambasadorica Po\u017eege. Sporta\u0161ica koja se uvijek isticala svojom borbeno\u0161\u0107u, predano\u0161\u0107u, karizmom, i koja je svoju ustrajnost i pobjedni\u010dki karakter prenosila na sve ljude oko sebe.<\/p>\n<p>U ime svih nas \u2013 hvala ti, Jelena, na svemu \u0161to si dala hrvatskoj i po\u017ee\u0161koj \u017eenskoj ko\u0161arci. Hvala ti na nebrojenim trenucima ponosa, na inspiraciji i na svakom skoku, svakoj asistenciji, svakom poenu i neiscrpnoj energiji kojom si motivirala sve oko sebe da daju i posljednji atom snage za jo\u0161 jedan korak naprijed. Igra\u010dko poglavlje ovim se zatvara, no tu ne zavr\u0161ava na\u0161a zajedni\u010dka pri\u010da. Jelena \u0107e ostati dio na\u0161eg kluba i u novoj ulozi sportske direktorice poku\u0161ati &#8216;zapaliti&#8217; neki novi ja\u010di i jo\u0161 sjajniji plamen. Veselimo se nastavku zajedni\u010dkog puta i svemu onome \u0161to je pred nama. Hvala ti,kapetanice![\/vc_column_text][\/vc_column][\/vc_row]<\/p>\n<\/div>","protected":false},"excerpt":{"rendered":"<p>[vc_row][vc_column][vc_column_text]Ko\u0161arka\u0161ice Plamen Po\u017eege pora\u017eene su u polufinalu kupa Ru\u017eice Meglaj-Rimac od zagreba\u010dke Tre\u0161njevke 60:68, te su time okon\u010dale svoju natjecateljsku sezonu bez prilike da brane trofej osvojen pro\u0161le godine. Go\u0161\u0107e su od samog starta bolje u\u0161le u susret, povele sa 6:0 i 8:3 te nametnule svoj ritam igre. Plamene su se nakratko stabilizirale, primakle na&#8230;<\/p>\n","protected":false},"author":5,"featured_media":4329,"comment_status":"closed","ping_status":"open","sticky":false,"template":"","format":"standard","meta":{"_acf_changed":false,"footnotes":""},"categories":[175],"tags":[165,162,139,164,134,166,138,163],"class_list":["post-4326","post","type-post","status-publish","format-standard","has-post-thumbnail","hentry","category-kup-ruzica-meglaj-rimac","tag-ivana-ujevic","tag-jelena-ivezic","tag-kup-ruzica-meglaj-rimac","tag-lana-packovski","tag-lea-miletic","tag-lena-bilic","tag-martina-kujundzic","tag-tresnjevka"],"acf":[],"yoast_head":"<!-- This site is optimized with the Yoast SEO plugin v27.4 - https:\/\/yoast.com\/product\/yoast-seo-wordpress\/ -->\n<title>Tre\u0161njevka slavila, Jelena Ivezi\u0107 se oprostila \u2013 Plamene zavr\u0161ile sezonu - \u017dKK Plamen Po\u017eega<\/title>\n<meta name=\"robots\" content=\"index, follow, max-snippet:-1, max-image-preview:large, max-video-preview:-1\" \/>\n<link rel=\"canonical\" href=\"https:\/\/zkkplamenpozega.hr\/?p=4326\" \/>\n<meta property=\"og:locale\" content=\"hr_HR\" \/>\n<meta property=\"og:type\" content=\"article\" \/>\n<meta property=\"og:title\" content=\"Tre\u0161njevka slavila, Jelena Ivezi\u0107 se oprostila \u2013 Plamene zavr\u0161ile sezonu - \u017dKK Plamen Po\u017eega\" \/>\n<meta property=\"og:description\" content=\"[vc_row][vc_column][vc_column_text]Ko\u0161arka\u0161ice Plamen Po\u017eege pora\u017eene su u polufinalu kupa Ru\u017eice Meglaj-Rimac od zagreba\u010dke Tre\u0161njevke 60:68, te su time okon\u010dale svoju natjecateljsku sezonu bez prilike da brane trofej osvojen pro\u0161le godine. Go\u0161\u0107e su od samog starta bolje u\u0161le u susret, povele sa 6:0 i 8:3 te nametnule svoj ritam igre. Plamene su se nakratko stabilizirale, primakle na...\" \/>\n<meta property=\"og:url\" content=\"https:\/\/zkkplamenpozega.hr\/?p=4326\" \/>\n<meta property=\"og:site_name\" content=\"\u017dKK Plamen Po\u017eega\" \/>\n<meta property=\"article:publisher\" content=\"https:\/\/www.facebook.com\/zkkplamenpozega\/\" \/>\n<meta property=\"article:published_time\" content=\"2025-04-13T11:54:43+00:00\" \/>\n<meta property=\"article:modified_time\" content=\"2025-06-13T16:59:28+00:00\" \/>\n<meta property=\"og:image\" content=\"https:\/\/zkkplamenpozega.hr\/wp-content\/uploads\/2025\/04\/Untitled-design-23.png\" \/>\n\t<meta property=\"og:image:width\" content=\"1200\" \/>\n\t<meta property=\"og:image:height\" content=\"900\" \/>\n\t<meta property=\"og:image:type\" content=\"image\/png\" \/>\n<meta name=\"author\" content=\"Kreso\" \/>\n<meta name=\"twitter:card\" content=\"summary_large_image\" \/>\n<meta name=\"twitter:label1\" content=\"Napisao\/la\" \/>\n\t<meta name=\"twitter:data1\" content=\"Kreso\" \/>\n\t<meta name=\"twitter:label2\" content=\"Procijenjeno vrijeme \u010ditanja\" \/>\n\t<meta name=\"twitter:data2\" content=\"5 minuta\" \/>\n<script type=\"application\/ld+json\" class=\"yoast-schema-graph\">{\"@context\":\"https:\\\/\\\/schema.org\",\"@graph\":[{\"@type\":\"Article\",\"@id\":\"https:\\\/\\\/zkkplamenpozega.hr\\\/?p=4326#article\",\"isPartOf\":{\"@id\":\"https:\\\/\\\/zkkplamenpozega.hr\\\/?p=4326\"},\"author\":{\"name\":\"Kreso\",\"@id\":\"https:\\\/\\\/zkkplamenpozega.hr\\\/#\\\/schema\\\/person\\\/3d6e04918ebd6d498047f8e06ca8e915\"},\"headline\":\"Tre\u0161njevka slavila, Jelena Ivezi\u0107 se oprostila \u2013 Plamene zavr\u0161ile sezonu\",\"datePublished\":\"2025-04-13T11:54:43+00:00\",\"dateModified\":\"2025-06-13T16:59:28+00:00\",\"mainEntityOfPage\":{\"@id\":\"https:\\\/\\\/zkkplamenpozega.hr\\\/?p=4326\"},\"wordCount\":886,\"publisher\":{\"@id\":\"https:\\\/\\\/zkkplamenpozega.hr\\\/#organization\"},\"image\":{\"@id\":\"https:\\\/\\\/zkkplamenpozega.hr\\\/?p=4326#primaryimage\"},\"thumbnailUrl\":\"https:\\\/\\\/zkkplamenpozega.hr\\\/wp-content\\\/uploads\\\/2025\\\/04\\\/Untitled-design-23.png\",\"keywords\":[\"Ivana Ujevi\u0107\",\"Jelena Ivezi\u0107\",\"Kup Ru\u017eica Meglaj-Rimac\",\"Lana Pa\u010dkovski\",\"Lea Mileti\u0107\",\"Lena Bili\u0107\",\"Martina Kujund\u017ei\u0107\",\"Tre\u0161njevka\"],\"articleSection\":[\"Kup Ru\u017eica Meglaj-Rimac\"],\"inLanguage\":\"hr\"},{\"@type\":\"WebPage\",\"@id\":\"https:\\\/\\\/zkkplamenpozega.hr\\\/?p=4326\",\"url\":\"https:\\\/\\\/zkkplamenpozega.hr\\\/?p=4326\",\"name\":\"Tre\u0161njevka slavila, Jelena Ivezi\u0107 se oprostila \u2013 Plamene zavr\u0161ile sezonu - \u017dKK Plamen Po\u017eega\",\"isPartOf\":{\"@id\":\"https:\\\/\\\/zkkplamenpozega.hr\\\/#website\"},\"primaryImageOfPage\":{\"@id\":\"https:\\\/\\\/zkkplamenpozega.hr\\\/?p=4326#primaryimage\"},\"image\":{\"@id\":\"https:\\\/\\\/zkkplamenpozega.hr\\\/?p=4326#primaryimage\"},\"thumbnailUrl\":\"https:\\\/\\\/zkkplamenpozega.hr\\\/wp-content\\\/uploads\\\/2025\\\/04\\\/Untitled-design-23.png\",\"datePublished\":\"2025-04-13T11:54:43+00:00\",\"dateModified\":\"2025-06-13T16:59:28+00:00\",\"breadcrumb\":{\"@id\":\"https:\\\/\\\/zkkplamenpozega.hr\\\/?p=4326#breadcrumb\"},\"inLanguage\":\"hr\",\"potentialAction\":[{\"@type\":\"ReadAction\",\"target\":[\"https:\\\/\\\/zkkplamenpozega.hr\\\/?p=4326\"]}]},{\"@type\":\"ImageObject\",\"inLanguage\":\"hr\",\"@id\":\"https:\\\/\\\/zkkplamenpozega.hr\\\/?p=4326#primaryimage\",\"url\":\"https:\\\/\\\/zkkplamenpozega.hr\\\/wp-content\\\/uploads\\\/2025\\\/04\\\/Untitled-design-23.png\",\"contentUrl\":\"https:\\\/\\\/zkkplamenpozega.hr\\\/wp-content\\\/uploads\\\/2025\\\/04\\\/Untitled-design-23.png\",\"width\":1200,\"height\":900},{\"@type\":\"BreadcrumbList\",\"@id\":\"https:\\\/\\\/zkkplamenpozega.hr\\\/?p=4326#breadcrumb\",\"itemListElement\":[{\"@type\":\"ListItem\",\"position\":1,\"name\":\"Po\u010detna stranica\",\"item\":\"https:\\\/\\\/zkkplamenpozega.hr\\\/\"},{\"@type\":\"ListItem\",\"position\":2,\"name\":\"Tre\u0161njevka slavila, Jelena Ivezi\u0107 se oprostila \u2013 Plamene zavr\u0161ile sezonu\"}]},{\"@type\":\"WebSite\",\"@id\":\"https:\\\/\\\/zkkplamenpozega.hr\\\/#website\",\"url\":\"https:\\\/\\\/zkkplamenpozega.hr\\\/\",\"name\":\"\u017dKK Plamen Po\u017eega\",\"description\":\"Plamene su najbolje\",\"publisher\":{\"@id\":\"https:\\\/\\\/zkkplamenpozega.hr\\\/#organization\"},\"potentialAction\":[{\"@type\":\"SearchAction\",\"target\":{\"@type\":\"EntryPoint\",\"urlTemplate\":\"https:\\\/\\\/zkkplamenpozega.hr\\\/?s={search_term_string}\"},\"query-input\":{\"@type\":\"PropertyValueSpecification\",\"valueRequired\":true,\"valueName\":\"search_term_string\"}}],\"inLanguage\":\"hr\"},{\"@type\":\"Organization\",\"@id\":\"https:\\\/\\\/zkkplamenpozega.hr\\\/#organization\",\"name\":\"\u017denski ko\u0161arka\u0161ki klub Plamen Po\u017eega\",\"url\":\"https:\\\/\\\/zkkplamenpozega.hr\\\/\",\"logo\":{\"@type\":\"ImageObject\",\"inLanguage\":\"hr\",\"@id\":\"https:\\\/\\\/zkkplamenpozega.hr\\\/#\\\/schema\\\/logo\\\/image\\\/\",\"url\":\"https:\\\/\\\/zkkplamenpozega.hr\\\/wp-content\\\/uploads\\\/2020\\\/10\\\/logo-zkkpozega-e1602941511846.png\",\"contentUrl\":\"https:\\\/\\\/zkkplamenpozega.hr\\\/wp-content\\\/uploads\\\/2020\\\/10\\\/logo-zkkpozega-e1602941511846.png\",\"width\":400,\"height\":236,\"caption\":\"\u017denski ko\u0161arka\u0161ki klub Plamen Po\u017eega\"},\"image\":{\"@id\":\"https:\\\/\\\/zkkplamenpozega.hr\\\/#\\\/schema\\\/logo\\\/image\\\/\"},\"sameAs\":[\"https:\\\/\\\/www.facebook.com\\\/zkkplamenpozega\\\/\",\"https:\\\/\\\/www.instagram.com\\\/zkkplamenpozega\\\/?hl=hr\"]},{\"@type\":\"Person\",\"@id\":\"https:\\\/\\\/zkkplamenpozega.hr\\\/#\\\/schema\\\/person\\\/3d6e04918ebd6d498047f8e06ca8e915\",\"name\":\"Kreso\",\"image\":{\"@type\":\"ImageObject\",\"inLanguage\":\"hr\",\"@id\":\"https:\\\/\\\/secure.gravatar.com\\\/avatar\\\/44643690ce7f74819c091da2e59b8ec9a85b7089dcc2ae83c46287616c83fff9?s=96&d=mm&r=g\",\"url\":\"https:\\\/\\\/secure.gravatar.com\\\/avatar\\\/44643690ce7f74819c091da2e59b8ec9a85b7089dcc2ae83c46287616c83fff9?s=96&d=mm&r=g\",\"contentUrl\":\"https:\\\/\\\/secure.gravatar.com\\\/avatar\\\/44643690ce7f74819c091da2e59b8ec9a85b7089dcc2ae83c46287616c83fff9?s=96&d=mm&r=g\",\"caption\":\"Kreso\"}}]}<\/script>\n<!-- \/ Yoast SEO plugin. -->","yoast_head_json":{"title":"Tre\u0161njevka slavila, Jelena Ivezi\u0107 se oprostila \u2013 Plamene zavr\u0161ile sezonu - \u017dKK Plamen Po\u017eega","robots":{"index":"index","follow":"follow","max-snippet":"max-snippet:-1","max-image-preview":"max-image-preview:large","max-video-preview":"max-video-preview:-1"},"canonical":"https:\/\/zkkplamenpozega.hr\/?p=4326","og_locale":"hr_HR","og_type":"article","og_title":"Tre\u0161njevka slavila, Jelena Ivezi\u0107 se oprostila \u2013 Plamene zavr\u0161ile sezonu - \u017dKK Plamen Po\u017eega","og_description":"[vc_row][vc_column][vc_column_text]Ko\u0161arka\u0161ice Plamen Po\u017eege pora\u017eene su u polufinalu kupa Ru\u017eice Meglaj-Rimac od zagreba\u010dke Tre\u0161njevke 60:68, te su time okon\u010dale svoju natjecateljsku sezonu bez prilike da brane trofej osvojen pro\u0161le godine. Go\u0161\u0107e su od samog starta bolje u\u0161le u susret, povele sa 6:0 i 8:3 te nametnule svoj ritam igre. Plamene su se nakratko stabilizirale, primakle na...","og_url":"https:\/\/zkkplamenpozega.hr\/?p=4326","og_site_name":"\u017dKK Plamen Po\u017eega","article_publisher":"https:\/\/www.facebook.com\/zkkplamenpozega\/","article_published_time":"2025-04-13T11:54:43+00:00","article_modified_time":"2025-06-13T16:59:28+00:00","og_image":[{"width":1200,"height":900,"url":"https:\/\/zkkplamenpozega.hr\/wp-content\/uploads\/2025\/04\/Untitled-design-23.png","type":"image\/png"}],"author":"Kreso","twitter_card":"summary_large_image","twitter_misc":{"Napisao\/la":"Kreso","Procijenjeno vrijeme \u010ditanja":"5 minuta"},"schema":{"@context":"https:\/\/schema.org","@graph":[{"@type":"Article","@id":"https:\/\/zkkplamenpozega.hr\/?p=4326#article","isPartOf":{"@id":"https:\/\/zkkplamenpozega.hr\/?p=4326"},"author":{"name":"Kreso","@id":"https:\/\/zkkplamenpozega.hr\/#\/schema\/person\/3d6e04918ebd6d498047f8e06ca8e915"},"headline":"Tre\u0161njevka slavila, Jelena Ivezi\u0107 se oprostila \u2013 Plamene zavr\u0161ile sezonu","datePublished":"2025-04-13T11:54:43+00:00","dateModified":"2025-06-13T16:59:28+00:00","mainEntityOfPage":{"@id":"https:\/\/zkkplamenpozega.hr\/?p=4326"},"wordCount":886,"publisher":{"@id":"https:\/\/zkkplamenpozega.hr\/#organization"},"image":{"@id":"https:\/\/zkkplamenpozega.hr\/?p=4326#primaryimage"},"thumbnailUrl":"https:\/\/zkkplamenpozega.hr\/wp-content\/uploads\/2025\/04\/Untitled-design-23.png","keywords":["Ivana Ujevi\u0107","Jelena Ivezi\u0107","Kup Ru\u017eica Meglaj-Rimac","Lana Pa\u010dkovski","Lea Mileti\u0107","Lena Bili\u0107","Martina Kujund\u017ei\u0107","Tre\u0161njevka"],"articleSection":["Kup Ru\u017eica Meglaj-Rimac"],"inLanguage":"hr"},{"@type":"WebPage","@id":"https:\/\/zkkplamenpozega.hr\/?p=4326","url":"https:\/\/zkkplamenpozega.hr\/?p=4326","name":"Tre\u0161njevka slavila, Jelena Ivezi\u0107 se oprostila \u2013 Plamene zavr\u0161ile sezonu - \u017dKK Plamen Po\u017eega","isPartOf":{"@id":"https:\/\/zkkplamenpozega.hr\/#website"},"primaryImageOfPage":{"@id":"https:\/\/zkkplamenpozega.hr\/?p=4326#primaryimage"},"image":{"@id":"https:\/\/zkkplamenpozega.hr\/?p=4326#primaryimage"},"thumbnailUrl":"https:\/\/zkkplamenpozega.hr\/wp-content\/uploads\/2025\/04\/Untitled-design-23.png","datePublished":"2025-04-13T11:54:43+00:00","dateModified":"2025-06-13T16:59:28+00:00","breadcrumb":{"@id":"https:\/\/zkkplamenpozega.hr\/?p=4326#breadcrumb"},"inLanguage":"hr","potentialAction":[{"@type":"ReadAction","target":["https:\/\/zkkplamenpozega.hr\/?p=4326"]}]},{"@type":"ImageObject","inLanguage":"hr","@id":"https:\/\/zkkplamenpozega.hr\/?p=4326#primaryimage","url":"https:\/\/zkkplamenpozega.hr\/wp-content\/uploads\/2025\/04\/Untitled-design-23.png","contentUrl":"https:\/\/zkkplamenpozega.hr\/wp-content\/uploads\/2025\/04\/Untitled-design-23.png","width":1200,"height":900},{"@type":"BreadcrumbList","@id":"https:\/\/zkkplamenpozega.hr\/?p=4326#breadcrumb","itemListElement":[{"@type":"ListItem","position":1,"name":"Po\u010detna stranica","item":"https:\/\/zkkplamenpozega.hr\/"},{"@type":"ListItem","position":2,"name":"Tre\u0161njevka slavila, Jelena Ivezi\u0107 se oprostila \u2013 Plamene zavr\u0161ile sezonu"}]},{"@type":"WebSite","@id":"https:\/\/zkkplamenpozega.hr\/#website","url":"https:\/\/zkkplamenpozega.hr\/","name":"\u017dKK Plamen Po\u017eega","description":"Plamene su najbolje","publisher":{"@id":"https:\/\/zkkplamenpozega.hr\/#organization"},"potentialAction":[{"@type":"SearchAction","target":{"@type":"EntryPoint","urlTemplate":"https:\/\/zkkplamenpozega.hr\/?s={search_term_string}"},"query-input":{"@type":"PropertyValueSpecification","valueRequired":true,"valueName":"search_term_string"}}],"inLanguage":"hr"},{"@type":"Organization","@id":"https:\/\/zkkplamenpozega.hr\/#organization","name":"\u017denski ko\u0161arka\u0161ki klub Plamen Po\u017eega","url":"https:\/\/zkkplamenpozega.hr\/","logo":{"@type":"ImageObject","inLanguage":"hr","@id":"https:\/\/zkkplamenpozega.hr\/#\/schema\/logo\/image\/","url":"https:\/\/zkkplamenpozega.hr\/wp-content\/uploads\/2020\/10\/logo-zkkpozega-e1602941511846.png","contentUrl":"https:\/\/zkkplamenpozega.hr\/wp-content\/uploads\/2020\/10\/logo-zkkpozega-e1602941511846.png","width":400,"height":236,"caption":"\u017denski ko\u0161arka\u0161ki klub Plamen Po\u017eega"},"image":{"@id":"https:\/\/zkkplamenpozega.hr\/#\/schema\/logo\/image\/"},"sameAs":["https:\/\/www.facebook.com\/zkkplamenpozega\/","https:\/\/www.instagram.com\/zkkplamenpozega\/?hl=hr"]},{"@type":"Person","@id":"https:\/\/zkkplamenpozega.hr\/#\/schema\/person\/3d6e04918ebd6d498047f8e06ca8e915","name":"Kreso","image":{"@type":"ImageObject","inLanguage":"hr","@id":"https:\/\/secure.gravatar.com\/avatar\/44643690ce7f74819c091da2e59b8ec9a85b7089dcc2ae83c46287616c83fff9?s=96&d=mm&r=g","url":"https:\/\/secure.gravatar.com\/avatar\/44643690ce7f74819c091da2e59b8ec9a85b7089dcc2ae83c46287616c83fff9?s=96&d=mm&r=g","contentUrl":"https:\/\/secure.gravatar.com\/avatar\/44643690ce7f74819c091da2e59b8ec9a85b7089dcc2ae83c46287616c83fff9?s=96&d=mm&r=g","caption":"Kreso"}}]}},"_links":{"self":[{"href":"https:\/\/zkkplamenpozega.hr\/index.php?rest_route=\/wp\/v2\/posts\/4326","targetHints":{"allow":["GET"]}}],"collection":[{"href":"https:\/\/zkkplamenpozega.hr\/index.php?rest_route=\/wp\/v2\/posts"}],"about":[{"href":"https:\/\/zkkplamenpozega.hr\/index.php?rest_route=\/wp\/v2\/types\/post"}],"author":[{"embeddable":true,"href":"https:\/\/zkkplamenpozega.hr\/index.php?rest_route=\/wp\/v2\/users\/5"}],"replies":[{"embeddable":true,"href":"https:\/\/zkkplamenpozega.hr\/index.php?rest_route=%2Fwp%2Fv2%2Fcomments&post=4326"}],"version-history":[{"count":2,"href":"https:\/\/zkkplamenpozega.hr\/index.php?rest_route=\/wp\/v2\/posts\/4326\/revisions"}],"predecessor-version":[{"id":4545,"href":"https:\/\/zkkplamenpozega.hr\/index.php?rest_route=\/wp\/v2\/posts\/4326\/revisions\/4545"}],"wp:featuredmedia":[{"embeddable":true,"href":"https:\/\/zkkplamenpozega.hr\/index.php?rest_route=\/wp\/v2\/media\/4329"}],"wp:attachment":[{"href":"https:\/\/zkkplamenpozega.hr\/index.php?rest_route=%2Fwp%2Fv2%2Fmedia&parent=4326"}],"wp:term":[{"taxonomy":"category","embeddable":true,"href":"https:\/\/zkkplamenpozega.hr\/index.php?rest_route=%2Fwp%2Fv2%2Fcategories&post=4326"},{"taxonomy":"post_tag","embeddable":true,"href":"https:\/\/zkkplamenpozega.hr\/index.php?rest_route=%2Fwp%2Fv2%2Ftags&post=4326"}],"curies":[{"name":"wp","href":"https:\/\/api.w.org\/{rel}","templated":true}]}}