{"id":4322,"date":"2025-04-05T17:53:41","date_gmt":"2025-04-05T17:53:41","guid":{"rendered":"https:\/\/zkkplamenpozega.hr\/?p=4322"},"modified":"2025-06-13T16:59:28","modified_gmt":"2025-06-13T16:59:28","slug":"plamene-docekuju-sibenik-u-posljednjoj-ligaskoj-utakmici-sezone","status":"publish","type":"post","link":"https:\/\/zkkplamenpozega.hr\/?p=4322","title":{"rendered":"Plamene do\u010dekuju \u0160ibenik u posljednjoj liga\u0161koj utakmici sezone"},"content":{"rendered":"<p>Liga\u0161ki dio sezone do\u0161ao je svome kraju. U posljednjem 22. kolu u goste nam sti\u017ee <strong>\u0160ibenik<\/strong>. Susret je to \u0161estoplasirane i tre\u0107eplasirane ekipe lige, a ako tome pridodamo i \u010dinjenicu da je prvi liga\u0161ki sraz odigran u prosincu pro\u0161le godine tako\u0111er uvjerljivo pripao \u0160iben\u010dankama 83:66, jasno je kako su go\u0161\u0107e blage favoritkinje i u sutra\u0161njem srazu. Obzirom da se u play-off na\u0161e cure ove sezone ne\u0107e plasirati, ova utakmica prilika je za popravak lo\u0161eg dojma liga\u0161ke sezone koja je iza nas, te ujedno i zavr\u0161na priprema za finalni turnir Kupa koji je pred nama. Stoga pozivamo na\u0161e navija\u010de da sutra s po\u010detkom u <strong>16.00<\/strong> sati, u \u0161to ve\u0107em broju do\u0111u u dvoranu i podr\u017ee na\u0161e cure protiv \u0160ibenika na opro\u0161taju od liga\u0161ke sezone i u pripremi za ono \u0161to dolazi &#8211; zavr\u0161nica Kupa u kojoj branimo trofej osvojen pro\u0161le sezone. Vidimo se.<\/p>\n","protected":false},"excerpt":{"rendered":"<p>Liga\u0161ki dio sezone do\u0161ao je svome kraju. U posljednjem 22. kolu u goste nam sti\u017ee \u0160ibenik. Susret je to \u0161estoplasirane i tre\u0107eplasirane ekipe lige, a ako tome pridodamo i \u010dinjenicu da je prvi liga\u0161ki sraz odigran u prosincu pro\u0161le godine tako\u0111er uvjerljivo pripao \u0160iben\u010dankama 83:66, jasno je kako su go\u0161\u0107e blage favoritkinje i u sutra\u0161njem&#8230;<\/p>\n","protected":false},"author":5,"featured_media":4324,"comment_status":"closed","ping_status":"closed","sticky":false,"template":"","format":"standard","meta":{"_acf_changed":false,"footnotes":""},"categories":[174],"tags":[136],"class_list":["post-4322","post","type-post","status-publish","format-standard","has-post-thumbnail","hentry","category-premijer-zenska-liga","tag-premijer-liga-z"],"acf":[],"yoast_head":"<!-- This site is optimized with the Yoast SEO plugin v27.4 - https:\/\/yoast.com\/product\/yoast-seo-wordpress\/ -->\n<title>Plamene do\u010dekuju \u0160ibenik u posljednjoj liga\u0161koj utakmici sezone - \u017dKK Plamen Po\u017eega<\/title>\n<meta name=\"robots\" content=\"index, follow, max-snippet:-1, max-image-preview:large, max-video-preview:-1\" \/>\n<link rel=\"canonical\" href=\"https:\/\/zkkplamenpozega.hr\/?p=4322\" \/>\n<meta property=\"og:locale\" content=\"hr_HR\" \/>\n<meta property=\"og:type\" content=\"article\" \/>\n<meta property=\"og:title\" content=\"Plamene do\u010dekuju \u0160ibenik u posljednjoj liga\u0161koj utakmici sezone - \u017dKK Plamen Po\u017eega\" \/>\n<meta property=\"og:description\" content=\"Liga\u0161ki dio sezone do\u0161ao je svome kraju. U posljednjem 22. kolu u goste nam sti\u017ee \u0160ibenik. Susret je to \u0161estoplasirane i tre\u0107eplasirane ekipe lige, a ako tome pridodamo i \u010dinjenicu da je prvi liga\u0161ki sraz odigran u prosincu pro\u0161le godine tako\u0111er uvjerljivo pripao \u0160iben\u010dankama 83:66, jasno je kako su go\u0161\u0107e blage favoritkinje i u sutra\u0161njem...\" \/>\n<meta property=\"og:url\" content=\"https:\/\/zkkplamenpozega.hr\/?p=4322\" \/>\n<meta property=\"og:site_name\" content=\"\u017dKK Plamen Po\u017eega\" \/>\n<meta property=\"article:publisher\" content=\"https:\/\/www.facebook.com\/zkkplamenpozega\/\" \/>\n<meta property=\"article:published_time\" content=\"2025-04-05T17:53:41+00:00\" \/>\n<meta property=\"article:modified_time\" content=\"2025-06-13T16:59:28+00:00\" \/>\n<meta property=\"og:image\" content=\"https:\/\/zkkplamenpozega.hr\/wp-content\/uploads\/2025\/04\/Portali-Vizuali-13.png\" \/>\n\t<meta property=\"og:image:width\" content=\"1200\" \/>\n\t<meta property=\"og:image:height\" content=\"628\" \/>\n\t<meta property=\"og:image:type\" content=\"image\/png\" \/>\n<meta name=\"author\" content=\"Kreso\" \/>\n<meta name=\"twitter:card\" content=\"summary_large_image\" \/>\n<meta name=\"twitter:label1\" content=\"Napisao\/la\" \/>\n\t<meta name=\"twitter:data1\" content=\"Kreso\" \/>\n\t<meta name=\"twitter:label2\" content=\"Procijenjeno vrijeme \u010ditanja\" \/>\n\t<meta name=\"twitter:data2\" content=\"1 minuta\" \/>\n<script type=\"application\/ld+json\" class=\"yoast-schema-graph\">{\"@context\":\"https:\\\/\\\/schema.org\",\"@graph\":[{\"@type\":\"Article\",\"@id\":\"https:\\\/\\\/zkkplamenpozega.hr\\\/?p=4322#article\",\"isPartOf\":{\"@id\":\"https:\\\/\\\/zkkplamenpozega.hr\\\/?p=4322\"},\"author\":{\"name\":\"Kreso\",\"@id\":\"https:\\\/\\\/zkkplamenpozega.hr\\\/#\\\/schema\\\/person\\\/3d6e04918ebd6d498047f8e06ca8e915\"},\"headline\":\"Plamene do\u010dekuju \u0160ibenik u posljednjoj liga\u0161koj utakmici sezone\",\"datePublished\":\"2025-04-05T17:53:41+00:00\",\"dateModified\":\"2025-06-13T16:59:28+00:00\",\"mainEntityOfPage\":{\"@id\":\"https:\\\/\\\/zkkplamenpozega.hr\\\/?p=4322\"},\"wordCount\":175,\"publisher\":{\"@id\":\"https:\\\/\\\/zkkplamenpozega.hr\\\/#organization\"},\"image\":{\"@id\":\"https:\\\/\\\/zkkplamenpozega.hr\\\/?p=4322#primaryimage\"},\"thumbnailUrl\":\"https:\\\/\\\/zkkplamenpozega.hr\\\/wp-content\\\/uploads\\\/2025\\\/04\\\/Portali-Vizuali-13.png\",\"keywords\":[\"Premijer liga (\u017e)\"],\"articleSection\":[\"Premijer \u017denska Liga\"],\"inLanguage\":\"hr\"},{\"@type\":\"WebPage\",\"@id\":\"https:\\\/\\\/zkkplamenpozega.hr\\\/?p=4322\",\"url\":\"https:\\\/\\\/zkkplamenpozega.hr\\\/?p=4322\",\"name\":\"Plamene do\u010dekuju \u0160ibenik u posljednjoj liga\u0161koj utakmici sezone - \u017dKK Plamen Po\u017eega\",\"isPartOf\":{\"@id\":\"https:\\\/\\\/zkkplamenpozega.hr\\\/#website\"},\"primaryImageOfPage\":{\"@id\":\"https:\\\/\\\/zkkplamenpozega.hr\\\/?p=4322#primaryimage\"},\"image\":{\"@id\":\"https:\\\/\\\/zkkplamenpozega.hr\\\/?p=4322#primaryimage\"},\"thumbnailUrl\":\"https:\\\/\\\/zkkplamenpozega.hr\\\/wp-content\\\/uploads\\\/2025\\\/04\\\/Portali-Vizuali-13.png\",\"datePublished\":\"2025-04-05T17:53:41+00:00\",\"dateModified\":\"2025-06-13T16:59:28+00:00\",\"breadcrumb\":{\"@id\":\"https:\\\/\\\/zkkplamenpozega.hr\\\/?p=4322#breadcrumb\"},\"inLanguage\":\"hr\",\"potentialAction\":[{\"@type\":\"ReadAction\",\"target\":[\"https:\\\/\\\/zkkplamenpozega.hr\\\/?p=4322\"]}]},{\"@type\":\"ImageObject\",\"inLanguage\":\"hr\",\"@id\":\"https:\\\/\\\/zkkplamenpozega.hr\\\/?p=4322#primaryimage\",\"url\":\"https:\\\/\\\/zkkplamenpozega.hr\\\/wp-content\\\/uploads\\\/2025\\\/04\\\/Portali-Vizuali-13.png\",\"contentUrl\":\"https:\\\/\\\/zkkplamenpozega.hr\\\/wp-content\\\/uploads\\\/2025\\\/04\\\/Portali-Vizuali-13.png\",\"width\":1200,\"height\":628},{\"@type\":\"BreadcrumbList\",\"@id\":\"https:\\\/\\\/zkkplamenpozega.hr\\\/?p=4322#breadcrumb\",\"itemListElement\":[{\"@type\":\"ListItem\",\"position\":1,\"name\":\"Po\u010detna stranica\",\"item\":\"https:\\\/\\\/zkkplamenpozega.hr\\\/\"},{\"@type\":\"ListItem\",\"position\":2,\"name\":\"Plamene do\u010dekuju \u0160ibenik u posljednjoj liga\u0161koj utakmici sezone\"}]},{\"@type\":\"WebSite\",\"@id\":\"https:\\\/\\\/zkkplamenpozega.hr\\\/#website\",\"url\":\"https:\\\/\\\/zkkplamenpozega.hr\\\/\",\"name\":\"\u017dKK Plamen Po\u017eega\",\"description\":\"Plamene su najbolje\",\"publisher\":{\"@id\":\"https:\\\/\\\/zkkplamenpozega.hr\\\/#organization\"},\"potentialAction\":[{\"@type\":\"SearchAction\",\"target\":{\"@type\":\"EntryPoint\",\"urlTemplate\":\"https:\\\/\\\/zkkplamenpozega.hr\\\/?s={search_term_string}\"},\"query-input\":{\"@type\":\"PropertyValueSpecification\",\"valueRequired\":true,\"valueName\":\"search_term_string\"}}],\"inLanguage\":\"hr\"},{\"@type\":\"Organization\",\"@id\":\"https:\\\/\\\/zkkplamenpozega.hr\\\/#organization\",\"name\":\"\u017denski ko\u0161arka\u0161ki klub Plamen Po\u017eega\",\"url\":\"https:\\\/\\\/zkkplamenpozega.hr\\\/\",\"logo\":{\"@type\":\"ImageObject\",\"inLanguage\":\"hr\",\"@id\":\"https:\\\/\\\/zkkplamenpozega.hr\\\/#\\\/schema\\\/logo\\\/image\\\/\",\"url\":\"https:\\\/\\\/zkkplamenpozega.hr\\\/wp-content\\\/uploads\\\/2020\\\/10\\\/logo-zkkpozega-e1602941511846.png\",\"contentUrl\":\"https:\\\/\\\/zkkplamenpozega.hr\\\/wp-content\\\/uploads\\\/2020\\\/10\\\/logo-zkkpozega-e1602941511846.png\",\"width\":400,\"height\":236,\"caption\":\"\u017denski ko\u0161arka\u0161ki klub Plamen Po\u017eega\"},\"image\":{\"@id\":\"https:\\\/\\\/zkkplamenpozega.hr\\\/#\\\/schema\\\/logo\\\/image\\\/\"},\"sameAs\":[\"https:\\\/\\\/www.facebook.com\\\/zkkplamenpozega\\\/\",\"https:\\\/\\\/www.instagram.com\\\/zkkplamenpozega\\\/?hl=hr\"]},{\"@type\":\"Person\",\"@id\":\"https:\\\/\\\/zkkplamenpozega.hr\\\/#\\\/schema\\\/person\\\/3d6e04918ebd6d498047f8e06ca8e915\",\"name\":\"Kreso\",\"image\":{\"@type\":\"ImageObject\",\"inLanguage\":\"hr\",\"@id\":\"https:\\\/\\\/secure.gravatar.com\\\/avatar\\\/44643690ce7f74819c091da2e59b8ec9a85b7089dcc2ae83c46287616c83fff9?s=96&d=mm&r=g\",\"url\":\"https:\\\/\\\/secure.gravatar.com\\\/avatar\\\/44643690ce7f74819c091da2e59b8ec9a85b7089dcc2ae83c46287616c83fff9?s=96&d=mm&r=g\",\"contentUrl\":\"https:\\\/\\\/secure.gravatar.com\\\/avatar\\\/44643690ce7f74819c091da2e59b8ec9a85b7089dcc2ae83c46287616c83fff9?s=96&d=mm&r=g\",\"caption\":\"Kreso\"}}]}<\/script>\n<!-- \/ Yoast SEO plugin. -->","yoast_head_json":{"title":"Plamene do\u010dekuju \u0160ibenik u posljednjoj liga\u0161koj utakmici sezone - \u017dKK Plamen Po\u017eega","robots":{"index":"index","follow":"follow","max-snippet":"max-snippet:-1","max-image-preview":"max-image-preview:large","max-video-preview":"max-video-preview:-1"},"canonical":"https:\/\/zkkplamenpozega.hr\/?p=4322","og_locale":"hr_HR","og_type":"article","og_title":"Plamene do\u010dekuju \u0160ibenik u posljednjoj liga\u0161koj utakmici sezone - \u017dKK Plamen Po\u017eega","og_description":"Liga\u0161ki dio sezone do\u0161ao je svome kraju. U posljednjem 22. kolu u goste nam sti\u017ee \u0160ibenik. Susret je to \u0161estoplasirane i tre\u0107eplasirane ekipe lige, a ako tome pridodamo i \u010dinjenicu da je prvi liga\u0161ki sraz odigran u prosincu pro\u0161le godine tako\u0111er uvjerljivo pripao \u0160iben\u010dankama 83:66, jasno je kako su go\u0161\u0107e blage favoritkinje i u sutra\u0161njem...","og_url":"https:\/\/zkkplamenpozega.hr\/?p=4322","og_site_name":"\u017dKK Plamen Po\u017eega","article_publisher":"https:\/\/www.facebook.com\/zkkplamenpozega\/","article_published_time":"2025-04-05T17:53:41+00:00","article_modified_time":"2025-06-13T16:59:28+00:00","og_image":[{"width":1200,"height":628,"url":"https:\/\/zkkplamenpozega.hr\/wp-content\/uploads\/2025\/04\/Portali-Vizuali-13.png","type":"image\/png"}],"author":"Kreso","twitter_card":"summary_large_image","twitter_misc":{"Napisao\/la":"Kreso","Procijenjeno vrijeme \u010ditanja":"1 minuta"},"schema":{"@context":"https:\/\/schema.org","@graph":[{"@type":"Article","@id":"https:\/\/zkkplamenpozega.hr\/?p=4322#article","isPartOf":{"@id":"https:\/\/zkkplamenpozega.hr\/?p=4322"},"author":{"name":"Kreso","@id":"https:\/\/zkkplamenpozega.hr\/#\/schema\/person\/3d6e04918ebd6d498047f8e06ca8e915"},"headline":"Plamene do\u010dekuju \u0160ibenik u posljednjoj liga\u0161koj utakmici sezone","datePublished":"2025-04-05T17:53:41+00:00","dateModified":"2025-06-13T16:59:28+00:00","mainEntityOfPage":{"@id":"https:\/\/zkkplamenpozega.hr\/?p=4322"},"wordCount":175,"publisher":{"@id":"https:\/\/zkkplamenpozega.hr\/#organization"},"image":{"@id":"https:\/\/zkkplamenpozega.hr\/?p=4322#primaryimage"},"thumbnailUrl":"https:\/\/zkkplamenpozega.hr\/wp-content\/uploads\/2025\/04\/Portali-Vizuali-13.png","keywords":["Premijer liga (\u017e)"],"articleSection":["Premijer \u017denska Liga"],"inLanguage":"hr"},{"@type":"WebPage","@id":"https:\/\/zkkplamenpozega.hr\/?p=4322","url":"https:\/\/zkkplamenpozega.hr\/?p=4322","name":"Plamene do\u010dekuju \u0160ibenik u posljednjoj liga\u0161koj utakmici sezone - \u017dKK Plamen Po\u017eega","isPartOf":{"@id":"https:\/\/zkkplamenpozega.hr\/#website"},"primaryImageOfPage":{"@id":"https:\/\/zkkplamenpozega.hr\/?p=4322#primaryimage"},"image":{"@id":"https:\/\/zkkplamenpozega.hr\/?p=4322#primaryimage"},"thumbnailUrl":"https:\/\/zkkplamenpozega.hr\/wp-content\/uploads\/2025\/04\/Portali-Vizuali-13.png","datePublished":"2025-04-05T17:53:41+00:00","dateModified":"2025-06-13T16:59:28+00:00","breadcrumb":{"@id":"https:\/\/zkkplamenpozega.hr\/?p=4322#breadcrumb"},"inLanguage":"hr","potentialAction":[{"@type":"ReadAction","target":["https:\/\/zkkplamenpozega.hr\/?p=4322"]}]},{"@type":"ImageObject","inLanguage":"hr","@id":"https:\/\/zkkplamenpozega.hr\/?p=4322#primaryimage","url":"https:\/\/zkkplamenpozega.hr\/wp-content\/uploads\/2025\/04\/Portali-Vizuali-13.png","contentUrl":"https:\/\/zkkplamenpozega.hr\/wp-content\/uploads\/2025\/04\/Portali-Vizuali-13.png","width":1200,"height":628},{"@type":"BreadcrumbList","@id":"https:\/\/zkkplamenpozega.hr\/?p=4322#breadcrumb","itemListElement":[{"@type":"ListItem","position":1,"name":"Po\u010detna stranica","item":"https:\/\/zkkplamenpozega.hr\/"},{"@type":"ListItem","position":2,"name":"Plamene do\u010dekuju \u0160ibenik u posljednjoj liga\u0161koj utakmici sezone"}]},{"@type":"WebSite","@id":"https:\/\/zkkplamenpozega.hr\/#website","url":"https:\/\/zkkplamenpozega.hr\/","name":"\u017dKK Plamen Po\u017eega","description":"Plamene su najbolje","publisher":{"@id":"https:\/\/zkkplamenpozega.hr\/#organization"},"potentialAction":[{"@type":"SearchAction","target":{"@type":"EntryPoint","urlTemplate":"https:\/\/zkkplamenpozega.hr\/?s={search_term_string}"},"query-input":{"@type":"PropertyValueSpecification","valueRequired":true,"valueName":"search_term_string"}}],"inLanguage":"hr"},{"@type":"Organization","@id":"https:\/\/zkkplamenpozega.hr\/#organization","name":"\u017denski ko\u0161arka\u0161ki klub Plamen Po\u017eega","url":"https:\/\/zkkplamenpozega.hr\/","logo":{"@type":"ImageObject","inLanguage":"hr","@id":"https:\/\/zkkplamenpozega.hr\/#\/schema\/logo\/image\/","url":"https:\/\/zkkplamenpozega.hr\/wp-content\/uploads\/2020\/10\/logo-zkkpozega-e1602941511846.png","contentUrl":"https:\/\/zkkplamenpozega.hr\/wp-content\/uploads\/2020\/10\/logo-zkkpozega-e1602941511846.png","width":400,"height":236,"caption":"\u017denski ko\u0161arka\u0161ki klub Plamen Po\u017eega"},"image":{"@id":"https:\/\/zkkplamenpozega.hr\/#\/schema\/logo\/image\/"},"sameAs":["https:\/\/www.facebook.com\/zkkplamenpozega\/","https:\/\/www.instagram.com\/zkkplamenpozega\/?hl=hr"]},{"@type":"Person","@id":"https:\/\/zkkplamenpozega.hr\/#\/schema\/person\/3d6e04918ebd6d498047f8e06ca8e915","name":"Kreso","image":{"@type":"ImageObject","inLanguage":"hr","@id":"https:\/\/secure.gravatar.com\/avatar\/44643690ce7f74819c091da2e59b8ec9a85b7089dcc2ae83c46287616c83fff9?s=96&d=mm&r=g","url":"https:\/\/secure.gravatar.com\/avatar\/44643690ce7f74819c091da2e59b8ec9a85b7089dcc2ae83c46287616c83fff9?s=96&d=mm&r=g","contentUrl":"https:\/\/secure.gravatar.com\/avatar\/44643690ce7f74819c091da2e59b8ec9a85b7089dcc2ae83c46287616c83fff9?s=96&d=mm&r=g","caption":"Kreso"}}]}},"_links":{"self":[{"href":"https:\/\/zkkplamenpozega.hr\/index.php?rest_route=\/wp\/v2\/posts\/4322","targetHints":{"allow":["GET"]}}],"collection":[{"href":"https:\/\/zkkplamenpozega.hr\/index.php?rest_route=\/wp\/v2\/posts"}],"about":[{"href":"https:\/\/zkkplamenpozega.hr\/index.php?rest_route=\/wp\/v2\/types\/post"}],"author":[{"embeddable":true,"href":"https:\/\/zkkplamenpozega.hr\/index.php?rest_route=\/wp\/v2\/users\/5"}],"replies":[{"embeddable":true,"href":"https:\/\/zkkplamenpozega.hr\/index.php?rest_route=%2Fwp%2Fv2%2Fcomments&post=4322"}],"version-history":[{"count":1,"href":"https:\/\/zkkplamenpozega.hr\/index.php?rest_route=\/wp\/v2\/posts\/4322\/revisions"}],"predecessor-version":[{"id":4441,"href":"https:\/\/zkkplamenpozega.hr\/index.php?rest_route=\/wp\/v2\/posts\/4322\/revisions\/4441"}],"wp:featuredmedia":[{"embeddable":true,"href":"https:\/\/zkkplamenpozega.hr\/index.php?rest_route=\/wp\/v2\/media\/4324"}],"wp:attachment":[{"href":"https:\/\/zkkplamenpozega.hr\/index.php?rest_route=%2Fwp%2Fv2%2Fmedia&parent=4322"}],"wp:term":[{"taxonomy":"category","embeddable":true,"href":"https:\/\/zkkplamenpozega.hr\/index.php?rest_route=%2Fwp%2Fv2%2Fcategories&post=4322"},{"taxonomy":"post_tag","embeddable":true,"href":"https:\/\/zkkplamenpozega.hr\/index.php?rest_route=%2Fwp%2Fv2%2Ftags&post=4322"}],"curies":[{"name":"wp","href":"https:\/\/api.w.org\/{rel}","templated":true}]}}