{"id":4038,"date":"2024-06-04T17:29:39","date_gmt":"2024-06-04T17:29:39","guid":{"rendered":"https:\/\/zkkplamenpozega.hr\/?p=4038"},"modified":"2024-06-04T17:29:39","modified_gmt":"2024-06-04T17:29:39","slug":"gorana-kondic-nova-je-kosarkasica-plamen-pozege","status":"publish","type":"post","link":"https:\/\/zkkplamenpozega.hr\/?p=4038","title":{"rendered":"Gorana Kondi\u0107 nova je ko\u0161arka\u0161ica Plamen Po\u017eege"},"content":{"rendered":"<p>Nakon \u0161to smo prethodnih dana predstavili dolazak novog ameri\u010dkog centra <strong>Emme Broermann<\/strong> te osigurali produ\u017eetak suradnje s <strong>Marijom Ke\u0161eljevi\u0107<\/strong> i <strong>Jelenom Zori\u0107<\/strong>, danas vam nastavljamo predstavljati novosti u rosteru na\u0161eg tima za predstoje\u0107u sezonu.<\/p>\n<p><strong>Gorana Kondi\u0107<\/strong> drugo je poja\u010danje Plamen Po\u017eege. 24-godi\u0161nja bosanskohercegova\u010dka ko\u0161arka\u0161ica osna\u017eit \u0107e konkurenciju na bekovskim pozicijama. Dolazi nam iz redova ni\u0161kog <strong>Studenta<\/strong> gdje je provela sezonu koja je za nama. U najelitnijem rangu srpske \u017eenske ko\u0161arke za Student je odigrala 22 utakmice i prosje\u010dno bilje\u017eila u\u010dinak od 8,7 poena, 1,7 asistencija i 3,3 skoka po susretu.<\/p>\n<p>&#8220;<strong>Po\u017eega je ekipa protiv koje sam se u prethodnim godinama susretala u WABA ligi i odatle ve\u0107 imam pozitivna iskustva. Nakon ovakve sezone kluba nije mi bilo te\u0161ko da donesem odluku. Dolazim s visokim ambicijama, a najmanje \u0161to o\u010dekujem je da se ponovi uspjeh od pro\u0161le sezone ili po mogu\u0107nosti ostvarimo jo\u0161 ve\u0107i<\/strong>&#8221; Izjavila je nakon potpisa Gorana.<\/p>\n<p>Kroz dosada\u0161nju karijeru igrala je tako\u0111er, za <strong>Slobodu iz Novog Grada<\/strong>, <strong>Mladi Kraji\u0161nik<\/strong> i<strong> Orlove<\/strong> u Bosni i Hercegovini te beogradski <strong>Partizan<\/strong> u Srbiji.<\/p>\n<p>S banjalu\u010dkim Orlovima po jednom je bila prvakinja i viceprvakinja Bosne i Hercegovine, po dva puta osvojila Kup Republike Srpske i Bosne i Hercegovine, a tako\u0111er osvojeno je i 3. mjesto u WABA regionalnoj ligi u sezoni 2021\/22.<\/p>\n<p>Gorana dobro nam do\u0161la!<\/p>\n<p>Foto: sportpics.by,dallyg<\/p>\n","protected":false},"excerpt":{"rendered":"<p>Nakon \u0161to smo prethodnih dana predstavili dolazak novog ameri\u010dkog centra Emme Broermann te osigurali produ\u017eetak suradnje s Marijom Ke\u0161eljevi\u0107 i Jelenom Zori\u0107, danas vam nastavljamo predstavljati novosti u rosteru na\u0161eg tima za predstoje\u0107u sezonu. Gorana Kondi\u0107 drugo je poja\u010danje Plamen Po\u017eege. 24-godi\u0161nja bosanskohercegova\u010dka ko\u0161arka\u0161ica osna\u017eit \u0107e konkurenciju na bekovskim pozicijama. Dolazi nam iz redova ni\u0161kog&#8230;<\/p>\n","protected":false},"author":1,"featured_media":4039,"comment_status":"open","ping_status":"open","sticky":false,"template":"","format":"standard","meta":{"_acf_changed":false,"footnotes":""},"categories":[120],"tags":[147],"class_list":["post-4038","post","type-post","status-publish","format-standard","has-post-thumbnail","hentry","category-novosti","tag-gorana-kondic"],"acf":[],"yoast_head":"<!-- This site is optimized with the Yoast SEO plugin v27.4 - https:\/\/yoast.com\/product\/yoast-seo-wordpress\/ -->\n<title>Gorana Kondi\u0107 nova je ko\u0161arka\u0161ica Plamen Po\u017eege - \u017dKK Plamen Po\u017eega<\/title>\n<meta name=\"robots\" content=\"index, follow, max-snippet:-1, max-image-preview:large, max-video-preview:-1\" \/>\n<link rel=\"canonical\" href=\"https:\/\/zkkplamenpozega.hr\/?p=4038\" \/>\n<meta property=\"og:locale\" content=\"hr_HR\" \/>\n<meta property=\"og:type\" content=\"article\" \/>\n<meta property=\"og:title\" content=\"Gorana Kondi\u0107 nova je ko\u0161arka\u0161ica Plamen Po\u017eege - \u017dKK Plamen Po\u017eega\" \/>\n<meta property=\"og:description\" content=\"Nakon \u0161to smo prethodnih dana predstavili dolazak novog ameri\u010dkog centra Emme Broermann te osigurali produ\u017eetak suradnje s Marijom Ke\u0161eljevi\u0107 i Jelenom Zori\u0107, danas vam nastavljamo predstavljati novosti u rosteru na\u0161eg tima za predstoje\u0107u sezonu. Gorana Kondi\u0107 drugo je poja\u010danje Plamen Po\u017eege. 24-godi\u0161nja bosanskohercegova\u010dka ko\u0161arka\u0161ica osna\u017eit \u0107e konkurenciju na bekovskim pozicijama. Dolazi nam iz redova ni\u0161kog...\" \/>\n<meta property=\"og:url\" content=\"https:\/\/zkkplamenpozega.hr\/?p=4038\" \/>\n<meta property=\"og:site_name\" content=\"\u017dKK Plamen Po\u017eega\" \/>\n<meta property=\"article:publisher\" content=\"https:\/\/www.facebook.com\/zkkplamenpozega\/\" \/>\n<meta property=\"article:published_time\" content=\"2024-06-04T17:29:39+00:00\" \/>\n<meta property=\"og:image\" content=\"https:\/\/zkkplamenpozega.hr\/wp-content\/uploads\/2024\/06\/Untitled-design-5-1.jpg\" \/>\n\t<meta property=\"og:image:width\" content=\"1800\" \/>\n\t<meta property=\"og:image:height\" content=\"1200\" \/>\n\t<meta property=\"og:image:type\" content=\"image\/jpeg\" \/>\n<meta name=\"author\" content=\"PozEGAaKKzKZ\" \/>\n<meta name=\"twitter:card\" content=\"summary_large_image\" \/>\n<meta name=\"twitter:label1\" content=\"Napisao\/la\" \/>\n\t<meta name=\"twitter:data1\" content=\"PozEGAaKKzKZ\" \/>\n\t<meta name=\"twitter:label2\" content=\"Procijenjeno vrijeme \u010ditanja\" \/>\n\t<meta name=\"twitter:data2\" content=\"1 minuta\" \/>\n<script type=\"application\/ld+json\" class=\"yoast-schema-graph\">{\"@context\":\"https:\\\/\\\/schema.org\",\"@graph\":[{\"@type\":\"Article\",\"@id\":\"https:\\\/\\\/zkkplamenpozega.hr\\\/?p=4038#article\",\"isPartOf\":{\"@id\":\"https:\\\/\\\/zkkplamenpozega.hr\\\/?p=4038\"},\"author\":{\"name\":\"PozEGAaKKzKZ\",\"@id\":\"https:\\\/\\\/zkkplamenpozega.hr\\\/#\\\/schema\\\/person\\\/999dc4799645b6c20c9b48358878f978\"},\"headline\":\"Gorana Kondi\u0107 nova je ko\u0161arka\u0161ica Plamen Po\u017eege\",\"datePublished\":\"2024-06-04T17:29:39+00:00\",\"mainEntityOfPage\":{\"@id\":\"https:\\\/\\\/zkkplamenpozega.hr\\\/?p=4038\"},\"wordCount\":251,\"commentCount\":0,\"publisher\":{\"@id\":\"https:\\\/\\\/zkkplamenpozega.hr\\\/#organization\"},\"image\":{\"@id\":\"https:\\\/\\\/zkkplamenpozega.hr\\\/?p=4038#primaryimage\"},\"thumbnailUrl\":\"https:\\\/\\\/zkkplamenpozega.hr\\\/wp-content\\\/uploads\\\/2024\\\/06\\\/Untitled-design-5-1.jpg\",\"keywords\":[\"Gorana Kondi\u0107\"],\"articleSection\":[\"Novosti\"],\"inLanguage\":\"hr\",\"potentialAction\":[{\"@type\":\"CommentAction\",\"name\":\"Comment\",\"target\":[\"https:\\\/\\\/zkkplamenpozega.hr\\\/?p=4038#respond\"]}]},{\"@type\":\"WebPage\",\"@id\":\"https:\\\/\\\/zkkplamenpozega.hr\\\/?p=4038\",\"url\":\"https:\\\/\\\/zkkplamenpozega.hr\\\/?p=4038\",\"name\":\"Gorana Kondi\u0107 nova je ko\u0161arka\u0161ica Plamen Po\u017eege - \u017dKK Plamen Po\u017eega\",\"isPartOf\":{\"@id\":\"https:\\\/\\\/zkkplamenpozega.hr\\\/#website\"},\"primaryImageOfPage\":{\"@id\":\"https:\\\/\\\/zkkplamenpozega.hr\\\/?p=4038#primaryimage\"},\"image\":{\"@id\":\"https:\\\/\\\/zkkplamenpozega.hr\\\/?p=4038#primaryimage\"},\"thumbnailUrl\":\"https:\\\/\\\/zkkplamenpozega.hr\\\/wp-content\\\/uploads\\\/2024\\\/06\\\/Untitled-design-5-1.jpg\",\"datePublished\":\"2024-06-04T17:29:39+00:00\",\"breadcrumb\":{\"@id\":\"https:\\\/\\\/zkkplamenpozega.hr\\\/?p=4038#breadcrumb\"},\"inLanguage\":\"hr\",\"potentialAction\":[{\"@type\":\"ReadAction\",\"target\":[\"https:\\\/\\\/zkkplamenpozega.hr\\\/?p=4038\"]}]},{\"@type\":\"ImageObject\",\"inLanguage\":\"hr\",\"@id\":\"https:\\\/\\\/zkkplamenpozega.hr\\\/?p=4038#primaryimage\",\"url\":\"https:\\\/\\\/zkkplamenpozega.hr\\\/wp-content\\\/uploads\\\/2024\\\/06\\\/Untitled-design-5-1.jpg\",\"contentUrl\":\"https:\\\/\\\/zkkplamenpozega.hr\\\/wp-content\\\/uploads\\\/2024\\\/06\\\/Untitled-design-5-1.jpg\",\"width\":1800,\"height\":1200},{\"@type\":\"BreadcrumbList\",\"@id\":\"https:\\\/\\\/zkkplamenpozega.hr\\\/?p=4038#breadcrumb\",\"itemListElement\":[{\"@type\":\"ListItem\",\"position\":1,\"name\":\"Po\u010detna stranica\",\"item\":\"https:\\\/\\\/zkkplamenpozega.hr\\\/\"},{\"@type\":\"ListItem\",\"position\":2,\"name\":\"Gorana Kondi\u0107 nova je ko\u0161arka\u0161ica Plamen Po\u017eege\"}]},{\"@type\":\"WebSite\",\"@id\":\"https:\\\/\\\/zkkplamenpozega.hr\\\/#website\",\"url\":\"https:\\\/\\\/zkkplamenpozega.hr\\\/\",\"name\":\"\u017dKK Plamen Po\u017eega\",\"description\":\"Plamene su najbolje\",\"publisher\":{\"@id\":\"https:\\\/\\\/zkkplamenpozega.hr\\\/#organization\"},\"potentialAction\":[{\"@type\":\"SearchAction\",\"target\":{\"@type\":\"EntryPoint\",\"urlTemplate\":\"https:\\\/\\\/zkkplamenpozega.hr\\\/?s={search_term_string}\"},\"query-input\":{\"@type\":\"PropertyValueSpecification\",\"valueRequired\":true,\"valueName\":\"search_term_string\"}}],\"inLanguage\":\"hr\"},{\"@type\":\"Organization\",\"@id\":\"https:\\\/\\\/zkkplamenpozega.hr\\\/#organization\",\"name\":\"\u017denski ko\u0161arka\u0161ki klub Plamen Po\u017eega\",\"url\":\"https:\\\/\\\/zkkplamenpozega.hr\\\/\",\"logo\":{\"@type\":\"ImageObject\",\"inLanguage\":\"hr\",\"@id\":\"https:\\\/\\\/zkkplamenpozega.hr\\\/#\\\/schema\\\/logo\\\/image\\\/\",\"url\":\"https:\\\/\\\/zkkplamenpozega.hr\\\/wp-content\\\/uploads\\\/2020\\\/10\\\/logo-zkkpozega-e1602941511846.png\",\"contentUrl\":\"https:\\\/\\\/zkkplamenpozega.hr\\\/wp-content\\\/uploads\\\/2020\\\/10\\\/logo-zkkpozega-e1602941511846.png\",\"width\":400,\"height\":236,\"caption\":\"\u017denski ko\u0161arka\u0161ki klub Plamen Po\u017eega\"},\"image\":{\"@id\":\"https:\\\/\\\/zkkplamenpozega.hr\\\/#\\\/schema\\\/logo\\\/image\\\/\"},\"sameAs\":[\"https:\\\/\\\/www.facebook.com\\\/zkkplamenpozega\\\/\",\"https:\\\/\\\/www.instagram.com\\\/zkkplamenpozega\\\/?hl=hr\"]},{\"@type\":\"Person\",\"@id\":\"https:\\\/\\\/zkkplamenpozega.hr\\\/#\\\/schema\\\/person\\\/999dc4799645b6c20c9b48358878f978\",\"name\":\"PozEGAaKKzKZ\",\"image\":{\"@type\":\"ImageObject\",\"inLanguage\":\"hr\",\"@id\":\"https:\\\/\\\/secure.gravatar.com\\\/avatar\\\/4c80c2b40e3f6c79c2f22cda392ad859abc361d727f969775f475825d3b21ca5?s=96&d=mm&r=g\",\"url\":\"https:\\\/\\\/secure.gravatar.com\\\/avatar\\\/4c80c2b40e3f6c79c2f22cda392ad859abc361d727f969775f475825d3b21ca5?s=96&d=mm&r=g\",\"contentUrl\":\"https:\\\/\\\/secure.gravatar.com\\\/avatar\\\/4c80c2b40e3f6c79c2f22cda392ad859abc361d727f969775f475825d3b21ca5?s=96&d=mm&r=g\",\"caption\":\"PozEGAaKKzKZ\"},\"sameAs\":[\"https:\\\/\\\/zkkplamenpozega.hr\"]}]}<\/script>\n<!-- \/ Yoast SEO plugin. -->","yoast_head_json":{"title":"Gorana Kondi\u0107 nova je ko\u0161arka\u0161ica Plamen Po\u017eege - \u017dKK Plamen Po\u017eega","robots":{"index":"index","follow":"follow","max-snippet":"max-snippet:-1","max-image-preview":"max-image-preview:large","max-video-preview":"max-video-preview:-1"},"canonical":"https:\/\/zkkplamenpozega.hr\/?p=4038","og_locale":"hr_HR","og_type":"article","og_title":"Gorana Kondi\u0107 nova je ko\u0161arka\u0161ica Plamen Po\u017eege - \u017dKK Plamen Po\u017eega","og_description":"Nakon \u0161to smo prethodnih dana predstavili dolazak novog ameri\u010dkog centra Emme Broermann te osigurali produ\u017eetak suradnje s Marijom Ke\u0161eljevi\u0107 i Jelenom Zori\u0107, danas vam nastavljamo predstavljati novosti u rosteru na\u0161eg tima za predstoje\u0107u sezonu. Gorana Kondi\u0107 drugo je poja\u010danje Plamen Po\u017eege. 24-godi\u0161nja bosanskohercegova\u010dka ko\u0161arka\u0161ica osna\u017eit \u0107e konkurenciju na bekovskim pozicijama. Dolazi nam iz redova ni\u0161kog...","og_url":"https:\/\/zkkplamenpozega.hr\/?p=4038","og_site_name":"\u017dKK Plamen Po\u017eega","article_publisher":"https:\/\/www.facebook.com\/zkkplamenpozega\/","article_published_time":"2024-06-04T17:29:39+00:00","og_image":[{"width":1800,"height":1200,"url":"https:\/\/zkkplamenpozega.hr\/wp-content\/uploads\/2024\/06\/Untitled-design-5-1.jpg","type":"image\/jpeg"}],"author":"PozEGAaKKzKZ","twitter_card":"summary_large_image","twitter_misc":{"Napisao\/la":"PozEGAaKKzKZ","Procijenjeno vrijeme \u010ditanja":"1 minuta"},"schema":{"@context":"https:\/\/schema.org","@graph":[{"@type":"Article","@id":"https:\/\/zkkplamenpozega.hr\/?p=4038#article","isPartOf":{"@id":"https:\/\/zkkplamenpozega.hr\/?p=4038"},"author":{"name":"PozEGAaKKzKZ","@id":"https:\/\/zkkplamenpozega.hr\/#\/schema\/person\/999dc4799645b6c20c9b48358878f978"},"headline":"Gorana Kondi\u0107 nova je ko\u0161arka\u0161ica Plamen Po\u017eege","datePublished":"2024-06-04T17:29:39+00:00","mainEntityOfPage":{"@id":"https:\/\/zkkplamenpozega.hr\/?p=4038"},"wordCount":251,"commentCount":0,"publisher":{"@id":"https:\/\/zkkplamenpozega.hr\/#organization"},"image":{"@id":"https:\/\/zkkplamenpozega.hr\/?p=4038#primaryimage"},"thumbnailUrl":"https:\/\/zkkplamenpozega.hr\/wp-content\/uploads\/2024\/06\/Untitled-design-5-1.jpg","keywords":["Gorana Kondi\u0107"],"articleSection":["Novosti"],"inLanguage":"hr","potentialAction":[{"@type":"CommentAction","name":"Comment","target":["https:\/\/zkkplamenpozega.hr\/?p=4038#respond"]}]},{"@type":"WebPage","@id":"https:\/\/zkkplamenpozega.hr\/?p=4038","url":"https:\/\/zkkplamenpozega.hr\/?p=4038","name":"Gorana Kondi\u0107 nova je ko\u0161arka\u0161ica Plamen Po\u017eege - \u017dKK Plamen Po\u017eega","isPartOf":{"@id":"https:\/\/zkkplamenpozega.hr\/#website"},"primaryImageOfPage":{"@id":"https:\/\/zkkplamenpozega.hr\/?p=4038#primaryimage"},"image":{"@id":"https:\/\/zkkplamenpozega.hr\/?p=4038#primaryimage"},"thumbnailUrl":"https:\/\/zkkplamenpozega.hr\/wp-content\/uploads\/2024\/06\/Untitled-design-5-1.jpg","datePublished":"2024-06-04T17:29:39+00:00","breadcrumb":{"@id":"https:\/\/zkkplamenpozega.hr\/?p=4038#breadcrumb"},"inLanguage":"hr","potentialAction":[{"@type":"ReadAction","target":["https:\/\/zkkplamenpozega.hr\/?p=4038"]}]},{"@type":"ImageObject","inLanguage":"hr","@id":"https:\/\/zkkplamenpozega.hr\/?p=4038#primaryimage","url":"https:\/\/zkkplamenpozega.hr\/wp-content\/uploads\/2024\/06\/Untitled-design-5-1.jpg","contentUrl":"https:\/\/zkkplamenpozega.hr\/wp-content\/uploads\/2024\/06\/Untitled-design-5-1.jpg","width":1800,"height":1200},{"@type":"BreadcrumbList","@id":"https:\/\/zkkplamenpozega.hr\/?p=4038#breadcrumb","itemListElement":[{"@type":"ListItem","position":1,"name":"Po\u010detna stranica","item":"https:\/\/zkkplamenpozega.hr\/"},{"@type":"ListItem","position":2,"name":"Gorana Kondi\u0107 nova je ko\u0161arka\u0161ica Plamen Po\u017eege"}]},{"@type":"WebSite","@id":"https:\/\/zkkplamenpozega.hr\/#website","url":"https:\/\/zkkplamenpozega.hr\/","name":"\u017dKK Plamen Po\u017eega","description":"Plamene su najbolje","publisher":{"@id":"https:\/\/zkkplamenpozega.hr\/#organization"},"potentialAction":[{"@type":"SearchAction","target":{"@type":"EntryPoint","urlTemplate":"https:\/\/zkkplamenpozega.hr\/?s={search_term_string}"},"query-input":{"@type":"PropertyValueSpecification","valueRequired":true,"valueName":"search_term_string"}}],"inLanguage":"hr"},{"@type":"Organization","@id":"https:\/\/zkkplamenpozega.hr\/#organization","name":"\u017denski ko\u0161arka\u0161ki klub Plamen Po\u017eega","url":"https:\/\/zkkplamenpozega.hr\/","logo":{"@type":"ImageObject","inLanguage":"hr","@id":"https:\/\/zkkplamenpozega.hr\/#\/schema\/logo\/image\/","url":"https:\/\/zkkplamenpozega.hr\/wp-content\/uploads\/2020\/10\/logo-zkkpozega-e1602941511846.png","contentUrl":"https:\/\/zkkplamenpozega.hr\/wp-content\/uploads\/2020\/10\/logo-zkkpozega-e1602941511846.png","width":400,"height":236,"caption":"\u017denski ko\u0161arka\u0161ki klub Plamen Po\u017eega"},"image":{"@id":"https:\/\/zkkplamenpozega.hr\/#\/schema\/logo\/image\/"},"sameAs":["https:\/\/www.facebook.com\/zkkplamenpozega\/","https:\/\/www.instagram.com\/zkkplamenpozega\/?hl=hr"]},{"@type":"Person","@id":"https:\/\/zkkplamenpozega.hr\/#\/schema\/person\/999dc4799645b6c20c9b48358878f978","name":"PozEGAaKKzKZ","image":{"@type":"ImageObject","inLanguage":"hr","@id":"https:\/\/secure.gravatar.com\/avatar\/4c80c2b40e3f6c79c2f22cda392ad859abc361d727f969775f475825d3b21ca5?s=96&d=mm&r=g","url":"https:\/\/secure.gravatar.com\/avatar\/4c80c2b40e3f6c79c2f22cda392ad859abc361d727f969775f475825d3b21ca5?s=96&d=mm&r=g","contentUrl":"https:\/\/secure.gravatar.com\/avatar\/4c80c2b40e3f6c79c2f22cda392ad859abc361d727f969775f475825d3b21ca5?s=96&d=mm&r=g","caption":"PozEGAaKKzKZ"},"sameAs":["https:\/\/zkkplamenpozega.hr"]}]}},"_links":{"self":[{"href":"https:\/\/zkkplamenpozega.hr\/index.php?rest_route=\/wp\/v2\/posts\/4038","targetHints":{"allow":["GET"]}}],"collection":[{"href":"https:\/\/zkkplamenpozega.hr\/index.php?rest_route=\/wp\/v2\/posts"}],"about":[{"href":"https:\/\/zkkplamenpozega.hr\/index.php?rest_route=\/wp\/v2\/types\/post"}],"author":[{"embeddable":true,"href":"https:\/\/zkkplamenpozega.hr\/index.php?rest_route=\/wp\/v2\/users\/1"}],"replies":[{"embeddable":true,"href":"https:\/\/zkkplamenpozega.hr\/index.php?rest_route=%2Fwp%2Fv2%2Fcomments&post=4038"}],"version-history":[{"count":0,"href":"https:\/\/zkkplamenpozega.hr\/index.php?rest_route=\/wp\/v2\/posts\/4038\/revisions"}],"wp:featuredmedia":[{"embeddable":true,"href":"https:\/\/zkkplamenpozega.hr\/index.php?rest_route=\/wp\/v2\/media\/4039"}],"wp:attachment":[{"href":"https:\/\/zkkplamenpozega.hr\/index.php?rest_route=%2Fwp%2Fv2%2Fmedia&parent=4038"}],"wp:term":[{"taxonomy":"category","embeddable":true,"href":"https:\/\/zkkplamenpozega.hr\/index.php?rest_route=%2Fwp%2Fv2%2Fcategories&post=4038"},{"taxonomy":"post_tag","embeddable":true,"href":"https:\/\/zkkplamenpozega.hr\/index.php?rest_route=%2Fwp%2Fv2%2Ftags&post=4038"}],"curies":[{"name":"wp","href":"https:\/\/api.w.org\/{rel}","templated":true}]}}