{"id":3387,"date":"2023-11-17T19:48:04","date_gmt":"2023-11-17T19:48:04","guid":{"rendered":"https:\/\/zkkplamenpozega.hr\/?p=3387"},"modified":"2023-11-17T20:04:15","modified_gmt":"2023-11-17T20:04:15","slug":"plamene-sutra-gostuju-u-zadru","status":"publish","type":"post","link":"https:\/\/zkkplamenpozega.hr\/?p=3387","title":{"rendered":"Plamene sutra gostuju u Zadru"},"content":{"rendered":"<p>Nakon kratke prvenstvene stanke uzrokovane utakmicama osmine finala Kupa &#8220;Ru\u017eica Meglaj &#8211; Rimac&#8221; i kvalifikacijama reprezentacije za Eurobasket, ovog vikenda ponovno se vra\u0107amo obavezama u doma\u0107em prvenstvu. U 7. kolu Premijer lige na\u0161e \u0107e ko\u0161arka\u0161ice gostovati u Zadru, kod ekipe Zadar Plus. Bit \u0107e to prvi me\u0111usobni prvenstveni okr\u0161aj ova dva tima.<\/p>\n<p>U dosada\u0161njem dijelu prvenstva Zadranke su ostvarile dvije pobjede uz \u010detiri poraza te se nalaze na 9. mjestu prvenstvene ljestvice. Tim predvode<strong> Lucija \u0160trmelj<\/strong> i <strong>Davorka Bali\u0107<\/strong> kao dvije najiskusnije igra\u010dice, a pored njih tako\u0111er treba istaknuti dvije Amerikanke <strong>Jaliu Arnwine<\/strong> i <strong>Saquitu Joyner<\/strong> te<strong> Ivu Bo\u0161njak<\/strong>.<\/p>\n<p>S obzirom na trenutnu formu i pogled na tablicu na kojoj se na\u0161 tim nalazi na tre\u0107em mjestu, uz samo jedan poraz, jasno je da Plamene u ovom susretu imaju status favorita, no tu ulogu tek se mora opravdati na terenu.<\/p>\n<p>&#8220;<strong>Nakon pauze zbog reprezentativnih i Kup obaveza vra\u0107amo se doma\u0107em prvenstvu,oporavljeni od ozljeda zadobijenih u me\u010du sa Ragusom. Idemo u Zadar sa \u017eeljom da ostanemo na pobjedni\u010dkom kolosjeku,i poku\u0161amo da iskoristimo prednosti koje nam roster pru\u017ea.Moramo biti obazrivi i u\u010di potpuno skoncentrirani u dvoboj, jer je ekipa Zadra pokazala da mo\u017ee da odigra jako dobro,ali mislim da od nas zavisi<\/strong>&#8220;. Izjavila je u najavi dvoboja pomo\u0107na trenerica Milica Jankovi\u0107.<\/p>\n<p>Susret je na rasporedu sutra (<strong>Subota, 18.studenog<\/strong>,<strong> 18.00 sati, \u0160RC Vi\u0161njik, dvorana 3).<\/strong>\u00a0 Prijenos susreta mo\u017eete gledati na platformi HKS TV.<\/p>\n","protected":false},"excerpt":{"rendered":"<p>Nakon kratke prvenstvene stanke uzrokovane utakmicama osmine finala Kupa &#8220;Ru\u017eica Meglaj &#8211; Rimac&#8221; i kvalifikacijama reprezentacije za Eurobasket, ovog vikenda ponovno se vra\u0107amo obavezama u doma\u0107em prvenstvu. U 7. kolu Premijer lige na\u0161e \u0107e ko\u0161arka\u0161ice gostovati u Zadru, kod ekipe Zadar Plus. Bit \u0107e to prvi me\u0111usobni prvenstveni okr\u0161aj ova dva tima. U dosada\u0161njem dijelu&#8230;<\/p>\n","protected":false},"author":1,"featured_media":3242,"comment_status":"open","ping_status":"open","sticky":false,"template":"","format":"standard","meta":{"_acf_changed":false,"footnotes":""},"categories":[120],"tags":[136],"class_list":["post-3387","post","type-post","status-publish","format-standard","has-post-thumbnail","hentry","category-novosti","tag-premijer-liga-z"],"acf":[],"yoast_head":"<!-- This site is optimized with the Yoast SEO plugin v27.4 - https:\/\/yoast.com\/product\/yoast-seo-wordpress\/ -->\n<title>Plamene sutra gostuju u Zadru - \u017dKK Plamen Po\u017eega<\/title>\n<meta name=\"robots\" content=\"index, follow, max-snippet:-1, max-image-preview:large, max-video-preview:-1\" \/>\n<link rel=\"canonical\" href=\"https:\/\/zkkplamenpozega.hr\/?p=3387\" \/>\n<meta property=\"og:locale\" content=\"hr_HR\" \/>\n<meta property=\"og:type\" content=\"article\" \/>\n<meta property=\"og:title\" content=\"Plamene sutra gostuju u Zadru - \u017dKK Plamen Po\u017eega\" \/>\n<meta property=\"og:description\" content=\"Nakon kratke prvenstvene stanke uzrokovane utakmicama osmine finala Kupa &#8220;Ru\u017eica Meglaj &#8211; Rimac&#8221; i kvalifikacijama reprezentacije za Eurobasket, ovog vikenda ponovno se vra\u0107amo obavezama u doma\u0107em prvenstvu. U 7. kolu Premijer lige na\u0161e \u0107e ko\u0161arka\u0161ice gostovati u Zadru, kod ekipe Zadar Plus. Bit \u0107e to prvi me\u0111usobni prvenstveni okr\u0161aj ova dva tima. U dosada\u0161njem dijelu...\" \/>\n<meta property=\"og:url\" content=\"https:\/\/zkkplamenpozega.hr\/?p=3387\" \/>\n<meta property=\"og:site_name\" content=\"\u017dKK Plamen Po\u017eega\" \/>\n<meta property=\"article:publisher\" content=\"https:\/\/www.facebook.com\/zkkplamenpozega\/\" \/>\n<meta property=\"article:published_time\" content=\"2023-11-17T19:48:04+00:00\" \/>\n<meta property=\"article:modified_time\" content=\"2023-11-17T20:04:15+00:00\" \/>\n<meta property=\"og:image\" content=\"https:\/\/zkkplamenpozega.hr\/wp-content\/uploads\/2023\/10\/MP-2-scaled-1.jpg\" \/>\n\t<meta property=\"og:image:width\" content=\"1920\" \/>\n\t<meta property=\"og:image:height\" content=\"1195\" \/>\n\t<meta property=\"og:image:type\" content=\"image\/jpeg\" \/>\n<meta name=\"author\" content=\"PozEGAaKKzKZ\" \/>\n<meta name=\"twitter:card\" content=\"summary_large_image\" \/>\n<meta name=\"twitter:label1\" content=\"Napisao\/la\" \/>\n\t<meta name=\"twitter:data1\" content=\"PozEGAaKKzKZ\" \/>\n\t<meta name=\"twitter:label2\" content=\"Procijenjeno vrijeme \u010ditanja\" \/>\n\t<meta name=\"twitter:data2\" content=\"1 minuta\" \/>\n<script type=\"application\/ld+json\" class=\"yoast-schema-graph\">{\"@context\":\"https:\\\/\\\/schema.org\",\"@graph\":[{\"@type\":\"Article\",\"@id\":\"https:\\\/\\\/zkkplamenpozega.hr\\\/?p=3387#article\",\"isPartOf\":{\"@id\":\"https:\\\/\\\/zkkplamenpozega.hr\\\/?p=3387\"},\"author\":{\"name\":\"PozEGAaKKzKZ\",\"@id\":\"https:\\\/\\\/zkkplamenpozega.hr\\\/#\\\/schema\\\/person\\\/999dc4799645b6c20c9b48358878f978\"},\"headline\":\"Plamene sutra gostuju u Zadru\",\"datePublished\":\"2023-11-17T19:48:04+00:00\",\"dateModified\":\"2023-11-17T20:04:15+00:00\",\"mainEntityOfPage\":{\"@id\":\"https:\\\/\\\/zkkplamenpozega.hr\\\/?p=3387\"},\"wordCount\":259,\"commentCount\":0,\"publisher\":{\"@id\":\"https:\\\/\\\/zkkplamenpozega.hr\\\/#organization\"},\"image\":{\"@id\":\"https:\\\/\\\/zkkplamenpozega.hr\\\/?p=3387#primaryimage\"},\"thumbnailUrl\":\"https:\\\/\\\/zkkplamenpozega.hr\\\/wp-content\\\/uploads\\\/2023\\\/10\\\/MP-2-scaled-1.jpg\",\"keywords\":[\"Premijer liga (\u017e)\"],\"articleSection\":[\"Novosti\"],\"inLanguage\":\"hr\",\"potentialAction\":[{\"@type\":\"CommentAction\",\"name\":\"Comment\",\"target\":[\"https:\\\/\\\/zkkplamenpozega.hr\\\/?p=3387#respond\"]}]},{\"@type\":\"WebPage\",\"@id\":\"https:\\\/\\\/zkkplamenpozega.hr\\\/?p=3387\",\"url\":\"https:\\\/\\\/zkkplamenpozega.hr\\\/?p=3387\",\"name\":\"Plamene sutra gostuju u Zadru - \u017dKK Plamen Po\u017eega\",\"isPartOf\":{\"@id\":\"https:\\\/\\\/zkkplamenpozega.hr\\\/#website\"},\"primaryImageOfPage\":{\"@id\":\"https:\\\/\\\/zkkplamenpozega.hr\\\/?p=3387#primaryimage\"},\"image\":{\"@id\":\"https:\\\/\\\/zkkplamenpozega.hr\\\/?p=3387#primaryimage\"},\"thumbnailUrl\":\"https:\\\/\\\/zkkplamenpozega.hr\\\/wp-content\\\/uploads\\\/2023\\\/10\\\/MP-2-scaled-1.jpg\",\"datePublished\":\"2023-11-17T19:48:04+00:00\",\"dateModified\":\"2023-11-17T20:04:15+00:00\",\"breadcrumb\":{\"@id\":\"https:\\\/\\\/zkkplamenpozega.hr\\\/?p=3387#breadcrumb\"},\"inLanguage\":\"hr\",\"potentialAction\":[{\"@type\":\"ReadAction\",\"target\":[\"https:\\\/\\\/zkkplamenpozega.hr\\\/?p=3387\"]}]},{\"@type\":\"ImageObject\",\"inLanguage\":\"hr\",\"@id\":\"https:\\\/\\\/zkkplamenpozega.hr\\\/?p=3387#primaryimage\",\"url\":\"https:\\\/\\\/zkkplamenpozega.hr\\\/wp-content\\\/uploads\\\/2023\\\/10\\\/MP-2-scaled-1.jpg\",\"contentUrl\":\"https:\\\/\\\/zkkplamenpozega.hr\\\/wp-content\\\/uploads\\\/2023\\\/10\\\/MP-2-scaled-1.jpg\",\"width\":1920,\"height\":1195},{\"@type\":\"BreadcrumbList\",\"@id\":\"https:\\\/\\\/zkkplamenpozega.hr\\\/?p=3387#breadcrumb\",\"itemListElement\":[{\"@type\":\"ListItem\",\"position\":1,\"name\":\"Po\u010detna stranica\",\"item\":\"https:\\\/\\\/zkkplamenpozega.hr\\\/\"},{\"@type\":\"ListItem\",\"position\":2,\"name\":\"Plamene sutra gostuju u Zadru\"}]},{\"@type\":\"WebSite\",\"@id\":\"https:\\\/\\\/zkkplamenpozega.hr\\\/#website\",\"url\":\"https:\\\/\\\/zkkplamenpozega.hr\\\/\",\"name\":\"\u017dKK Plamen Po\u017eega\",\"description\":\"Plamene su najbolje\",\"publisher\":{\"@id\":\"https:\\\/\\\/zkkplamenpozega.hr\\\/#organization\"},\"potentialAction\":[{\"@type\":\"SearchAction\",\"target\":{\"@type\":\"EntryPoint\",\"urlTemplate\":\"https:\\\/\\\/zkkplamenpozega.hr\\\/?s={search_term_string}\"},\"query-input\":{\"@type\":\"PropertyValueSpecification\",\"valueRequired\":true,\"valueName\":\"search_term_string\"}}],\"inLanguage\":\"hr\"},{\"@type\":\"Organization\",\"@id\":\"https:\\\/\\\/zkkplamenpozega.hr\\\/#organization\",\"name\":\"\u017denski ko\u0161arka\u0161ki klub Plamen Po\u017eega\",\"url\":\"https:\\\/\\\/zkkplamenpozega.hr\\\/\",\"logo\":{\"@type\":\"ImageObject\",\"inLanguage\":\"hr\",\"@id\":\"https:\\\/\\\/zkkplamenpozega.hr\\\/#\\\/schema\\\/logo\\\/image\\\/\",\"url\":\"https:\\\/\\\/zkkplamenpozega.hr\\\/wp-content\\\/uploads\\\/2020\\\/10\\\/logo-zkkpozega-e1602941511846.png\",\"contentUrl\":\"https:\\\/\\\/zkkplamenpozega.hr\\\/wp-content\\\/uploads\\\/2020\\\/10\\\/logo-zkkpozega-e1602941511846.png\",\"width\":400,\"height\":236,\"caption\":\"\u017denski ko\u0161arka\u0161ki klub Plamen Po\u017eega\"},\"image\":{\"@id\":\"https:\\\/\\\/zkkplamenpozega.hr\\\/#\\\/schema\\\/logo\\\/image\\\/\"},\"sameAs\":[\"https:\\\/\\\/www.facebook.com\\\/zkkplamenpozega\\\/\",\"https:\\\/\\\/www.instagram.com\\\/zkkplamenpozega\\\/?hl=hr\"]},{\"@type\":\"Person\",\"@id\":\"https:\\\/\\\/zkkplamenpozega.hr\\\/#\\\/schema\\\/person\\\/999dc4799645b6c20c9b48358878f978\",\"name\":\"PozEGAaKKzKZ\",\"image\":{\"@type\":\"ImageObject\",\"inLanguage\":\"hr\",\"@id\":\"https:\\\/\\\/secure.gravatar.com\\\/avatar\\\/4c80c2b40e3f6c79c2f22cda392ad859abc361d727f969775f475825d3b21ca5?s=96&d=mm&r=g\",\"url\":\"https:\\\/\\\/secure.gravatar.com\\\/avatar\\\/4c80c2b40e3f6c79c2f22cda392ad859abc361d727f969775f475825d3b21ca5?s=96&d=mm&r=g\",\"contentUrl\":\"https:\\\/\\\/secure.gravatar.com\\\/avatar\\\/4c80c2b40e3f6c79c2f22cda392ad859abc361d727f969775f475825d3b21ca5?s=96&d=mm&r=g\",\"caption\":\"PozEGAaKKzKZ\"},\"sameAs\":[\"https:\\\/\\\/zkkplamenpozega.hr\"]}]}<\/script>\n<!-- \/ Yoast SEO plugin. -->","yoast_head_json":{"title":"Plamene sutra gostuju u Zadru - \u017dKK Plamen Po\u017eega","robots":{"index":"index","follow":"follow","max-snippet":"max-snippet:-1","max-image-preview":"max-image-preview:large","max-video-preview":"max-video-preview:-1"},"canonical":"https:\/\/zkkplamenpozega.hr\/?p=3387","og_locale":"hr_HR","og_type":"article","og_title":"Plamene sutra gostuju u Zadru - \u017dKK Plamen Po\u017eega","og_description":"Nakon kratke prvenstvene stanke uzrokovane utakmicama osmine finala Kupa &#8220;Ru\u017eica Meglaj &#8211; Rimac&#8221; i kvalifikacijama reprezentacije za Eurobasket, ovog vikenda ponovno se vra\u0107amo obavezama u doma\u0107em prvenstvu. U 7. kolu Premijer lige na\u0161e \u0107e ko\u0161arka\u0161ice gostovati u Zadru, kod ekipe Zadar Plus. Bit \u0107e to prvi me\u0111usobni prvenstveni okr\u0161aj ova dva tima. U dosada\u0161njem dijelu...","og_url":"https:\/\/zkkplamenpozega.hr\/?p=3387","og_site_name":"\u017dKK Plamen Po\u017eega","article_publisher":"https:\/\/www.facebook.com\/zkkplamenpozega\/","article_published_time":"2023-11-17T19:48:04+00:00","article_modified_time":"2023-11-17T20:04:15+00:00","og_image":[{"width":1920,"height":1195,"url":"https:\/\/zkkplamenpozega.hr\/wp-content\/uploads\/2023\/10\/MP-2-scaled-1.jpg","type":"image\/jpeg"}],"author":"PozEGAaKKzKZ","twitter_card":"summary_large_image","twitter_misc":{"Napisao\/la":"PozEGAaKKzKZ","Procijenjeno vrijeme \u010ditanja":"1 minuta"},"schema":{"@context":"https:\/\/schema.org","@graph":[{"@type":"Article","@id":"https:\/\/zkkplamenpozega.hr\/?p=3387#article","isPartOf":{"@id":"https:\/\/zkkplamenpozega.hr\/?p=3387"},"author":{"name":"PozEGAaKKzKZ","@id":"https:\/\/zkkplamenpozega.hr\/#\/schema\/person\/999dc4799645b6c20c9b48358878f978"},"headline":"Plamene sutra gostuju u Zadru","datePublished":"2023-11-17T19:48:04+00:00","dateModified":"2023-11-17T20:04:15+00:00","mainEntityOfPage":{"@id":"https:\/\/zkkplamenpozega.hr\/?p=3387"},"wordCount":259,"commentCount":0,"publisher":{"@id":"https:\/\/zkkplamenpozega.hr\/#organization"},"image":{"@id":"https:\/\/zkkplamenpozega.hr\/?p=3387#primaryimage"},"thumbnailUrl":"https:\/\/zkkplamenpozega.hr\/wp-content\/uploads\/2023\/10\/MP-2-scaled-1.jpg","keywords":["Premijer liga (\u017e)"],"articleSection":["Novosti"],"inLanguage":"hr","potentialAction":[{"@type":"CommentAction","name":"Comment","target":["https:\/\/zkkplamenpozega.hr\/?p=3387#respond"]}]},{"@type":"WebPage","@id":"https:\/\/zkkplamenpozega.hr\/?p=3387","url":"https:\/\/zkkplamenpozega.hr\/?p=3387","name":"Plamene sutra gostuju u Zadru - \u017dKK Plamen Po\u017eega","isPartOf":{"@id":"https:\/\/zkkplamenpozega.hr\/#website"},"primaryImageOfPage":{"@id":"https:\/\/zkkplamenpozega.hr\/?p=3387#primaryimage"},"image":{"@id":"https:\/\/zkkplamenpozega.hr\/?p=3387#primaryimage"},"thumbnailUrl":"https:\/\/zkkplamenpozega.hr\/wp-content\/uploads\/2023\/10\/MP-2-scaled-1.jpg","datePublished":"2023-11-17T19:48:04+00:00","dateModified":"2023-11-17T20:04:15+00:00","breadcrumb":{"@id":"https:\/\/zkkplamenpozega.hr\/?p=3387#breadcrumb"},"inLanguage":"hr","potentialAction":[{"@type":"ReadAction","target":["https:\/\/zkkplamenpozega.hr\/?p=3387"]}]},{"@type":"ImageObject","inLanguage":"hr","@id":"https:\/\/zkkplamenpozega.hr\/?p=3387#primaryimage","url":"https:\/\/zkkplamenpozega.hr\/wp-content\/uploads\/2023\/10\/MP-2-scaled-1.jpg","contentUrl":"https:\/\/zkkplamenpozega.hr\/wp-content\/uploads\/2023\/10\/MP-2-scaled-1.jpg","width":1920,"height":1195},{"@type":"BreadcrumbList","@id":"https:\/\/zkkplamenpozega.hr\/?p=3387#breadcrumb","itemListElement":[{"@type":"ListItem","position":1,"name":"Po\u010detna stranica","item":"https:\/\/zkkplamenpozega.hr\/"},{"@type":"ListItem","position":2,"name":"Plamene sutra gostuju u Zadru"}]},{"@type":"WebSite","@id":"https:\/\/zkkplamenpozega.hr\/#website","url":"https:\/\/zkkplamenpozega.hr\/","name":"\u017dKK Plamen Po\u017eega","description":"Plamene su najbolje","publisher":{"@id":"https:\/\/zkkplamenpozega.hr\/#organization"},"potentialAction":[{"@type":"SearchAction","target":{"@type":"EntryPoint","urlTemplate":"https:\/\/zkkplamenpozega.hr\/?s={search_term_string}"},"query-input":{"@type":"PropertyValueSpecification","valueRequired":true,"valueName":"search_term_string"}}],"inLanguage":"hr"},{"@type":"Organization","@id":"https:\/\/zkkplamenpozega.hr\/#organization","name":"\u017denski ko\u0161arka\u0161ki klub Plamen Po\u017eega","url":"https:\/\/zkkplamenpozega.hr\/","logo":{"@type":"ImageObject","inLanguage":"hr","@id":"https:\/\/zkkplamenpozega.hr\/#\/schema\/logo\/image\/","url":"https:\/\/zkkplamenpozega.hr\/wp-content\/uploads\/2020\/10\/logo-zkkpozega-e1602941511846.png","contentUrl":"https:\/\/zkkplamenpozega.hr\/wp-content\/uploads\/2020\/10\/logo-zkkpozega-e1602941511846.png","width":400,"height":236,"caption":"\u017denski ko\u0161arka\u0161ki klub Plamen Po\u017eega"},"image":{"@id":"https:\/\/zkkplamenpozega.hr\/#\/schema\/logo\/image\/"},"sameAs":["https:\/\/www.facebook.com\/zkkplamenpozega\/","https:\/\/www.instagram.com\/zkkplamenpozega\/?hl=hr"]},{"@type":"Person","@id":"https:\/\/zkkplamenpozega.hr\/#\/schema\/person\/999dc4799645b6c20c9b48358878f978","name":"PozEGAaKKzKZ","image":{"@type":"ImageObject","inLanguage":"hr","@id":"https:\/\/secure.gravatar.com\/avatar\/4c80c2b40e3f6c79c2f22cda392ad859abc361d727f969775f475825d3b21ca5?s=96&d=mm&r=g","url":"https:\/\/secure.gravatar.com\/avatar\/4c80c2b40e3f6c79c2f22cda392ad859abc361d727f969775f475825d3b21ca5?s=96&d=mm&r=g","contentUrl":"https:\/\/secure.gravatar.com\/avatar\/4c80c2b40e3f6c79c2f22cda392ad859abc361d727f969775f475825d3b21ca5?s=96&d=mm&r=g","caption":"PozEGAaKKzKZ"},"sameAs":["https:\/\/zkkplamenpozega.hr"]}]}},"_links":{"self":[{"href":"https:\/\/zkkplamenpozega.hr\/index.php?rest_route=\/wp\/v2\/posts\/3387","targetHints":{"allow":["GET"]}}],"collection":[{"href":"https:\/\/zkkplamenpozega.hr\/index.php?rest_route=\/wp\/v2\/posts"}],"about":[{"href":"https:\/\/zkkplamenpozega.hr\/index.php?rest_route=\/wp\/v2\/types\/post"}],"author":[{"embeddable":true,"href":"https:\/\/zkkplamenpozega.hr\/index.php?rest_route=\/wp\/v2\/users\/1"}],"replies":[{"embeddable":true,"href":"https:\/\/zkkplamenpozega.hr\/index.php?rest_route=%2Fwp%2Fv2%2Fcomments&post=3387"}],"version-history":[{"count":0,"href":"https:\/\/zkkplamenpozega.hr\/index.php?rest_route=\/wp\/v2\/posts\/3387\/revisions"}],"wp:featuredmedia":[{"embeddable":true,"href":"https:\/\/zkkplamenpozega.hr\/index.php?rest_route=\/wp\/v2\/media\/3242"}],"wp:attachment":[{"href":"https:\/\/zkkplamenpozega.hr\/index.php?rest_route=%2Fwp%2Fv2%2Fmedia&parent=3387"}],"wp:term":[{"taxonomy":"category","embeddable":true,"href":"https:\/\/zkkplamenpozega.hr\/index.php?rest_route=%2Fwp%2Fv2%2Fcategories&post=3387"},{"taxonomy":"post_tag","embeddable":true,"href":"https:\/\/zkkplamenpozega.hr\/index.php?rest_route=%2Fwp%2Fv2%2Ftags&post=3387"}],"curies":[{"name":"wp","href":"https:\/\/api.w.org\/{rel}","templated":true}]}}