{"id":3365,"date":"2023-11-02T17:29:51","date_gmt":"2023-11-02T17:29:51","guid":{"rendered":"https:\/\/zkkplamenpozega.hr\/?p=3365"},"modified":"2023-11-02T18:04:45","modified_gmt":"2023-11-02T18:04:45","slug":"marija-keseljevic-dobila-poziv-za-reprezentaciju-bosne-i-hercegovine","status":"publish","type":"post","link":"https:\/\/zkkplamenpozega.hr\/?p=3365","title":{"rendered":"Marija Ke\u0161eljevi\u0107 u reprezentaciji Bosne i Hercegovine"},"content":{"rendered":"<p>\u017denska seniorska ko\u0161arka\u0161ka reprezentacija Bosne i Hercegovine okupila se danas na Ilid\u017ei kako bi zapo\u010dela pripreme pred po\u010detak kvalifikacija za Eurobasket 2025. Na popisu izbornika <strong>Milo\u0161a Pavlovi\u0107a<\/strong> nalazi se na\u0161a <strong>Marija Ke\u0161eljevi\u0107<\/strong>, a pored nje tu su jo\u0161:<\/p>\n<p><strong>Nikolina<\/strong> i<strong> Dragana Zubac<\/strong>, <strong>Lejla<\/strong> i <strong>Samra Omerba\u0161i\u0107<\/strong>, <strong>Ajla Hidi\u0107<\/strong>, <strong>Jana Guska<\/strong>, <strong>Ajla Selimovi\u0107<\/strong>, <strong>Ajla Ikanovi\u0107<\/strong>, <strong>Almedina Ahmi\u0107<\/strong>, <strong>Sanja Radulovi\u0107<\/strong> i <strong>Nata\u0161a \u0160obot<\/strong>. Naknadno \u0107e se pripremama priklju\u010diti i <strong>Milica Deura<\/strong>, <strong>Gorana Marjanovi\u0107<\/strong>, <strong>Jovana Mandi\u0107<\/strong>, <strong>Dragana Domuzin<\/strong> i<strong> Melisa Br\u010daninovi\u0107<\/strong>.<\/p>\n<p>Bosna i Hercegovina nalazi se u kvalifikacijskoj skupini H, zajedno sa <strong>\u0160vicarskom<\/strong>, <strong>Luksemburgom<\/strong> i <strong>Crnom Gorom<\/strong>.<\/p>\n<p>U prvom kolu <strong>9. studenog<\/strong> Zmajice \u0107e u Sarajevu do\u010dekati reprezentaciju<strong> Crne Gore<\/strong>, dok \u0107e tri dana kasnije gostovati u <strong>Luksemburgu<\/strong>. Na\u0161oj Mariji i reprezentativkama Bosne i Hercegovine \u017eelimo puno sre\u0107e i uspjeha u nadolaze\u0107im dvobojima.<\/p>\n","protected":false},"excerpt":{"rendered":"<p>\u017denska seniorska ko\u0161arka\u0161ka reprezentacija Bosne i Hercegovine okupila se danas na Ilid\u017ei kako bi zapo\u010dela pripreme pred po\u010detak kvalifikacija za Eurobasket 2025. Na popisu izbornika Milo\u0161a Pavlovi\u0107a nalazi se na\u0161a Marija Ke\u0161eljevi\u0107, a pored nje tu su jo\u0161: Nikolina i Dragana Zubac, Lejla i Samra Omerba\u0161i\u0107, Ajla Hidi\u0107, Jana Guska, Ajla Selimovi\u0107, Ajla Ikanovi\u0107, Almedina&#8230;<\/p>\n","protected":false},"author":1,"featured_media":3252,"comment_status":"open","ping_status":"open","sticky":false,"template":"","format":"standard","meta":{"_acf_changed":false,"footnotes":""},"categories":[120],"tags":[137],"class_list":["post-3365","post","type-post","status-publish","format-standard","has-post-thumbnail","hentry","category-novosti","tag-marija-keseljevic"],"acf":[],"yoast_head":"<!-- This site is optimized with the Yoast SEO plugin v27.4 - https:\/\/yoast.com\/product\/yoast-seo-wordpress\/ -->\n<title>Marija Ke\u0161eljevi\u0107 u reprezentaciji Bosne i Hercegovine - \u017dKK Plamen Po\u017eega<\/title>\n<meta name=\"robots\" content=\"index, follow, max-snippet:-1, max-image-preview:large, max-video-preview:-1\" \/>\n<link rel=\"canonical\" href=\"https:\/\/zkkplamenpozega.hr\/?p=3365\" \/>\n<meta property=\"og:locale\" content=\"hr_HR\" \/>\n<meta property=\"og:type\" content=\"article\" \/>\n<meta property=\"og:title\" content=\"Marija Ke\u0161eljevi\u0107 u reprezentaciji Bosne i Hercegovine - \u017dKK Plamen Po\u017eega\" \/>\n<meta property=\"og:description\" content=\"\u017denska seniorska ko\u0161arka\u0161ka reprezentacija Bosne i Hercegovine okupila se danas na Ilid\u017ei kako bi zapo\u010dela pripreme pred po\u010detak kvalifikacija za Eurobasket 2025. Na popisu izbornika Milo\u0161a Pavlovi\u0107a nalazi se na\u0161a Marija Ke\u0161eljevi\u0107, a pored nje tu su jo\u0161: Nikolina i Dragana Zubac, Lejla i Samra Omerba\u0161i\u0107, Ajla Hidi\u0107, Jana Guska, Ajla Selimovi\u0107, Ajla Ikanovi\u0107, Almedina...\" \/>\n<meta property=\"og:url\" content=\"https:\/\/zkkplamenpozega.hr\/?p=3365\" \/>\n<meta property=\"og:site_name\" content=\"\u017dKK Plamen Po\u017eega\" \/>\n<meta property=\"article:publisher\" content=\"https:\/\/www.facebook.com\/zkkplamenpozega\/\" \/>\n<meta property=\"article:published_time\" content=\"2023-11-02T17:29:51+00:00\" \/>\n<meta property=\"article:modified_time\" content=\"2023-11-02T18:04:45+00:00\" \/>\n<meta property=\"og:image\" content=\"https:\/\/zkkplamenpozega.hr\/wp-content\/uploads\/2023\/10\/Untitled-design-5.jpg\" \/>\n\t<meta property=\"og:image:width\" content=\"900\" \/>\n\t<meta property=\"og:image:height\" content=\"600\" \/>\n\t<meta property=\"og:image:type\" content=\"image\/jpeg\" \/>\n<meta name=\"author\" content=\"PozEGAaKKzKZ\" \/>\n<meta name=\"twitter:card\" content=\"summary_large_image\" \/>\n<meta name=\"twitter:label1\" content=\"Napisao\/la\" \/>\n\t<meta name=\"twitter:data1\" content=\"PozEGAaKKzKZ\" \/>\n\t<meta name=\"twitter:label2\" content=\"Procijenjeno vrijeme \u010ditanja\" \/>\n\t<meta name=\"twitter:data2\" content=\"1 minuta\" \/>\n<script type=\"application\/ld+json\" class=\"yoast-schema-graph\">{\"@context\":\"https:\\\/\\\/schema.org\",\"@graph\":[{\"@type\":\"Article\",\"@id\":\"https:\\\/\\\/zkkplamenpozega.hr\\\/?p=3365#article\",\"isPartOf\":{\"@id\":\"https:\\\/\\\/zkkplamenpozega.hr\\\/?p=3365\"},\"author\":{\"name\":\"PozEGAaKKzKZ\",\"@id\":\"https:\\\/\\\/zkkplamenpozega.hr\\\/#\\\/schema\\\/person\\\/999dc4799645b6c20c9b48358878f978\"},\"headline\":\"Marija Ke\u0161eljevi\u0107 u reprezentaciji Bosne i Hercegovine\",\"datePublished\":\"2023-11-02T17:29:51+00:00\",\"dateModified\":\"2023-11-02T18:04:45+00:00\",\"mainEntityOfPage\":{\"@id\":\"https:\\\/\\\/zkkplamenpozega.hr\\\/?p=3365\"},\"wordCount\":153,\"commentCount\":0,\"publisher\":{\"@id\":\"https:\\\/\\\/zkkplamenpozega.hr\\\/#organization\"},\"image\":{\"@id\":\"https:\\\/\\\/zkkplamenpozega.hr\\\/?p=3365#primaryimage\"},\"thumbnailUrl\":\"https:\\\/\\\/zkkplamenpozega.hr\\\/wp-content\\\/uploads\\\/2023\\\/10\\\/Untitled-design-5.jpg\",\"keywords\":[\"Marija Ke\u0161eljevi\u0107\"],\"articleSection\":[\"Novosti\"],\"inLanguage\":\"hr\",\"potentialAction\":[{\"@type\":\"CommentAction\",\"name\":\"Comment\",\"target\":[\"https:\\\/\\\/zkkplamenpozega.hr\\\/?p=3365#respond\"]}]},{\"@type\":\"WebPage\",\"@id\":\"https:\\\/\\\/zkkplamenpozega.hr\\\/?p=3365\",\"url\":\"https:\\\/\\\/zkkplamenpozega.hr\\\/?p=3365\",\"name\":\"Marija Ke\u0161eljevi\u0107 u reprezentaciji Bosne i Hercegovine - \u017dKK Plamen Po\u017eega\",\"isPartOf\":{\"@id\":\"https:\\\/\\\/zkkplamenpozega.hr\\\/#website\"},\"primaryImageOfPage\":{\"@id\":\"https:\\\/\\\/zkkplamenpozega.hr\\\/?p=3365#primaryimage\"},\"image\":{\"@id\":\"https:\\\/\\\/zkkplamenpozega.hr\\\/?p=3365#primaryimage\"},\"thumbnailUrl\":\"https:\\\/\\\/zkkplamenpozega.hr\\\/wp-content\\\/uploads\\\/2023\\\/10\\\/Untitled-design-5.jpg\",\"datePublished\":\"2023-11-02T17:29:51+00:00\",\"dateModified\":\"2023-11-02T18:04:45+00:00\",\"breadcrumb\":{\"@id\":\"https:\\\/\\\/zkkplamenpozega.hr\\\/?p=3365#breadcrumb\"},\"inLanguage\":\"hr\",\"potentialAction\":[{\"@type\":\"ReadAction\",\"target\":[\"https:\\\/\\\/zkkplamenpozega.hr\\\/?p=3365\"]}]},{\"@type\":\"ImageObject\",\"inLanguage\":\"hr\",\"@id\":\"https:\\\/\\\/zkkplamenpozega.hr\\\/?p=3365#primaryimage\",\"url\":\"https:\\\/\\\/zkkplamenpozega.hr\\\/wp-content\\\/uploads\\\/2023\\\/10\\\/Untitled-design-5.jpg\",\"contentUrl\":\"https:\\\/\\\/zkkplamenpozega.hr\\\/wp-content\\\/uploads\\\/2023\\\/10\\\/Untitled-design-5.jpg\",\"width\":900,\"height\":600},{\"@type\":\"BreadcrumbList\",\"@id\":\"https:\\\/\\\/zkkplamenpozega.hr\\\/?p=3365#breadcrumb\",\"itemListElement\":[{\"@type\":\"ListItem\",\"position\":1,\"name\":\"Po\u010detna stranica\",\"item\":\"https:\\\/\\\/zkkplamenpozega.hr\\\/\"},{\"@type\":\"ListItem\",\"position\":2,\"name\":\"Marija Ke\u0161eljevi\u0107 u reprezentaciji Bosne i Hercegovine\"}]},{\"@type\":\"WebSite\",\"@id\":\"https:\\\/\\\/zkkplamenpozega.hr\\\/#website\",\"url\":\"https:\\\/\\\/zkkplamenpozega.hr\\\/\",\"name\":\"\u017dKK Plamen Po\u017eega\",\"description\":\"Plamene su najbolje\",\"publisher\":{\"@id\":\"https:\\\/\\\/zkkplamenpozega.hr\\\/#organization\"},\"potentialAction\":[{\"@type\":\"SearchAction\",\"target\":{\"@type\":\"EntryPoint\",\"urlTemplate\":\"https:\\\/\\\/zkkplamenpozega.hr\\\/?s={search_term_string}\"},\"query-input\":{\"@type\":\"PropertyValueSpecification\",\"valueRequired\":true,\"valueName\":\"search_term_string\"}}],\"inLanguage\":\"hr\"},{\"@type\":\"Organization\",\"@id\":\"https:\\\/\\\/zkkplamenpozega.hr\\\/#organization\",\"name\":\"\u017denski ko\u0161arka\u0161ki klub Plamen Po\u017eega\",\"url\":\"https:\\\/\\\/zkkplamenpozega.hr\\\/\",\"logo\":{\"@type\":\"ImageObject\",\"inLanguage\":\"hr\",\"@id\":\"https:\\\/\\\/zkkplamenpozega.hr\\\/#\\\/schema\\\/logo\\\/image\\\/\",\"url\":\"https:\\\/\\\/zkkplamenpozega.hr\\\/wp-content\\\/uploads\\\/2020\\\/10\\\/logo-zkkpozega-e1602941511846.png\",\"contentUrl\":\"https:\\\/\\\/zkkplamenpozega.hr\\\/wp-content\\\/uploads\\\/2020\\\/10\\\/logo-zkkpozega-e1602941511846.png\",\"width\":400,\"height\":236,\"caption\":\"\u017denski ko\u0161arka\u0161ki klub Plamen Po\u017eega\"},\"image\":{\"@id\":\"https:\\\/\\\/zkkplamenpozega.hr\\\/#\\\/schema\\\/logo\\\/image\\\/\"},\"sameAs\":[\"https:\\\/\\\/www.facebook.com\\\/zkkplamenpozega\\\/\",\"https:\\\/\\\/www.instagram.com\\\/zkkplamenpozega\\\/?hl=hr\"]},{\"@type\":\"Person\",\"@id\":\"https:\\\/\\\/zkkplamenpozega.hr\\\/#\\\/schema\\\/person\\\/999dc4799645b6c20c9b48358878f978\",\"name\":\"PozEGAaKKzKZ\",\"image\":{\"@type\":\"ImageObject\",\"inLanguage\":\"hr\",\"@id\":\"https:\\\/\\\/secure.gravatar.com\\\/avatar\\\/4c80c2b40e3f6c79c2f22cda392ad859abc361d727f969775f475825d3b21ca5?s=96&d=mm&r=g\",\"url\":\"https:\\\/\\\/secure.gravatar.com\\\/avatar\\\/4c80c2b40e3f6c79c2f22cda392ad859abc361d727f969775f475825d3b21ca5?s=96&d=mm&r=g\",\"contentUrl\":\"https:\\\/\\\/secure.gravatar.com\\\/avatar\\\/4c80c2b40e3f6c79c2f22cda392ad859abc361d727f969775f475825d3b21ca5?s=96&d=mm&r=g\",\"caption\":\"PozEGAaKKzKZ\"},\"sameAs\":[\"https:\\\/\\\/zkkplamenpozega.hr\"]}]}<\/script>\n<!-- \/ Yoast SEO plugin. -->","yoast_head_json":{"title":"Marija Ke\u0161eljevi\u0107 u reprezentaciji Bosne i Hercegovine - \u017dKK Plamen Po\u017eega","robots":{"index":"index","follow":"follow","max-snippet":"max-snippet:-1","max-image-preview":"max-image-preview:large","max-video-preview":"max-video-preview:-1"},"canonical":"https:\/\/zkkplamenpozega.hr\/?p=3365","og_locale":"hr_HR","og_type":"article","og_title":"Marija Ke\u0161eljevi\u0107 u reprezentaciji Bosne i Hercegovine - \u017dKK Plamen Po\u017eega","og_description":"\u017denska seniorska ko\u0161arka\u0161ka reprezentacija Bosne i Hercegovine okupila se danas na Ilid\u017ei kako bi zapo\u010dela pripreme pred po\u010detak kvalifikacija za Eurobasket 2025. Na popisu izbornika Milo\u0161a Pavlovi\u0107a nalazi se na\u0161a Marija Ke\u0161eljevi\u0107, a pored nje tu su jo\u0161: Nikolina i Dragana Zubac, Lejla i Samra Omerba\u0161i\u0107, Ajla Hidi\u0107, Jana Guska, Ajla Selimovi\u0107, Ajla Ikanovi\u0107, Almedina...","og_url":"https:\/\/zkkplamenpozega.hr\/?p=3365","og_site_name":"\u017dKK Plamen Po\u017eega","article_publisher":"https:\/\/www.facebook.com\/zkkplamenpozega\/","article_published_time":"2023-11-02T17:29:51+00:00","article_modified_time":"2023-11-02T18:04:45+00:00","og_image":[{"width":900,"height":600,"url":"https:\/\/zkkplamenpozega.hr\/wp-content\/uploads\/2023\/10\/Untitled-design-5.jpg","type":"image\/jpeg"}],"author":"PozEGAaKKzKZ","twitter_card":"summary_large_image","twitter_misc":{"Napisao\/la":"PozEGAaKKzKZ","Procijenjeno vrijeme \u010ditanja":"1 minuta"},"schema":{"@context":"https:\/\/schema.org","@graph":[{"@type":"Article","@id":"https:\/\/zkkplamenpozega.hr\/?p=3365#article","isPartOf":{"@id":"https:\/\/zkkplamenpozega.hr\/?p=3365"},"author":{"name":"PozEGAaKKzKZ","@id":"https:\/\/zkkplamenpozega.hr\/#\/schema\/person\/999dc4799645b6c20c9b48358878f978"},"headline":"Marija Ke\u0161eljevi\u0107 u reprezentaciji Bosne i Hercegovine","datePublished":"2023-11-02T17:29:51+00:00","dateModified":"2023-11-02T18:04:45+00:00","mainEntityOfPage":{"@id":"https:\/\/zkkplamenpozega.hr\/?p=3365"},"wordCount":153,"commentCount":0,"publisher":{"@id":"https:\/\/zkkplamenpozega.hr\/#organization"},"image":{"@id":"https:\/\/zkkplamenpozega.hr\/?p=3365#primaryimage"},"thumbnailUrl":"https:\/\/zkkplamenpozega.hr\/wp-content\/uploads\/2023\/10\/Untitled-design-5.jpg","keywords":["Marija Ke\u0161eljevi\u0107"],"articleSection":["Novosti"],"inLanguage":"hr","potentialAction":[{"@type":"CommentAction","name":"Comment","target":["https:\/\/zkkplamenpozega.hr\/?p=3365#respond"]}]},{"@type":"WebPage","@id":"https:\/\/zkkplamenpozega.hr\/?p=3365","url":"https:\/\/zkkplamenpozega.hr\/?p=3365","name":"Marija Ke\u0161eljevi\u0107 u reprezentaciji Bosne i Hercegovine - \u017dKK Plamen Po\u017eega","isPartOf":{"@id":"https:\/\/zkkplamenpozega.hr\/#website"},"primaryImageOfPage":{"@id":"https:\/\/zkkplamenpozega.hr\/?p=3365#primaryimage"},"image":{"@id":"https:\/\/zkkplamenpozega.hr\/?p=3365#primaryimage"},"thumbnailUrl":"https:\/\/zkkplamenpozega.hr\/wp-content\/uploads\/2023\/10\/Untitled-design-5.jpg","datePublished":"2023-11-02T17:29:51+00:00","dateModified":"2023-11-02T18:04:45+00:00","breadcrumb":{"@id":"https:\/\/zkkplamenpozega.hr\/?p=3365#breadcrumb"},"inLanguage":"hr","potentialAction":[{"@type":"ReadAction","target":["https:\/\/zkkplamenpozega.hr\/?p=3365"]}]},{"@type":"ImageObject","inLanguage":"hr","@id":"https:\/\/zkkplamenpozega.hr\/?p=3365#primaryimage","url":"https:\/\/zkkplamenpozega.hr\/wp-content\/uploads\/2023\/10\/Untitled-design-5.jpg","contentUrl":"https:\/\/zkkplamenpozega.hr\/wp-content\/uploads\/2023\/10\/Untitled-design-5.jpg","width":900,"height":600},{"@type":"BreadcrumbList","@id":"https:\/\/zkkplamenpozega.hr\/?p=3365#breadcrumb","itemListElement":[{"@type":"ListItem","position":1,"name":"Po\u010detna stranica","item":"https:\/\/zkkplamenpozega.hr\/"},{"@type":"ListItem","position":2,"name":"Marija Ke\u0161eljevi\u0107 u reprezentaciji Bosne i Hercegovine"}]},{"@type":"WebSite","@id":"https:\/\/zkkplamenpozega.hr\/#website","url":"https:\/\/zkkplamenpozega.hr\/","name":"\u017dKK Plamen Po\u017eega","description":"Plamene su najbolje","publisher":{"@id":"https:\/\/zkkplamenpozega.hr\/#organization"},"potentialAction":[{"@type":"SearchAction","target":{"@type":"EntryPoint","urlTemplate":"https:\/\/zkkplamenpozega.hr\/?s={search_term_string}"},"query-input":{"@type":"PropertyValueSpecification","valueRequired":true,"valueName":"search_term_string"}}],"inLanguage":"hr"},{"@type":"Organization","@id":"https:\/\/zkkplamenpozega.hr\/#organization","name":"\u017denski ko\u0161arka\u0161ki klub Plamen Po\u017eega","url":"https:\/\/zkkplamenpozega.hr\/","logo":{"@type":"ImageObject","inLanguage":"hr","@id":"https:\/\/zkkplamenpozega.hr\/#\/schema\/logo\/image\/","url":"https:\/\/zkkplamenpozega.hr\/wp-content\/uploads\/2020\/10\/logo-zkkpozega-e1602941511846.png","contentUrl":"https:\/\/zkkplamenpozega.hr\/wp-content\/uploads\/2020\/10\/logo-zkkpozega-e1602941511846.png","width":400,"height":236,"caption":"\u017denski ko\u0161arka\u0161ki klub Plamen Po\u017eega"},"image":{"@id":"https:\/\/zkkplamenpozega.hr\/#\/schema\/logo\/image\/"},"sameAs":["https:\/\/www.facebook.com\/zkkplamenpozega\/","https:\/\/www.instagram.com\/zkkplamenpozega\/?hl=hr"]},{"@type":"Person","@id":"https:\/\/zkkplamenpozega.hr\/#\/schema\/person\/999dc4799645b6c20c9b48358878f978","name":"PozEGAaKKzKZ","image":{"@type":"ImageObject","inLanguage":"hr","@id":"https:\/\/secure.gravatar.com\/avatar\/4c80c2b40e3f6c79c2f22cda392ad859abc361d727f969775f475825d3b21ca5?s=96&d=mm&r=g","url":"https:\/\/secure.gravatar.com\/avatar\/4c80c2b40e3f6c79c2f22cda392ad859abc361d727f969775f475825d3b21ca5?s=96&d=mm&r=g","contentUrl":"https:\/\/secure.gravatar.com\/avatar\/4c80c2b40e3f6c79c2f22cda392ad859abc361d727f969775f475825d3b21ca5?s=96&d=mm&r=g","caption":"PozEGAaKKzKZ"},"sameAs":["https:\/\/zkkplamenpozega.hr"]}]}},"_links":{"self":[{"href":"https:\/\/zkkplamenpozega.hr\/index.php?rest_route=\/wp\/v2\/posts\/3365","targetHints":{"allow":["GET"]}}],"collection":[{"href":"https:\/\/zkkplamenpozega.hr\/index.php?rest_route=\/wp\/v2\/posts"}],"about":[{"href":"https:\/\/zkkplamenpozega.hr\/index.php?rest_route=\/wp\/v2\/types\/post"}],"author":[{"embeddable":true,"href":"https:\/\/zkkplamenpozega.hr\/index.php?rest_route=\/wp\/v2\/users\/1"}],"replies":[{"embeddable":true,"href":"https:\/\/zkkplamenpozega.hr\/index.php?rest_route=%2Fwp%2Fv2%2Fcomments&post=3365"}],"version-history":[{"count":0,"href":"https:\/\/zkkplamenpozega.hr\/index.php?rest_route=\/wp\/v2\/posts\/3365\/revisions"}],"wp:featuredmedia":[{"embeddable":true,"href":"https:\/\/zkkplamenpozega.hr\/index.php?rest_route=\/wp\/v2\/media\/3252"}],"wp:attachment":[{"href":"https:\/\/zkkplamenpozega.hr\/index.php?rest_route=%2Fwp%2Fv2%2Fmedia&parent=3365"}],"wp:term":[{"taxonomy":"category","embeddable":true,"href":"https:\/\/zkkplamenpozega.hr\/index.php?rest_route=%2Fwp%2Fv2%2Fcategories&post=3365"},{"taxonomy":"post_tag","embeddable":true,"href":"https:\/\/zkkplamenpozega.hr\/index.php?rest_route=%2Fwp%2Fv2%2Ftags&post=3365"}],"curies":[{"name":"wp","href":"https:\/\/api.w.org\/{rel}","templated":true}]}}