{"id":3278,"date":"2023-10-20T16:18:49","date_gmt":"2023-10-20T16:18:49","guid":{"rendered":"https:\/\/zkkplamenpozega.hr\/?p=3278"},"modified":"2023-10-20T16:36:30","modified_gmt":"2023-10-20T16:36:30","slug":"plamene-docekuju-fsv-u-4-kolu-premijer-lige","status":"publish","type":"post","link":"https:\/\/zkkplamenpozega.hr\/?p=3278","title":{"rendered":"Plamene do\u010dekuju FSV u 4. kolu Premijer lige"},"content":{"rendered":"<p>Ko\u0161arka\u0161ice Plamen Po\u017eege u sutra\u0161njem dvoboju 4. kola Premijer \u017eenske ko\u0161arka\u0161ke lige na svom \u0107e terenu do\u010dekati ekipu <strong>FSV-a<\/strong> iz Rijeke. Izabranice <strong>Vladimira Englmana<\/strong>\u00a0u ovaj susret ulaze nakon dva vezana poraza (<strong>Medve\u0161\u010dak<\/strong>, <strong>UBI Graz<\/strong>) te \u0107e se pred doma\u0107om publikom poku\u0161ati prona\u0107i put do pobjede i izlaska iz rezultatske mini krize.<\/p>\n<p>Bit \u0107e ovo dvoboj tre\u0107e protiv pete ekipe u doma\u0107em prvenstvu, a obje ekipe do sada su ostvarile po dvije pobjede i jedan poraz. U odnosu na gostovanje u Grazu, za ovaj susret u sastav Po\u017eege vra\u0107aju se<strong> Podrug<\/strong>, <strong>Ivezi\u0107<\/strong> i <strong>Mileti\u0107<\/strong>, dok \u0107e najve\u0107a opasnost s rije\u010dke strane prijetiti od <strong>Katarine Trehub<\/strong> na centarskoj te <strong>Ivone Kraki\u0107<\/strong> i <strong>Neree Brajac<\/strong> na bekovskim pozicijama.<\/p>\n<p>&#8220;<strong>Nakon vrlo neizvjesne utakmice u pro\u0161lom kolu u kojoj nas je Medve\u0161\u010dak na svom terenu ipak uspio nadvladati, slijedi nam utakmica protiv rije\u010dkog FSV-a u kojoj \u0107e go\u0161\u0107e sigurno htjeti osigurati pobjedu na gostovanju. Nadam se da \u0107emo mi mirne glave u\u0107i u ovaj dvoboj i u vlastitu ga korist privesti kraju pred doma\u0107om publikom, te tako jo\u0161 jednom pokazati da ciljamo visoko na ljestvici ove sezone.<\/strong>&#8221; Izjavila je u najavi susreta Lea Mileti\u0107.<\/p>\n<p>&#8220;<strong>Do\u010dekujemo ekipu koja se kvalitetno poja\u010dala pred ovu sezonu,tako da utakmica ne\u0107e biti kao one prethodnih sezona. Ali i dalje uvijek sve zavisi samo od nas, ako odigramo pametno i strpljivo, sa minimalnim brojem gre\u0161aka mo\u017eemo o\u010dekivati da bodovi ostanu kod nas<\/strong>&#8220;. zaklju\u010dno\u00a0 je rekla pomo\u0107na trenerica Milica Jankovi\u0107.<\/p>\n<div class=\"x1h91t0o xkh2ocl x78zum5 xdt5ytf x13a6bvl x1r145dm\" role=\"none\">\n<div class=\"x1h91t0o xkh2ocl x78zum5 xdt5ytf x13a6bvl x193iq5w x1c4vz4f xcrg951\" role=\"none\"><\/div>\n<\/div>\n<div class=\"x1h91t0o xkh2ocl x78zum5 xdt5ytf x13a6bvl x193iq5w x1c4vz4f xcrg951\" role=\"none\">\n<div class=\"x78zum5 xdt5ytf x1iyjqo2 x2lah0s xl56j7k x1n2onr6 x1ll7btr x1n327nk x1mpkggp\" aria-hidden=\"true\">\n<div class=\"x6s0dn4 x78zum5 x1ll7btr x15zctf7\" role=\"none\">\n<div class=\"x6s0dn4 x78zum5 x1ll7btr x15zctf7\" role=\"none\">\n<div>\n<div class=\"x1i10hfl x1qjc9v5 xjbqb8w xjqpnuy xa49m3k xqeqjp1 x2hbi6w x13fuv20 xu3j5b3 x1q0q8m5 x26u7qi x972fbf xcfux6l x1qhh985 xm0m39n x9f619 x1ypdohk xdl72j9 x2lah0s xe8uvvx xdj266r x11i5rnm xat24cr x1mh8g0r x2lwn1j xeuugli xexx8yu x4uap5 x18d9i69 xkhd6sd x1n2onr6 x16tdsg8 x1hl2dhg xggy1nq x1ja2u2z x1t137rt x1o1ewxj x3x9cwd x1e5q0jg x13rtm0m x1q0g3np x87ps6o x1lku1pv x78zum5 x1a2a7pz\" tabindex=\"0\" role=\"button\" aria-expanded=\"false\" aria-haspopup=\"menu\" aria-label=\"Reagiraj\">\n<div class=\"xc26acl x6s0dn4 x14yjl9h xudhj91 x18nykt9 xww2gxu x1ypdohk x78zum5 x2lah0s xxk0z11 xl56j7k x11i5rnm x1mh8g0r x1n2onr6 x2b8uid xvy4d1p x15vn3sj\">\n<div class=\"x17rw0jw x197sbye x17z2i9w x4gyw5p x1o7uuvo\">Susret se igra u SD &#8220;Tomislav Pirc&#8221; s po\u010detkom u 16.15 sati. Ulaz u dvoranu je slobodan. Pozivamo na\u0161e navija\u010de\u00a0 da u \u0161to ve\u0107em broju do\u0111u i podr\u017ee na\u0161e cure u borbi za nove bodove. Oni koji nisu u mogu\u0107nosti biti u\u017eivo u dvorani, susret mogu pratiti i putem platforme HKS TV.<\/div>\n<\/div>\n<\/div>\n<\/div>\n<\/div>\n<\/div>\n<\/div>\n<\/div>\n<p>&nbsp;<\/p>\n","protected":false},"excerpt":{"rendered":"<p>Ko\u0161arka\u0161ice Plamen Po\u017eege u sutra\u0161njem dvoboju 4. kola Premijer \u017eenske ko\u0161arka\u0161ke lige na svom \u0107e terenu do\u010dekati ekipu FSV-a iz Rijeke. Izabranice Vladimira Englmana\u00a0u ovaj susret ulaze nakon dva vezana poraza (Medve\u0161\u010dak, UBI Graz) te \u0107e se pred doma\u0107om publikom poku\u0161ati prona\u0107i put do pobjede i izlaska iz rezultatske mini krize. Bit \u0107e ovo dvoboj&#8230;<\/p>\n","protected":false},"author":1,"featured_media":3175,"comment_status":"open","ping_status":"open","sticky":false,"template":"","format":"standard","meta":{"_acf_changed":false,"footnotes":""},"categories":[120],"tags":[136],"class_list":["post-3278","post","type-post","status-publish","format-standard","has-post-thumbnail","hentry","category-novosti","tag-premijer-liga-z"],"acf":[],"yoast_head":"<!-- This site is optimized with the Yoast SEO plugin v27.4 - https:\/\/yoast.com\/product\/yoast-seo-wordpress\/ -->\n<title>Plamene do\u010dekuju FSV u 4. kolu Premijer lige - \u017dKK Plamen Po\u017eega<\/title>\n<meta name=\"robots\" content=\"index, follow, max-snippet:-1, max-image-preview:large, max-video-preview:-1\" \/>\n<link rel=\"canonical\" href=\"https:\/\/zkkplamenpozega.hr\/?p=3278\" \/>\n<meta property=\"og:locale\" content=\"hr_HR\" \/>\n<meta property=\"og:type\" content=\"article\" \/>\n<meta property=\"og:title\" content=\"Plamene do\u010dekuju FSV u 4. kolu Premijer lige - \u017dKK Plamen Po\u017eega\" \/>\n<meta property=\"og:description\" content=\"Ko\u0161arka\u0161ice Plamen Po\u017eege u sutra\u0161njem dvoboju 4. kola Premijer \u017eenske ko\u0161arka\u0161ke lige na svom \u0107e terenu do\u010dekati ekipu FSV-a iz Rijeke. Izabranice Vladimira Englmana\u00a0u ovaj susret ulaze nakon dva vezana poraza (Medve\u0161\u010dak, UBI Graz) te \u0107e se pred doma\u0107om publikom poku\u0161ati prona\u0107i put do pobjede i izlaska iz rezultatske mini krize. Bit \u0107e ovo dvoboj...\" \/>\n<meta property=\"og:url\" content=\"https:\/\/zkkplamenpozega.hr\/?p=3278\" \/>\n<meta property=\"og:site_name\" content=\"\u017dKK Plamen Po\u017eega\" \/>\n<meta property=\"article:publisher\" content=\"https:\/\/www.facebook.com\/zkkplamenpozega\/\" \/>\n<meta property=\"article:published_time\" content=\"2023-10-20T16:18:49+00:00\" \/>\n<meta property=\"article:modified_time\" content=\"2023-10-20T16:36:30+00:00\" \/>\n<meta property=\"og:image\" content=\"https:\/\/zkkplamenpozega.hr\/wp-content\/uploads\/2023\/10\/Untitled-design-10.jpg\" \/>\n\t<meta property=\"og:image:width\" content=\"900\" \/>\n\t<meta property=\"og:image:height\" content=\"600\" \/>\n\t<meta property=\"og:image:type\" content=\"image\/jpeg\" \/>\n<meta name=\"author\" content=\"PozEGAaKKzKZ\" \/>\n<meta name=\"twitter:card\" content=\"summary_large_image\" \/>\n<meta name=\"twitter:label1\" content=\"Napisao\/la\" \/>\n\t<meta name=\"twitter:data1\" content=\"PozEGAaKKzKZ\" \/>\n\t<meta name=\"twitter:label2\" content=\"Procijenjeno vrijeme \u010ditanja\" \/>\n\t<meta name=\"twitter:data2\" content=\"2 minute\" \/>\n<script type=\"application\/ld+json\" class=\"yoast-schema-graph\">{\"@context\":\"https:\\\/\\\/schema.org\",\"@graph\":[{\"@type\":\"Article\",\"@id\":\"https:\\\/\\\/zkkplamenpozega.hr\\\/?p=3278#article\",\"isPartOf\":{\"@id\":\"https:\\\/\\\/zkkplamenpozega.hr\\\/?p=3278\"},\"author\":{\"name\":\"PozEGAaKKzKZ\",\"@id\":\"https:\\\/\\\/zkkplamenpozega.hr\\\/#\\\/schema\\\/person\\\/999dc4799645b6c20c9b48358878f978\"},\"headline\":\"Plamene do\u010dekuju FSV u 4. kolu Premijer lige\",\"datePublished\":\"2023-10-20T16:18:49+00:00\",\"dateModified\":\"2023-10-20T16:36:30+00:00\",\"mainEntityOfPage\":{\"@id\":\"https:\\\/\\\/zkkplamenpozega.hr\\\/?p=3278\"},\"wordCount\":339,\"commentCount\":0,\"publisher\":{\"@id\":\"https:\\\/\\\/zkkplamenpozega.hr\\\/#organization\"},\"image\":{\"@id\":\"https:\\\/\\\/zkkplamenpozega.hr\\\/?p=3278#primaryimage\"},\"thumbnailUrl\":\"https:\\\/\\\/zkkplamenpozega.hr\\\/wp-content\\\/uploads\\\/2023\\\/10\\\/Untitled-design-10.jpg\",\"keywords\":[\"Premijer liga (\u017e)\"],\"articleSection\":[\"Novosti\"],\"inLanguage\":\"hr\",\"potentialAction\":[{\"@type\":\"CommentAction\",\"name\":\"Comment\",\"target\":[\"https:\\\/\\\/zkkplamenpozega.hr\\\/?p=3278#respond\"]}]},{\"@type\":\"WebPage\",\"@id\":\"https:\\\/\\\/zkkplamenpozega.hr\\\/?p=3278\",\"url\":\"https:\\\/\\\/zkkplamenpozega.hr\\\/?p=3278\",\"name\":\"Plamene do\u010dekuju FSV u 4. kolu Premijer lige - \u017dKK Plamen Po\u017eega\",\"isPartOf\":{\"@id\":\"https:\\\/\\\/zkkplamenpozega.hr\\\/#website\"},\"primaryImageOfPage\":{\"@id\":\"https:\\\/\\\/zkkplamenpozega.hr\\\/?p=3278#primaryimage\"},\"image\":{\"@id\":\"https:\\\/\\\/zkkplamenpozega.hr\\\/?p=3278#primaryimage\"},\"thumbnailUrl\":\"https:\\\/\\\/zkkplamenpozega.hr\\\/wp-content\\\/uploads\\\/2023\\\/10\\\/Untitled-design-10.jpg\",\"datePublished\":\"2023-10-20T16:18:49+00:00\",\"dateModified\":\"2023-10-20T16:36:30+00:00\",\"breadcrumb\":{\"@id\":\"https:\\\/\\\/zkkplamenpozega.hr\\\/?p=3278#breadcrumb\"},\"inLanguage\":\"hr\",\"potentialAction\":[{\"@type\":\"ReadAction\",\"target\":[\"https:\\\/\\\/zkkplamenpozega.hr\\\/?p=3278\"]}]},{\"@type\":\"ImageObject\",\"inLanguage\":\"hr\",\"@id\":\"https:\\\/\\\/zkkplamenpozega.hr\\\/?p=3278#primaryimage\",\"url\":\"https:\\\/\\\/zkkplamenpozega.hr\\\/wp-content\\\/uploads\\\/2023\\\/10\\\/Untitled-design-10.jpg\",\"contentUrl\":\"https:\\\/\\\/zkkplamenpozega.hr\\\/wp-content\\\/uploads\\\/2023\\\/10\\\/Untitled-design-10.jpg\",\"width\":900,\"height\":600},{\"@type\":\"BreadcrumbList\",\"@id\":\"https:\\\/\\\/zkkplamenpozega.hr\\\/?p=3278#breadcrumb\",\"itemListElement\":[{\"@type\":\"ListItem\",\"position\":1,\"name\":\"Po\u010detna stranica\",\"item\":\"https:\\\/\\\/zkkplamenpozega.hr\\\/\"},{\"@type\":\"ListItem\",\"position\":2,\"name\":\"Plamene do\u010dekuju FSV u 4. kolu Premijer lige\"}]},{\"@type\":\"WebSite\",\"@id\":\"https:\\\/\\\/zkkplamenpozega.hr\\\/#website\",\"url\":\"https:\\\/\\\/zkkplamenpozega.hr\\\/\",\"name\":\"\u017dKK Plamen Po\u017eega\",\"description\":\"Plamene su najbolje\",\"publisher\":{\"@id\":\"https:\\\/\\\/zkkplamenpozega.hr\\\/#organization\"},\"potentialAction\":[{\"@type\":\"SearchAction\",\"target\":{\"@type\":\"EntryPoint\",\"urlTemplate\":\"https:\\\/\\\/zkkplamenpozega.hr\\\/?s={search_term_string}\"},\"query-input\":{\"@type\":\"PropertyValueSpecification\",\"valueRequired\":true,\"valueName\":\"search_term_string\"}}],\"inLanguage\":\"hr\"},{\"@type\":\"Organization\",\"@id\":\"https:\\\/\\\/zkkplamenpozega.hr\\\/#organization\",\"name\":\"\u017denski ko\u0161arka\u0161ki klub Plamen Po\u017eega\",\"url\":\"https:\\\/\\\/zkkplamenpozega.hr\\\/\",\"logo\":{\"@type\":\"ImageObject\",\"inLanguage\":\"hr\",\"@id\":\"https:\\\/\\\/zkkplamenpozega.hr\\\/#\\\/schema\\\/logo\\\/image\\\/\",\"url\":\"https:\\\/\\\/zkkplamenpozega.hr\\\/wp-content\\\/uploads\\\/2020\\\/10\\\/logo-zkkpozega-e1602941511846.png\",\"contentUrl\":\"https:\\\/\\\/zkkplamenpozega.hr\\\/wp-content\\\/uploads\\\/2020\\\/10\\\/logo-zkkpozega-e1602941511846.png\",\"width\":400,\"height\":236,\"caption\":\"\u017denski ko\u0161arka\u0161ki klub Plamen Po\u017eega\"},\"image\":{\"@id\":\"https:\\\/\\\/zkkplamenpozega.hr\\\/#\\\/schema\\\/logo\\\/image\\\/\"},\"sameAs\":[\"https:\\\/\\\/www.facebook.com\\\/zkkplamenpozega\\\/\",\"https:\\\/\\\/www.instagram.com\\\/zkkplamenpozega\\\/?hl=hr\"]},{\"@type\":\"Person\",\"@id\":\"https:\\\/\\\/zkkplamenpozega.hr\\\/#\\\/schema\\\/person\\\/999dc4799645b6c20c9b48358878f978\",\"name\":\"PozEGAaKKzKZ\",\"image\":{\"@type\":\"ImageObject\",\"inLanguage\":\"hr\",\"@id\":\"https:\\\/\\\/secure.gravatar.com\\\/avatar\\\/4c80c2b40e3f6c79c2f22cda392ad859abc361d727f969775f475825d3b21ca5?s=96&d=mm&r=g\",\"url\":\"https:\\\/\\\/secure.gravatar.com\\\/avatar\\\/4c80c2b40e3f6c79c2f22cda392ad859abc361d727f969775f475825d3b21ca5?s=96&d=mm&r=g\",\"contentUrl\":\"https:\\\/\\\/secure.gravatar.com\\\/avatar\\\/4c80c2b40e3f6c79c2f22cda392ad859abc361d727f969775f475825d3b21ca5?s=96&d=mm&r=g\",\"caption\":\"PozEGAaKKzKZ\"},\"sameAs\":[\"https:\\\/\\\/zkkplamenpozega.hr\"]}]}<\/script>\n<!-- \/ Yoast SEO plugin. -->","yoast_head_json":{"title":"Plamene do\u010dekuju FSV u 4. kolu Premijer lige - \u017dKK Plamen Po\u017eega","robots":{"index":"index","follow":"follow","max-snippet":"max-snippet:-1","max-image-preview":"max-image-preview:large","max-video-preview":"max-video-preview:-1"},"canonical":"https:\/\/zkkplamenpozega.hr\/?p=3278","og_locale":"hr_HR","og_type":"article","og_title":"Plamene do\u010dekuju FSV u 4. kolu Premijer lige - \u017dKK Plamen Po\u017eega","og_description":"Ko\u0161arka\u0161ice Plamen Po\u017eege u sutra\u0161njem dvoboju 4. kola Premijer \u017eenske ko\u0161arka\u0161ke lige na svom \u0107e terenu do\u010dekati ekipu FSV-a iz Rijeke. Izabranice Vladimira Englmana\u00a0u ovaj susret ulaze nakon dva vezana poraza (Medve\u0161\u010dak, UBI Graz) te \u0107e se pred doma\u0107om publikom poku\u0161ati prona\u0107i put do pobjede i izlaska iz rezultatske mini krize. Bit \u0107e ovo dvoboj...","og_url":"https:\/\/zkkplamenpozega.hr\/?p=3278","og_site_name":"\u017dKK Plamen Po\u017eega","article_publisher":"https:\/\/www.facebook.com\/zkkplamenpozega\/","article_published_time":"2023-10-20T16:18:49+00:00","article_modified_time":"2023-10-20T16:36:30+00:00","og_image":[{"width":900,"height":600,"url":"https:\/\/zkkplamenpozega.hr\/wp-content\/uploads\/2023\/10\/Untitled-design-10.jpg","type":"image\/jpeg"}],"author":"PozEGAaKKzKZ","twitter_card":"summary_large_image","twitter_misc":{"Napisao\/la":"PozEGAaKKzKZ","Procijenjeno vrijeme \u010ditanja":"2 minute"},"schema":{"@context":"https:\/\/schema.org","@graph":[{"@type":"Article","@id":"https:\/\/zkkplamenpozega.hr\/?p=3278#article","isPartOf":{"@id":"https:\/\/zkkplamenpozega.hr\/?p=3278"},"author":{"name":"PozEGAaKKzKZ","@id":"https:\/\/zkkplamenpozega.hr\/#\/schema\/person\/999dc4799645b6c20c9b48358878f978"},"headline":"Plamene do\u010dekuju FSV u 4. kolu Premijer lige","datePublished":"2023-10-20T16:18:49+00:00","dateModified":"2023-10-20T16:36:30+00:00","mainEntityOfPage":{"@id":"https:\/\/zkkplamenpozega.hr\/?p=3278"},"wordCount":339,"commentCount":0,"publisher":{"@id":"https:\/\/zkkplamenpozega.hr\/#organization"},"image":{"@id":"https:\/\/zkkplamenpozega.hr\/?p=3278#primaryimage"},"thumbnailUrl":"https:\/\/zkkplamenpozega.hr\/wp-content\/uploads\/2023\/10\/Untitled-design-10.jpg","keywords":["Premijer liga (\u017e)"],"articleSection":["Novosti"],"inLanguage":"hr","potentialAction":[{"@type":"CommentAction","name":"Comment","target":["https:\/\/zkkplamenpozega.hr\/?p=3278#respond"]}]},{"@type":"WebPage","@id":"https:\/\/zkkplamenpozega.hr\/?p=3278","url":"https:\/\/zkkplamenpozega.hr\/?p=3278","name":"Plamene do\u010dekuju FSV u 4. kolu Premijer lige - \u017dKK Plamen Po\u017eega","isPartOf":{"@id":"https:\/\/zkkplamenpozega.hr\/#website"},"primaryImageOfPage":{"@id":"https:\/\/zkkplamenpozega.hr\/?p=3278#primaryimage"},"image":{"@id":"https:\/\/zkkplamenpozega.hr\/?p=3278#primaryimage"},"thumbnailUrl":"https:\/\/zkkplamenpozega.hr\/wp-content\/uploads\/2023\/10\/Untitled-design-10.jpg","datePublished":"2023-10-20T16:18:49+00:00","dateModified":"2023-10-20T16:36:30+00:00","breadcrumb":{"@id":"https:\/\/zkkplamenpozega.hr\/?p=3278#breadcrumb"},"inLanguage":"hr","potentialAction":[{"@type":"ReadAction","target":["https:\/\/zkkplamenpozega.hr\/?p=3278"]}]},{"@type":"ImageObject","inLanguage":"hr","@id":"https:\/\/zkkplamenpozega.hr\/?p=3278#primaryimage","url":"https:\/\/zkkplamenpozega.hr\/wp-content\/uploads\/2023\/10\/Untitled-design-10.jpg","contentUrl":"https:\/\/zkkplamenpozega.hr\/wp-content\/uploads\/2023\/10\/Untitled-design-10.jpg","width":900,"height":600},{"@type":"BreadcrumbList","@id":"https:\/\/zkkplamenpozega.hr\/?p=3278#breadcrumb","itemListElement":[{"@type":"ListItem","position":1,"name":"Po\u010detna stranica","item":"https:\/\/zkkplamenpozega.hr\/"},{"@type":"ListItem","position":2,"name":"Plamene do\u010dekuju FSV u 4. kolu Premijer lige"}]},{"@type":"WebSite","@id":"https:\/\/zkkplamenpozega.hr\/#website","url":"https:\/\/zkkplamenpozega.hr\/","name":"\u017dKK Plamen Po\u017eega","description":"Plamene su najbolje","publisher":{"@id":"https:\/\/zkkplamenpozega.hr\/#organization"},"potentialAction":[{"@type":"SearchAction","target":{"@type":"EntryPoint","urlTemplate":"https:\/\/zkkplamenpozega.hr\/?s={search_term_string}"},"query-input":{"@type":"PropertyValueSpecification","valueRequired":true,"valueName":"search_term_string"}}],"inLanguage":"hr"},{"@type":"Organization","@id":"https:\/\/zkkplamenpozega.hr\/#organization","name":"\u017denski ko\u0161arka\u0161ki klub Plamen Po\u017eega","url":"https:\/\/zkkplamenpozega.hr\/","logo":{"@type":"ImageObject","inLanguage":"hr","@id":"https:\/\/zkkplamenpozega.hr\/#\/schema\/logo\/image\/","url":"https:\/\/zkkplamenpozega.hr\/wp-content\/uploads\/2020\/10\/logo-zkkpozega-e1602941511846.png","contentUrl":"https:\/\/zkkplamenpozega.hr\/wp-content\/uploads\/2020\/10\/logo-zkkpozega-e1602941511846.png","width":400,"height":236,"caption":"\u017denski ko\u0161arka\u0161ki klub Plamen Po\u017eega"},"image":{"@id":"https:\/\/zkkplamenpozega.hr\/#\/schema\/logo\/image\/"},"sameAs":["https:\/\/www.facebook.com\/zkkplamenpozega\/","https:\/\/www.instagram.com\/zkkplamenpozega\/?hl=hr"]},{"@type":"Person","@id":"https:\/\/zkkplamenpozega.hr\/#\/schema\/person\/999dc4799645b6c20c9b48358878f978","name":"PozEGAaKKzKZ","image":{"@type":"ImageObject","inLanguage":"hr","@id":"https:\/\/secure.gravatar.com\/avatar\/4c80c2b40e3f6c79c2f22cda392ad859abc361d727f969775f475825d3b21ca5?s=96&d=mm&r=g","url":"https:\/\/secure.gravatar.com\/avatar\/4c80c2b40e3f6c79c2f22cda392ad859abc361d727f969775f475825d3b21ca5?s=96&d=mm&r=g","contentUrl":"https:\/\/secure.gravatar.com\/avatar\/4c80c2b40e3f6c79c2f22cda392ad859abc361d727f969775f475825d3b21ca5?s=96&d=mm&r=g","caption":"PozEGAaKKzKZ"},"sameAs":["https:\/\/zkkplamenpozega.hr"]}]}},"_links":{"self":[{"href":"https:\/\/zkkplamenpozega.hr\/index.php?rest_route=\/wp\/v2\/posts\/3278","targetHints":{"allow":["GET"]}}],"collection":[{"href":"https:\/\/zkkplamenpozega.hr\/index.php?rest_route=\/wp\/v2\/posts"}],"about":[{"href":"https:\/\/zkkplamenpozega.hr\/index.php?rest_route=\/wp\/v2\/types\/post"}],"author":[{"embeddable":true,"href":"https:\/\/zkkplamenpozega.hr\/index.php?rest_route=\/wp\/v2\/users\/1"}],"replies":[{"embeddable":true,"href":"https:\/\/zkkplamenpozega.hr\/index.php?rest_route=%2Fwp%2Fv2%2Fcomments&post=3278"}],"version-history":[{"count":0,"href":"https:\/\/zkkplamenpozega.hr\/index.php?rest_route=\/wp\/v2\/posts\/3278\/revisions"}],"wp:featuredmedia":[{"embeddable":true,"href":"https:\/\/zkkplamenpozega.hr\/index.php?rest_route=\/wp\/v2\/media\/3175"}],"wp:attachment":[{"href":"https:\/\/zkkplamenpozega.hr\/index.php?rest_route=%2Fwp%2Fv2%2Fmedia&parent=3278"}],"wp:term":[{"taxonomy":"category","embeddable":true,"href":"https:\/\/zkkplamenpozega.hr\/index.php?rest_route=%2Fwp%2Fv2%2Fcategories&post=3278"},{"taxonomy":"post_tag","embeddable":true,"href":"https:\/\/zkkplamenpozega.hr\/index.php?rest_route=%2Fwp%2Fv2%2Ftags&post=3278"}],"curies":[{"name":"wp","href":"https:\/\/api.w.org\/{rel}","templated":true}]}}