{"id":3225,"date":"2023-10-12T11:58:28","date_gmt":"2023-10-12T11:58:28","guid":{"rendered":"https:\/\/zkkplamenpozega.hr\/?p=3225"},"modified":"2023-10-12T12:14:04","modified_gmt":"2023-10-12T12:14:04","slug":"poraz-od-partizana-u-2-kolu-waba-lige","status":"publish","type":"post","link":"https:\/\/zkkplamenpozega.hr\/?p=3225","title":{"rendered":"Poraz od Partizana u 2. kolu WABA lige"},"content":{"rendered":"<p>Ko\u0161arka\u0161ice Plamen Po\u017eege pora\u017eene su ju\u010der u Beogradu, u sklopu drugog kola Waba lige od Partizana 94-60. Ba\u0161 kao\u00a0 i za prethodno gostovanje u Sloveniji kod Cinkarne Celje, trener Englman i ovoga puta odlu\u010dio se na put oti\u0107i bez <strong>Mileti\u0107<\/strong>, <strong>Ivezi\u0107<\/strong> i<strong> Podrug<\/strong>, \u0161to se posljedi\u010dno reflektiralo i na snagu ekipe, koja nije uspjela ozbiljnije ugroziti beogradske crno &#8211; bijele.<\/p>\n<p>Plamene su se u rezultatskom egalu dr\u017eale samo u nekoliko uvodnih minuta susreta, no onda se Partizan malo po malo po\u010deo odvajati. Do konca prve \u010detvrtine ve\u0107 je bilo\u00a0+10 za doma\u0107i tim (27-17), da bi kroz drugu \u010detvrtinu ta prednost dodatno rasla, pa se na odmor oti\u0161lo s\u00a0+23 za Partizan (55-32), i ve\u0107 tu je pitanje pobjednika bilo rije\u0161eno.<\/p>\n<p>Drugo poluvrijeme tako nije ponudilo previ\u0161e uzbu\u0111enja. Ko\u0161arka\u0161ice Partizana mirno su kontrolirale doga\u0111anja na terenu i rutinski privele posao kraju &#8211; pove\u0107av\u0161i razliku na kona\u010dnih +34.<\/p>\n<p>U doma\u0107im redovima 10 se igra\u010dica upisalo u listu strijelaca, a predvodila ih je <strong>Jovana Bori\u010di\u0107<\/strong> sa 17 ko\u0161eva, 14 je ubacila <strong>An\u0111ela Marojevi\u0107<\/strong>, 12 <strong>Bojana Mi\u0161ki\u0107<\/strong>, 10 <strong>Marina Davini\u0107<\/strong>.<\/p>\n<p>Kod Plamenih prvo ime bila je <strong>Nevena Vu\u010dkovi\u0107<\/strong> s 20 ko\u0161eva, \u0161est skokova i pet asistencija, a dvoznamenkasti broj ko\u0161eva\u00a0 postigla je jo\u0161 samo <strong>Martina Kujund\u017ei\u0107<\/strong> 12.<\/p>\n<p><strong>Partizan 1953 &#8211; Plamen Po\u017eega 94-60 (27-17, 28-15, 21-14, 18-14)<\/strong><\/p>\n<p><a href=\"https:\/\/fibalivestats.dcd.shared.geniussports.com\/u\/WABA\/2290413\/bs.html\"><strong>STATISTIKA\u00a0<\/strong><\/a><\/p>\n<p>Na\u0161e ko\u0161arka\u0161ice sada se okre\u0107u obvezama u doma\u0107em prvenstvu gdje ih ve\u0107 u\u00a0 <strong>subotu<\/strong>, <strong>14. listopada<\/strong> s po\u010detkom u <strong>18,00<\/strong> sati o\u010dekuje gostovanje u Zagrebu kod Medve\u0161\u010daka, u susretu 3. kola Premijer lige.<\/p>\n<p>Foto: Waba liga<\/p>\n","protected":false},"excerpt":{"rendered":"<p>Ko\u0161arka\u0161ice Plamen Po\u017eege pora\u017eene su ju\u010der u Beogradu, u sklopu drugog kola Waba lige od Partizana 94-60. Ba\u0161 kao\u00a0 i za prethodno gostovanje u Sloveniji kod Cinkarne Celje, trener Englman i ovoga puta odlu\u010dio se na put oti\u0107i bez Mileti\u0107, Ivezi\u0107 i Podrug, \u0161to se posljedi\u010dno reflektiralo i na snagu ekipe, koja nije uspjela ozbiljnije&#8230;<\/p>\n","protected":false},"author":1,"featured_media":3227,"comment_status":"open","ping_status":"open","sticky":false,"template":"","format":"standard","meta":{"_acf_changed":false,"footnotes":""},"categories":[120],"tags":[127],"class_list":["post-3225","post","type-post","status-publish","format-standard","has-post-thumbnail","hentry","category-novosti","tag-waba"],"acf":[],"yoast_head":"<!-- This site is optimized with the Yoast SEO plugin v27.4 - https:\/\/yoast.com\/product\/yoast-seo-wordpress\/ -->\n<title>Poraz od Partizana u 2. kolu WABA lige - \u017dKK Plamen Po\u017eega<\/title>\n<meta name=\"robots\" content=\"index, follow, max-snippet:-1, max-image-preview:large, max-video-preview:-1\" \/>\n<link rel=\"canonical\" href=\"https:\/\/zkkplamenpozega.hr\/?p=3225\" \/>\n<meta property=\"og:locale\" content=\"hr_HR\" \/>\n<meta property=\"og:type\" content=\"article\" \/>\n<meta property=\"og:title\" content=\"Poraz od Partizana u 2. kolu WABA lige - \u017dKK Plamen Po\u017eega\" \/>\n<meta property=\"og:description\" content=\"Ko\u0161arka\u0161ice Plamen Po\u017eege pora\u017eene su ju\u010der u Beogradu, u sklopu drugog kola Waba lige od Partizana 94-60. Ba\u0161 kao\u00a0 i za prethodno gostovanje u Sloveniji kod Cinkarne Celje, trener Englman i ovoga puta odlu\u010dio se na put oti\u0107i bez Mileti\u0107, Ivezi\u0107 i Podrug, \u0161to se posljedi\u010dno reflektiralo i na snagu ekipe, koja nije uspjela ozbiljnije...\" \/>\n<meta property=\"og:url\" content=\"https:\/\/zkkplamenpozega.hr\/?p=3225\" \/>\n<meta property=\"og:site_name\" content=\"\u017dKK Plamen Po\u017eega\" \/>\n<meta property=\"article:publisher\" content=\"https:\/\/www.facebook.com\/zkkplamenpozega\/\" \/>\n<meta property=\"article:published_time\" content=\"2023-10-12T11:58:28+00:00\" \/>\n<meta property=\"article:modified_time\" content=\"2023-10-12T12:14:04+00:00\" \/>\n<meta property=\"og:image\" content=\"https:\/\/zkkplamenpozega.hr\/wp-content\/uploads\/2023\/10\/Untitled-design-3.jpg\" \/>\n\t<meta property=\"og:image:width\" content=\"900\" \/>\n\t<meta property=\"og:image:height\" content=\"600\" \/>\n\t<meta property=\"og:image:type\" content=\"image\/jpeg\" \/>\n<meta name=\"author\" content=\"PozEGAaKKzKZ\" \/>\n<meta name=\"twitter:card\" content=\"summary_large_image\" \/>\n<meta name=\"twitter:label1\" content=\"Napisao\/la\" \/>\n\t<meta name=\"twitter:data1\" content=\"PozEGAaKKzKZ\" \/>\n\t<meta name=\"twitter:label2\" content=\"Procijenjeno vrijeme \u010ditanja\" \/>\n\t<meta name=\"twitter:data2\" content=\"2 minute\" \/>\n<script type=\"application\/ld+json\" class=\"yoast-schema-graph\">{\"@context\":\"https:\\\/\\\/schema.org\",\"@graph\":[{\"@type\":\"Article\",\"@id\":\"https:\\\/\\\/zkkplamenpozega.hr\\\/?p=3225#article\",\"isPartOf\":{\"@id\":\"https:\\\/\\\/zkkplamenpozega.hr\\\/?p=3225\"},\"author\":{\"name\":\"PozEGAaKKzKZ\",\"@id\":\"https:\\\/\\\/zkkplamenpozega.hr\\\/#\\\/schema\\\/person\\\/999dc4799645b6c20c9b48358878f978\"},\"headline\":\"Poraz od Partizana u 2. kolu WABA lige\",\"datePublished\":\"2023-10-12T11:58:28+00:00\",\"dateModified\":\"2023-10-12T12:14:04+00:00\",\"mainEntityOfPage\":{\"@id\":\"https:\\\/\\\/zkkplamenpozega.hr\\\/?p=3225\"},\"wordCount\":284,\"commentCount\":0,\"publisher\":{\"@id\":\"https:\\\/\\\/zkkplamenpozega.hr\\\/#organization\"},\"image\":{\"@id\":\"https:\\\/\\\/zkkplamenpozega.hr\\\/?p=3225#primaryimage\"},\"thumbnailUrl\":\"https:\\\/\\\/zkkplamenpozega.hr\\\/wp-content\\\/uploads\\\/2023\\\/10\\\/Untitled-design-3.jpg\",\"keywords\":[\"WABA\"],\"articleSection\":[\"Novosti\"],\"inLanguage\":\"hr\",\"potentialAction\":[{\"@type\":\"CommentAction\",\"name\":\"Comment\",\"target\":[\"https:\\\/\\\/zkkplamenpozega.hr\\\/?p=3225#respond\"]}]},{\"@type\":\"WebPage\",\"@id\":\"https:\\\/\\\/zkkplamenpozega.hr\\\/?p=3225\",\"url\":\"https:\\\/\\\/zkkplamenpozega.hr\\\/?p=3225\",\"name\":\"Poraz od Partizana u 2. kolu WABA lige - \u017dKK Plamen Po\u017eega\",\"isPartOf\":{\"@id\":\"https:\\\/\\\/zkkplamenpozega.hr\\\/#website\"},\"primaryImageOfPage\":{\"@id\":\"https:\\\/\\\/zkkplamenpozega.hr\\\/?p=3225#primaryimage\"},\"image\":{\"@id\":\"https:\\\/\\\/zkkplamenpozega.hr\\\/?p=3225#primaryimage\"},\"thumbnailUrl\":\"https:\\\/\\\/zkkplamenpozega.hr\\\/wp-content\\\/uploads\\\/2023\\\/10\\\/Untitled-design-3.jpg\",\"datePublished\":\"2023-10-12T11:58:28+00:00\",\"dateModified\":\"2023-10-12T12:14:04+00:00\",\"breadcrumb\":{\"@id\":\"https:\\\/\\\/zkkplamenpozega.hr\\\/?p=3225#breadcrumb\"},\"inLanguage\":\"hr\",\"potentialAction\":[{\"@type\":\"ReadAction\",\"target\":[\"https:\\\/\\\/zkkplamenpozega.hr\\\/?p=3225\"]}]},{\"@type\":\"ImageObject\",\"inLanguage\":\"hr\",\"@id\":\"https:\\\/\\\/zkkplamenpozega.hr\\\/?p=3225#primaryimage\",\"url\":\"https:\\\/\\\/zkkplamenpozega.hr\\\/wp-content\\\/uploads\\\/2023\\\/10\\\/Untitled-design-3.jpg\",\"contentUrl\":\"https:\\\/\\\/zkkplamenpozega.hr\\\/wp-content\\\/uploads\\\/2023\\\/10\\\/Untitled-design-3.jpg\",\"width\":900,\"height\":600},{\"@type\":\"BreadcrumbList\",\"@id\":\"https:\\\/\\\/zkkplamenpozega.hr\\\/?p=3225#breadcrumb\",\"itemListElement\":[{\"@type\":\"ListItem\",\"position\":1,\"name\":\"Po\u010detna stranica\",\"item\":\"https:\\\/\\\/zkkplamenpozega.hr\\\/\"},{\"@type\":\"ListItem\",\"position\":2,\"name\":\"Poraz od Partizana u 2. kolu WABA lige\"}]},{\"@type\":\"WebSite\",\"@id\":\"https:\\\/\\\/zkkplamenpozega.hr\\\/#website\",\"url\":\"https:\\\/\\\/zkkplamenpozega.hr\\\/\",\"name\":\"\u017dKK Plamen Po\u017eega\",\"description\":\"Plamene su najbolje\",\"publisher\":{\"@id\":\"https:\\\/\\\/zkkplamenpozega.hr\\\/#organization\"},\"potentialAction\":[{\"@type\":\"SearchAction\",\"target\":{\"@type\":\"EntryPoint\",\"urlTemplate\":\"https:\\\/\\\/zkkplamenpozega.hr\\\/?s={search_term_string}\"},\"query-input\":{\"@type\":\"PropertyValueSpecification\",\"valueRequired\":true,\"valueName\":\"search_term_string\"}}],\"inLanguage\":\"hr\"},{\"@type\":\"Organization\",\"@id\":\"https:\\\/\\\/zkkplamenpozega.hr\\\/#organization\",\"name\":\"\u017denski ko\u0161arka\u0161ki klub Plamen Po\u017eega\",\"url\":\"https:\\\/\\\/zkkplamenpozega.hr\\\/\",\"logo\":{\"@type\":\"ImageObject\",\"inLanguage\":\"hr\",\"@id\":\"https:\\\/\\\/zkkplamenpozega.hr\\\/#\\\/schema\\\/logo\\\/image\\\/\",\"url\":\"https:\\\/\\\/zkkplamenpozega.hr\\\/wp-content\\\/uploads\\\/2020\\\/10\\\/logo-zkkpozega-e1602941511846.png\",\"contentUrl\":\"https:\\\/\\\/zkkplamenpozega.hr\\\/wp-content\\\/uploads\\\/2020\\\/10\\\/logo-zkkpozega-e1602941511846.png\",\"width\":400,\"height\":236,\"caption\":\"\u017denski ko\u0161arka\u0161ki klub Plamen Po\u017eega\"},\"image\":{\"@id\":\"https:\\\/\\\/zkkplamenpozega.hr\\\/#\\\/schema\\\/logo\\\/image\\\/\"},\"sameAs\":[\"https:\\\/\\\/www.facebook.com\\\/zkkplamenpozega\\\/\",\"https:\\\/\\\/www.instagram.com\\\/zkkplamenpozega\\\/?hl=hr\"]},{\"@type\":\"Person\",\"@id\":\"https:\\\/\\\/zkkplamenpozega.hr\\\/#\\\/schema\\\/person\\\/999dc4799645b6c20c9b48358878f978\",\"name\":\"PozEGAaKKzKZ\",\"image\":{\"@type\":\"ImageObject\",\"inLanguage\":\"hr\",\"@id\":\"https:\\\/\\\/secure.gravatar.com\\\/avatar\\\/4c80c2b40e3f6c79c2f22cda392ad859abc361d727f969775f475825d3b21ca5?s=96&d=mm&r=g\",\"url\":\"https:\\\/\\\/secure.gravatar.com\\\/avatar\\\/4c80c2b40e3f6c79c2f22cda392ad859abc361d727f969775f475825d3b21ca5?s=96&d=mm&r=g\",\"contentUrl\":\"https:\\\/\\\/secure.gravatar.com\\\/avatar\\\/4c80c2b40e3f6c79c2f22cda392ad859abc361d727f969775f475825d3b21ca5?s=96&d=mm&r=g\",\"caption\":\"PozEGAaKKzKZ\"},\"sameAs\":[\"https:\\\/\\\/zkkplamenpozega.hr\"]}]}<\/script>\n<!-- \/ Yoast SEO plugin. -->","yoast_head_json":{"title":"Poraz od Partizana u 2. kolu WABA lige - \u017dKK Plamen Po\u017eega","robots":{"index":"index","follow":"follow","max-snippet":"max-snippet:-1","max-image-preview":"max-image-preview:large","max-video-preview":"max-video-preview:-1"},"canonical":"https:\/\/zkkplamenpozega.hr\/?p=3225","og_locale":"hr_HR","og_type":"article","og_title":"Poraz od Partizana u 2. kolu WABA lige - \u017dKK Plamen Po\u017eega","og_description":"Ko\u0161arka\u0161ice Plamen Po\u017eege pora\u017eene su ju\u010der u Beogradu, u sklopu drugog kola Waba lige od Partizana 94-60. Ba\u0161 kao\u00a0 i za prethodno gostovanje u Sloveniji kod Cinkarne Celje, trener Englman i ovoga puta odlu\u010dio se na put oti\u0107i bez Mileti\u0107, Ivezi\u0107 i Podrug, \u0161to se posljedi\u010dno reflektiralo i na snagu ekipe, koja nije uspjela ozbiljnije...","og_url":"https:\/\/zkkplamenpozega.hr\/?p=3225","og_site_name":"\u017dKK Plamen Po\u017eega","article_publisher":"https:\/\/www.facebook.com\/zkkplamenpozega\/","article_published_time":"2023-10-12T11:58:28+00:00","article_modified_time":"2023-10-12T12:14:04+00:00","og_image":[{"width":900,"height":600,"url":"https:\/\/zkkplamenpozega.hr\/wp-content\/uploads\/2023\/10\/Untitled-design-3.jpg","type":"image\/jpeg"}],"author":"PozEGAaKKzKZ","twitter_card":"summary_large_image","twitter_misc":{"Napisao\/la":"PozEGAaKKzKZ","Procijenjeno vrijeme \u010ditanja":"2 minute"},"schema":{"@context":"https:\/\/schema.org","@graph":[{"@type":"Article","@id":"https:\/\/zkkplamenpozega.hr\/?p=3225#article","isPartOf":{"@id":"https:\/\/zkkplamenpozega.hr\/?p=3225"},"author":{"name":"PozEGAaKKzKZ","@id":"https:\/\/zkkplamenpozega.hr\/#\/schema\/person\/999dc4799645b6c20c9b48358878f978"},"headline":"Poraz od Partizana u 2. kolu WABA lige","datePublished":"2023-10-12T11:58:28+00:00","dateModified":"2023-10-12T12:14:04+00:00","mainEntityOfPage":{"@id":"https:\/\/zkkplamenpozega.hr\/?p=3225"},"wordCount":284,"commentCount":0,"publisher":{"@id":"https:\/\/zkkplamenpozega.hr\/#organization"},"image":{"@id":"https:\/\/zkkplamenpozega.hr\/?p=3225#primaryimage"},"thumbnailUrl":"https:\/\/zkkplamenpozega.hr\/wp-content\/uploads\/2023\/10\/Untitled-design-3.jpg","keywords":["WABA"],"articleSection":["Novosti"],"inLanguage":"hr","potentialAction":[{"@type":"CommentAction","name":"Comment","target":["https:\/\/zkkplamenpozega.hr\/?p=3225#respond"]}]},{"@type":"WebPage","@id":"https:\/\/zkkplamenpozega.hr\/?p=3225","url":"https:\/\/zkkplamenpozega.hr\/?p=3225","name":"Poraz od Partizana u 2. kolu WABA lige - \u017dKK Plamen Po\u017eega","isPartOf":{"@id":"https:\/\/zkkplamenpozega.hr\/#website"},"primaryImageOfPage":{"@id":"https:\/\/zkkplamenpozega.hr\/?p=3225#primaryimage"},"image":{"@id":"https:\/\/zkkplamenpozega.hr\/?p=3225#primaryimage"},"thumbnailUrl":"https:\/\/zkkplamenpozega.hr\/wp-content\/uploads\/2023\/10\/Untitled-design-3.jpg","datePublished":"2023-10-12T11:58:28+00:00","dateModified":"2023-10-12T12:14:04+00:00","breadcrumb":{"@id":"https:\/\/zkkplamenpozega.hr\/?p=3225#breadcrumb"},"inLanguage":"hr","potentialAction":[{"@type":"ReadAction","target":["https:\/\/zkkplamenpozega.hr\/?p=3225"]}]},{"@type":"ImageObject","inLanguage":"hr","@id":"https:\/\/zkkplamenpozega.hr\/?p=3225#primaryimage","url":"https:\/\/zkkplamenpozega.hr\/wp-content\/uploads\/2023\/10\/Untitled-design-3.jpg","contentUrl":"https:\/\/zkkplamenpozega.hr\/wp-content\/uploads\/2023\/10\/Untitled-design-3.jpg","width":900,"height":600},{"@type":"BreadcrumbList","@id":"https:\/\/zkkplamenpozega.hr\/?p=3225#breadcrumb","itemListElement":[{"@type":"ListItem","position":1,"name":"Po\u010detna stranica","item":"https:\/\/zkkplamenpozega.hr\/"},{"@type":"ListItem","position":2,"name":"Poraz od Partizana u 2. kolu WABA lige"}]},{"@type":"WebSite","@id":"https:\/\/zkkplamenpozega.hr\/#website","url":"https:\/\/zkkplamenpozega.hr\/","name":"\u017dKK Plamen Po\u017eega","description":"Plamene su najbolje","publisher":{"@id":"https:\/\/zkkplamenpozega.hr\/#organization"},"potentialAction":[{"@type":"SearchAction","target":{"@type":"EntryPoint","urlTemplate":"https:\/\/zkkplamenpozega.hr\/?s={search_term_string}"},"query-input":{"@type":"PropertyValueSpecification","valueRequired":true,"valueName":"search_term_string"}}],"inLanguage":"hr"},{"@type":"Organization","@id":"https:\/\/zkkplamenpozega.hr\/#organization","name":"\u017denski ko\u0161arka\u0161ki klub Plamen Po\u017eega","url":"https:\/\/zkkplamenpozega.hr\/","logo":{"@type":"ImageObject","inLanguage":"hr","@id":"https:\/\/zkkplamenpozega.hr\/#\/schema\/logo\/image\/","url":"https:\/\/zkkplamenpozega.hr\/wp-content\/uploads\/2020\/10\/logo-zkkpozega-e1602941511846.png","contentUrl":"https:\/\/zkkplamenpozega.hr\/wp-content\/uploads\/2020\/10\/logo-zkkpozega-e1602941511846.png","width":400,"height":236,"caption":"\u017denski ko\u0161arka\u0161ki klub Plamen Po\u017eega"},"image":{"@id":"https:\/\/zkkplamenpozega.hr\/#\/schema\/logo\/image\/"},"sameAs":["https:\/\/www.facebook.com\/zkkplamenpozega\/","https:\/\/www.instagram.com\/zkkplamenpozega\/?hl=hr"]},{"@type":"Person","@id":"https:\/\/zkkplamenpozega.hr\/#\/schema\/person\/999dc4799645b6c20c9b48358878f978","name":"PozEGAaKKzKZ","image":{"@type":"ImageObject","inLanguage":"hr","@id":"https:\/\/secure.gravatar.com\/avatar\/4c80c2b40e3f6c79c2f22cda392ad859abc361d727f969775f475825d3b21ca5?s=96&d=mm&r=g","url":"https:\/\/secure.gravatar.com\/avatar\/4c80c2b40e3f6c79c2f22cda392ad859abc361d727f969775f475825d3b21ca5?s=96&d=mm&r=g","contentUrl":"https:\/\/secure.gravatar.com\/avatar\/4c80c2b40e3f6c79c2f22cda392ad859abc361d727f969775f475825d3b21ca5?s=96&d=mm&r=g","caption":"PozEGAaKKzKZ"},"sameAs":["https:\/\/zkkplamenpozega.hr"]}]}},"_links":{"self":[{"href":"https:\/\/zkkplamenpozega.hr\/index.php?rest_route=\/wp\/v2\/posts\/3225","targetHints":{"allow":["GET"]}}],"collection":[{"href":"https:\/\/zkkplamenpozega.hr\/index.php?rest_route=\/wp\/v2\/posts"}],"about":[{"href":"https:\/\/zkkplamenpozega.hr\/index.php?rest_route=\/wp\/v2\/types\/post"}],"author":[{"embeddable":true,"href":"https:\/\/zkkplamenpozega.hr\/index.php?rest_route=\/wp\/v2\/users\/1"}],"replies":[{"embeddable":true,"href":"https:\/\/zkkplamenpozega.hr\/index.php?rest_route=%2Fwp%2Fv2%2Fcomments&post=3225"}],"version-history":[{"count":0,"href":"https:\/\/zkkplamenpozega.hr\/index.php?rest_route=\/wp\/v2\/posts\/3225\/revisions"}],"wp:featuredmedia":[{"embeddable":true,"href":"https:\/\/zkkplamenpozega.hr\/index.php?rest_route=\/wp\/v2\/media\/3227"}],"wp:attachment":[{"href":"https:\/\/zkkplamenpozega.hr\/index.php?rest_route=%2Fwp%2Fv2%2Fmedia&parent=3225"}],"wp:term":[{"taxonomy":"category","embeddable":true,"href":"https:\/\/zkkplamenpozega.hr\/index.php?rest_route=%2Fwp%2Fv2%2Fcategories&post=3225"},{"taxonomy":"post_tag","embeddable":true,"href":"https:\/\/zkkplamenpozega.hr\/index.php?rest_route=%2Fwp%2Fv2%2Ftags&post=3225"}],"curies":[{"name":"wp","href":"https:\/\/api.w.org\/{rel}","templated":true}]}}