{"id":3213,"date":"2023-10-10T18:42:49","date_gmt":"2023-10-10T18:42:49","guid":{"rendered":"https:\/\/zkkplamenpozega.hr\/?p=3213"},"modified":"2023-10-10T18:44:20","modified_gmt":"2023-10-10T18:44:20","slug":"nevena-vuckovic-pred-gostovanje-u-beogradu-nadam-se-da-cemo-pruziti-maksimum-i-izvuci-najbolje-za-nas","status":"publish","type":"post","link":"https:\/\/zkkplamenpozega.hr\/?p=3213","title":{"rendered":"Nevena Vu\u010dkovi\u0107 pred gostovanje u Beogradu: &#8220;Nadam se da \u0107emo pru\u017eiti maksimum i izvu\u0107i najbolje za nas&#8221;"},"content":{"rendered":"<p>Nakon uvjerljive pobjede protiv Splita u drugom kolu doma\u0107eg prvenstva, ko\u0161arka\u0161ice Plamen Po\u017eege nastavljaju u u\u017eurbanom ritmu te ih ve\u0107 tri dana kasnije o\u010dekuje novi susret &#8211; gostovanje kod beogradskog Partizana, u sklopu drugog kola regionalne WABA lige.<\/p>\n<p>Aktualnu sezonu regionalne lige <strong>Partizan<\/strong> je otvorio porazom na gostovanju kod banjalu\u010dkih <strong>Orlova<\/strong>, dok su Plamene odigrale jedan susret vi\u0161e u odnosu na svog rivala, ali upisale i oba poraza.<\/p>\n<p>Najprije\u00a0 je u dvorani &#8220;Tomislav Pirc&#8221; pobjedu odnio austrijski viceprvak <strong>UBI Holding Graz<\/strong>, u unaprijed odigranom susretu tre\u0107eg kola, da bi potom u susretu prvog kola bolji od Po\u017ee\u017eanki bio i aktualni regionalni i slovenski prvak <strong>Cinkarna Celje<\/strong> &#8211;\u00a0tako\u00a0 \u0107e ovaj susret za oba tima biti prilika da do\u0111u do svoje prve ovosezonske pobjede u regionalnoj ligi.<\/p>\n<p>Kroz dosada\u0161nju povijest WABA lige ova dva tima odmjerili su snage dva puta, (2021. godine) &#8211; a pobjede u oba dosada\u0161nja susreta pripale su ko\u0161arka\u0161icama Plamen Po\u017eege.<\/p>\n<p>Iako \u0107e u sutra\u0161njem dvoboju na\u0161 tim biti zna\u010dajno oslabljen izostancima <strong>Mileti\u0107<\/strong>, <strong>Ivezi\u0107<\/strong> i <strong>Podrug<\/strong>, optimizma me\u0111u Plamenim ne nedostaje. Evo \u0161to nam je u najavi sutra\u0161njeg dvoboja rekla <strong>Nevena Vu\u010dkovi\u0107<\/strong>, nekada\u0161nja igra\u010dica beogradskih crno &#8211; bijelih:<\/p>\n<p><strong>\u201cO\u010dekuje nas gostovanje ekipi Partizana, prije svega jedna mlada i ambiciozna ekipa, \u017eeljna dokazivanja. Iako ne idemo u punom sastavu to ne treba da nas poremeti, imamo svoje ciljeve i zadatke. Svaka utakmica je novo iskustvo i nosi odre\u0111eni zna\u010daj, samim tim nadam se da \u0107emo pru\u017eiti svoj maksimum i izvu\u0107i najbolje za nas.\u201d<\/strong><\/p>\n<p>Utakmica se igra sutra (srijeda) u 18.00 sati, u\u00a0 SD &#8220;Ranko \u017deravica&#8221; u Beogradu. Susret mo\u017eete pratiti na <a href=\"https:\/\/www.youtube.com\/watch?v=R0hxsyf_ICk&amp;ab_channel=WABAWomenAdriaticaBasketballAssociation\"><strong>WABA YouTube kanalu<\/strong><\/a>.<\/p>\n","protected":false},"excerpt":{"rendered":"<p>Nakon uvjerljive pobjede protiv Splita u drugom kolu doma\u0107eg prvenstva, ko\u0161arka\u0161ice Plamen Po\u017eege nastavljaju u u\u017eurbanom ritmu te ih ve\u0107 tri dana kasnije o\u010dekuje novi susret &#8211; gostovanje kod beogradskog Partizana, u sklopu drugog kola regionalne WABA lige. Aktualnu sezonu regionalne lige Partizan je otvorio porazom na gostovanju kod banjalu\u010dkih Orlova, dok su Plamene odigrale&#8230;<\/p>\n","protected":false},"author":1,"featured_media":3214,"comment_status":"open","ping_status":"open","sticky":false,"template":"","format":"standard","meta":{"_acf_changed":false,"footnotes":""},"categories":[120],"tags":[127],"class_list":["post-3213","post","type-post","status-publish","format-standard","has-post-thumbnail","hentry","category-novosti","tag-waba"],"acf":[],"yoast_head":"<!-- This site is optimized with the Yoast SEO plugin v27.4 - https:\/\/yoast.com\/product\/yoast-seo-wordpress\/ -->\n<title>Nevena Vu\u010dkovi\u0107 pred gostovanje u Beogradu: &quot;Nadam se da \u0107emo pru\u017eiti maksimum i izvu\u0107i najbolje za nas&quot; - \u017dKK Plamen Po\u017eega<\/title>\n<meta name=\"robots\" content=\"index, follow, max-snippet:-1, max-image-preview:large, max-video-preview:-1\" \/>\n<link rel=\"canonical\" href=\"https:\/\/zkkplamenpozega.hr\/?p=3213\" \/>\n<meta property=\"og:locale\" content=\"hr_HR\" \/>\n<meta property=\"og:type\" content=\"article\" \/>\n<meta property=\"og:title\" content=\"Nevena Vu\u010dkovi\u0107 pred gostovanje u Beogradu: &quot;Nadam se da \u0107emo pru\u017eiti maksimum i izvu\u0107i najbolje za nas&quot; - \u017dKK Plamen Po\u017eega\" \/>\n<meta property=\"og:description\" content=\"Nakon uvjerljive pobjede protiv Splita u drugom kolu doma\u0107eg prvenstva, ko\u0161arka\u0161ice Plamen Po\u017eege nastavljaju u u\u017eurbanom ritmu te ih ve\u0107 tri dana kasnije o\u010dekuje novi susret &#8211; gostovanje kod beogradskog Partizana, u sklopu drugog kola regionalne WABA lige. Aktualnu sezonu regionalne lige Partizan je otvorio porazom na gostovanju kod banjalu\u010dkih Orlova, dok su Plamene odigrale...\" \/>\n<meta property=\"og:url\" content=\"https:\/\/zkkplamenpozega.hr\/?p=3213\" \/>\n<meta property=\"og:site_name\" content=\"\u017dKK Plamen Po\u017eega\" \/>\n<meta property=\"article:publisher\" content=\"https:\/\/www.facebook.com\/zkkplamenpozega\/\" \/>\n<meta property=\"article:published_time\" content=\"2023-10-10T18:42:49+00:00\" \/>\n<meta property=\"article:modified_time\" content=\"2023-10-10T18:44:20+00:00\" \/>\n<meta property=\"og:image\" content=\"https:\/\/zkkplamenpozega.hr\/wp-content\/uploads\/2023\/10\/Untitled-design-2.jpg\" \/>\n\t<meta property=\"og:image:width\" content=\"900\" \/>\n\t<meta property=\"og:image:height\" content=\"600\" \/>\n\t<meta property=\"og:image:type\" content=\"image\/jpeg\" \/>\n<meta name=\"author\" content=\"PozEGAaKKzKZ\" \/>\n<meta name=\"twitter:card\" content=\"summary_large_image\" \/>\n<meta name=\"twitter:label1\" content=\"Napisao\/la\" \/>\n\t<meta name=\"twitter:data1\" content=\"PozEGAaKKzKZ\" \/>\n\t<meta name=\"twitter:label2\" content=\"Procijenjeno vrijeme \u010ditanja\" \/>\n\t<meta name=\"twitter:data2\" content=\"2 minute\" \/>\n<script type=\"application\/ld+json\" class=\"yoast-schema-graph\">{\"@context\":\"https:\\\/\\\/schema.org\",\"@graph\":[{\"@type\":\"Article\",\"@id\":\"https:\\\/\\\/zkkplamenpozega.hr\\\/?p=3213#article\",\"isPartOf\":{\"@id\":\"https:\\\/\\\/zkkplamenpozega.hr\\\/?p=3213\"},\"author\":{\"name\":\"PozEGAaKKzKZ\",\"@id\":\"https:\\\/\\\/zkkplamenpozega.hr\\\/#\\\/schema\\\/person\\\/999dc4799645b6c20c9b48358878f978\"},\"headline\":\"Nevena Vu\u010dkovi\u0107 pred gostovanje u Beogradu: &#8220;Nadam se da \u0107emo pru\u017eiti maksimum i izvu\u0107i najbolje za nas&#8221;\",\"datePublished\":\"2023-10-10T18:42:49+00:00\",\"dateModified\":\"2023-10-10T18:44:20+00:00\",\"mainEntityOfPage\":{\"@id\":\"https:\\\/\\\/zkkplamenpozega.hr\\\/?p=3213\"},\"wordCount\":313,\"commentCount\":0,\"publisher\":{\"@id\":\"https:\\\/\\\/zkkplamenpozega.hr\\\/#organization\"},\"image\":{\"@id\":\"https:\\\/\\\/zkkplamenpozega.hr\\\/?p=3213#primaryimage\"},\"thumbnailUrl\":\"https:\\\/\\\/zkkplamenpozega.hr\\\/wp-content\\\/uploads\\\/2023\\\/10\\\/Untitled-design-2.jpg\",\"keywords\":[\"WABA\"],\"articleSection\":[\"Novosti\"],\"inLanguage\":\"hr\",\"potentialAction\":[{\"@type\":\"CommentAction\",\"name\":\"Comment\",\"target\":[\"https:\\\/\\\/zkkplamenpozega.hr\\\/?p=3213#respond\"]}]},{\"@type\":\"WebPage\",\"@id\":\"https:\\\/\\\/zkkplamenpozega.hr\\\/?p=3213\",\"url\":\"https:\\\/\\\/zkkplamenpozega.hr\\\/?p=3213\",\"name\":\"Nevena Vu\u010dkovi\u0107 pred gostovanje u Beogradu: \\\"Nadam se da \u0107emo pru\u017eiti maksimum i izvu\u0107i najbolje za nas\\\" - \u017dKK Plamen Po\u017eega\",\"isPartOf\":{\"@id\":\"https:\\\/\\\/zkkplamenpozega.hr\\\/#website\"},\"primaryImageOfPage\":{\"@id\":\"https:\\\/\\\/zkkplamenpozega.hr\\\/?p=3213#primaryimage\"},\"image\":{\"@id\":\"https:\\\/\\\/zkkplamenpozega.hr\\\/?p=3213#primaryimage\"},\"thumbnailUrl\":\"https:\\\/\\\/zkkplamenpozega.hr\\\/wp-content\\\/uploads\\\/2023\\\/10\\\/Untitled-design-2.jpg\",\"datePublished\":\"2023-10-10T18:42:49+00:00\",\"dateModified\":\"2023-10-10T18:44:20+00:00\",\"breadcrumb\":{\"@id\":\"https:\\\/\\\/zkkplamenpozega.hr\\\/?p=3213#breadcrumb\"},\"inLanguage\":\"hr\",\"potentialAction\":[{\"@type\":\"ReadAction\",\"target\":[\"https:\\\/\\\/zkkplamenpozega.hr\\\/?p=3213\"]}]},{\"@type\":\"ImageObject\",\"inLanguage\":\"hr\",\"@id\":\"https:\\\/\\\/zkkplamenpozega.hr\\\/?p=3213#primaryimage\",\"url\":\"https:\\\/\\\/zkkplamenpozega.hr\\\/wp-content\\\/uploads\\\/2023\\\/10\\\/Untitled-design-2.jpg\",\"contentUrl\":\"https:\\\/\\\/zkkplamenpozega.hr\\\/wp-content\\\/uploads\\\/2023\\\/10\\\/Untitled-design-2.jpg\",\"width\":900,\"height\":600},{\"@type\":\"BreadcrumbList\",\"@id\":\"https:\\\/\\\/zkkplamenpozega.hr\\\/?p=3213#breadcrumb\",\"itemListElement\":[{\"@type\":\"ListItem\",\"position\":1,\"name\":\"Po\u010detna stranica\",\"item\":\"https:\\\/\\\/zkkplamenpozega.hr\\\/\"},{\"@type\":\"ListItem\",\"position\":2,\"name\":\"Nevena Vu\u010dkovi\u0107 pred gostovanje u Beogradu: &#8220;Nadam se da \u0107emo pru\u017eiti maksimum i izvu\u0107i najbolje za nas&#8221;\"}]},{\"@type\":\"WebSite\",\"@id\":\"https:\\\/\\\/zkkplamenpozega.hr\\\/#website\",\"url\":\"https:\\\/\\\/zkkplamenpozega.hr\\\/\",\"name\":\"\u017dKK Plamen Po\u017eega\",\"description\":\"Plamene su najbolje\",\"publisher\":{\"@id\":\"https:\\\/\\\/zkkplamenpozega.hr\\\/#organization\"},\"potentialAction\":[{\"@type\":\"SearchAction\",\"target\":{\"@type\":\"EntryPoint\",\"urlTemplate\":\"https:\\\/\\\/zkkplamenpozega.hr\\\/?s={search_term_string}\"},\"query-input\":{\"@type\":\"PropertyValueSpecification\",\"valueRequired\":true,\"valueName\":\"search_term_string\"}}],\"inLanguage\":\"hr\"},{\"@type\":\"Organization\",\"@id\":\"https:\\\/\\\/zkkplamenpozega.hr\\\/#organization\",\"name\":\"\u017denski ko\u0161arka\u0161ki klub Plamen Po\u017eega\",\"url\":\"https:\\\/\\\/zkkplamenpozega.hr\\\/\",\"logo\":{\"@type\":\"ImageObject\",\"inLanguage\":\"hr\",\"@id\":\"https:\\\/\\\/zkkplamenpozega.hr\\\/#\\\/schema\\\/logo\\\/image\\\/\",\"url\":\"https:\\\/\\\/zkkplamenpozega.hr\\\/wp-content\\\/uploads\\\/2020\\\/10\\\/logo-zkkpozega-e1602941511846.png\",\"contentUrl\":\"https:\\\/\\\/zkkplamenpozega.hr\\\/wp-content\\\/uploads\\\/2020\\\/10\\\/logo-zkkpozega-e1602941511846.png\",\"width\":400,\"height\":236,\"caption\":\"\u017denski ko\u0161arka\u0161ki klub Plamen Po\u017eega\"},\"image\":{\"@id\":\"https:\\\/\\\/zkkplamenpozega.hr\\\/#\\\/schema\\\/logo\\\/image\\\/\"},\"sameAs\":[\"https:\\\/\\\/www.facebook.com\\\/zkkplamenpozega\\\/\",\"https:\\\/\\\/www.instagram.com\\\/zkkplamenpozega\\\/?hl=hr\"]},{\"@type\":\"Person\",\"@id\":\"https:\\\/\\\/zkkplamenpozega.hr\\\/#\\\/schema\\\/person\\\/999dc4799645b6c20c9b48358878f978\",\"name\":\"PozEGAaKKzKZ\",\"image\":{\"@type\":\"ImageObject\",\"inLanguage\":\"hr\",\"@id\":\"https:\\\/\\\/secure.gravatar.com\\\/avatar\\\/4c80c2b40e3f6c79c2f22cda392ad859abc361d727f969775f475825d3b21ca5?s=96&d=mm&r=g\",\"url\":\"https:\\\/\\\/secure.gravatar.com\\\/avatar\\\/4c80c2b40e3f6c79c2f22cda392ad859abc361d727f969775f475825d3b21ca5?s=96&d=mm&r=g\",\"contentUrl\":\"https:\\\/\\\/secure.gravatar.com\\\/avatar\\\/4c80c2b40e3f6c79c2f22cda392ad859abc361d727f969775f475825d3b21ca5?s=96&d=mm&r=g\",\"caption\":\"PozEGAaKKzKZ\"},\"sameAs\":[\"https:\\\/\\\/zkkplamenpozega.hr\"]}]}<\/script>\n<!-- \/ Yoast SEO plugin. -->","yoast_head_json":{"title":"Nevena Vu\u010dkovi\u0107 pred gostovanje u Beogradu: \"Nadam se da \u0107emo pru\u017eiti maksimum i izvu\u0107i najbolje za nas\" - \u017dKK Plamen Po\u017eega","robots":{"index":"index","follow":"follow","max-snippet":"max-snippet:-1","max-image-preview":"max-image-preview:large","max-video-preview":"max-video-preview:-1"},"canonical":"https:\/\/zkkplamenpozega.hr\/?p=3213","og_locale":"hr_HR","og_type":"article","og_title":"Nevena Vu\u010dkovi\u0107 pred gostovanje u Beogradu: \"Nadam se da \u0107emo pru\u017eiti maksimum i izvu\u0107i najbolje za nas\" - \u017dKK Plamen Po\u017eega","og_description":"Nakon uvjerljive pobjede protiv Splita u drugom kolu doma\u0107eg prvenstva, ko\u0161arka\u0161ice Plamen Po\u017eege nastavljaju u u\u017eurbanom ritmu te ih ve\u0107 tri dana kasnije o\u010dekuje novi susret &#8211; gostovanje kod beogradskog Partizana, u sklopu drugog kola regionalne WABA lige. Aktualnu sezonu regionalne lige Partizan je otvorio porazom na gostovanju kod banjalu\u010dkih Orlova, dok su Plamene odigrale...","og_url":"https:\/\/zkkplamenpozega.hr\/?p=3213","og_site_name":"\u017dKK Plamen Po\u017eega","article_publisher":"https:\/\/www.facebook.com\/zkkplamenpozega\/","article_published_time":"2023-10-10T18:42:49+00:00","article_modified_time":"2023-10-10T18:44:20+00:00","og_image":[{"width":900,"height":600,"url":"https:\/\/zkkplamenpozega.hr\/wp-content\/uploads\/2023\/10\/Untitled-design-2.jpg","type":"image\/jpeg"}],"author":"PozEGAaKKzKZ","twitter_card":"summary_large_image","twitter_misc":{"Napisao\/la":"PozEGAaKKzKZ","Procijenjeno vrijeme \u010ditanja":"2 minute"},"schema":{"@context":"https:\/\/schema.org","@graph":[{"@type":"Article","@id":"https:\/\/zkkplamenpozega.hr\/?p=3213#article","isPartOf":{"@id":"https:\/\/zkkplamenpozega.hr\/?p=3213"},"author":{"name":"PozEGAaKKzKZ","@id":"https:\/\/zkkplamenpozega.hr\/#\/schema\/person\/999dc4799645b6c20c9b48358878f978"},"headline":"Nevena Vu\u010dkovi\u0107 pred gostovanje u Beogradu: &#8220;Nadam se da \u0107emo pru\u017eiti maksimum i izvu\u0107i najbolje za nas&#8221;","datePublished":"2023-10-10T18:42:49+00:00","dateModified":"2023-10-10T18:44:20+00:00","mainEntityOfPage":{"@id":"https:\/\/zkkplamenpozega.hr\/?p=3213"},"wordCount":313,"commentCount":0,"publisher":{"@id":"https:\/\/zkkplamenpozega.hr\/#organization"},"image":{"@id":"https:\/\/zkkplamenpozega.hr\/?p=3213#primaryimage"},"thumbnailUrl":"https:\/\/zkkplamenpozega.hr\/wp-content\/uploads\/2023\/10\/Untitled-design-2.jpg","keywords":["WABA"],"articleSection":["Novosti"],"inLanguage":"hr","potentialAction":[{"@type":"CommentAction","name":"Comment","target":["https:\/\/zkkplamenpozega.hr\/?p=3213#respond"]}]},{"@type":"WebPage","@id":"https:\/\/zkkplamenpozega.hr\/?p=3213","url":"https:\/\/zkkplamenpozega.hr\/?p=3213","name":"Nevena Vu\u010dkovi\u0107 pred gostovanje u Beogradu: \"Nadam se da \u0107emo pru\u017eiti maksimum i izvu\u0107i najbolje za nas\" - \u017dKK Plamen Po\u017eega","isPartOf":{"@id":"https:\/\/zkkplamenpozega.hr\/#website"},"primaryImageOfPage":{"@id":"https:\/\/zkkplamenpozega.hr\/?p=3213#primaryimage"},"image":{"@id":"https:\/\/zkkplamenpozega.hr\/?p=3213#primaryimage"},"thumbnailUrl":"https:\/\/zkkplamenpozega.hr\/wp-content\/uploads\/2023\/10\/Untitled-design-2.jpg","datePublished":"2023-10-10T18:42:49+00:00","dateModified":"2023-10-10T18:44:20+00:00","breadcrumb":{"@id":"https:\/\/zkkplamenpozega.hr\/?p=3213#breadcrumb"},"inLanguage":"hr","potentialAction":[{"@type":"ReadAction","target":["https:\/\/zkkplamenpozega.hr\/?p=3213"]}]},{"@type":"ImageObject","inLanguage":"hr","@id":"https:\/\/zkkplamenpozega.hr\/?p=3213#primaryimage","url":"https:\/\/zkkplamenpozega.hr\/wp-content\/uploads\/2023\/10\/Untitled-design-2.jpg","contentUrl":"https:\/\/zkkplamenpozega.hr\/wp-content\/uploads\/2023\/10\/Untitled-design-2.jpg","width":900,"height":600},{"@type":"BreadcrumbList","@id":"https:\/\/zkkplamenpozega.hr\/?p=3213#breadcrumb","itemListElement":[{"@type":"ListItem","position":1,"name":"Po\u010detna stranica","item":"https:\/\/zkkplamenpozega.hr\/"},{"@type":"ListItem","position":2,"name":"Nevena Vu\u010dkovi\u0107 pred gostovanje u Beogradu: &#8220;Nadam se da \u0107emo pru\u017eiti maksimum i izvu\u0107i najbolje za nas&#8221;"}]},{"@type":"WebSite","@id":"https:\/\/zkkplamenpozega.hr\/#website","url":"https:\/\/zkkplamenpozega.hr\/","name":"\u017dKK Plamen Po\u017eega","description":"Plamene su najbolje","publisher":{"@id":"https:\/\/zkkplamenpozega.hr\/#organization"},"potentialAction":[{"@type":"SearchAction","target":{"@type":"EntryPoint","urlTemplate":"https:\/\/zkkplamenpozega.hr\/?s={search_term_string}"},"query-input":{"@type":"PropertyValueSpecification","valueRequired":true,"valueName":"search_term_string"}}],"inLanguage":"hr"},{"@type":"Organization","@id":"https:\/\/zkkplamenpozega.hr\/#organization","name":"\u017denski ko\u0161arka\u0161ki klub Plamen Po\u017eega","url":"https:\/\/zkkplamenpozega.hr\/","logo":{"@type":"ImageObject","inLanguage":"hr","@id":"https:\/\/zkkplamenpozega.hr\/#\/schema\/logo\/image\/","url":"https:\/\/zkkplamenpozega.hr\/wp-content\/uploads\/2020\/10\/logo-zkkpozega-e1602941511846.png","contentUrl":"https:\/\/zkkplamenpozega.hr\/wp-content\/uploads\/2020\/10\/logo-zkkpozega-e1602941511846.png","width":400,"height":236,"caption":"\u017denski ko\u0161arka\u0161ki klub Plamen Po\u017eega"},"image":{"@id":"https:\/\/zkkplamenpozega.hr\/#\/schema\/logo\/image\/"},"sameAs":["https:\/\/www.facebook.com\/zkkplamenpozega\/","https:\/\/www.instagram.com\/zkkplamenpozega\/?hl=hr"]},{"@type":"Person","@id":"https:\/\/zkkplamenpozega.hr\/#\/schema\/person\/999dc4799645b6c20c9b48358878f978","name":"PozEGAaKKzKZ","image":{"@type":"ImageObject","inLanguage":"hr","@id":"https:\/\/secure.gravatar.com\/avatar\/4c80c2b40e3f6c79c2f22cda392ad859abc361d727f969775f475825d3b21ca5?s=96&d=mm&r=g","url":"https:\/\/secure.gravatar.com\/avatar\/4c80c2b40e3f6c79c2f22cda392ad859abc361d727f969775f475825d3b21ca5?s=96&d=mm&r=g","contentUrl":"https:\/\/secure.gravatar.com\/avatar\/4c80c2b40e3f6c79c2f22cda392ad859abc361d727f969775f475825d3b21ca5?s=96&d=mm&r=g","caption":"PozEGAaKKzKZ"},"sameAs":["https:\/\/zkkplamenpozega.hr"]}]}},"_links":{"self":[{"href":"https:\/\/zkkplamenpozega.hr\/index.php?rest_route=\/wp\/v2\/posts\/3213","targetHints":{"allow":["GET"]}}],"collection":[{"href":"https:\/\/zkkplamenpozega.hr\/index.php?rest_route=\/wp\/v2\/posts"}],"about":[{"href":"https:\/\/zkkplamenpozega.hr\/index.php?rest_route=\/wp\/v2\/types\/post"}],"author":[{"embeddable":true,"href":"https:\/\/zkkplamenpozega.hr\/index.php?rest_route=\/wp\/v2\/users\/1"}],"replies":[{"embeddable":true,"href":"https:\/\/zkkplamenpozega.hr\/index.php?rest_route=%2Fwp%2Fv2%2Fcomments&post=3213"}],"version-history":[{"count":0,"href":"https:\/\/zkkplamenpozega.hr\/index.php?rest_route=\/wp\/v2\/posts\/3213\/revisions"}],"wp:featuredmedia":[{"embeddable":true,"href":"https:\/\/zkkplamenpozega.hr\/index.php?rest_route=\/wp\/v2\/media\/3214"}],"wp:attachment":[{"href":"https:\/\/zkkplamenpozega.hr\/index.php?rest_route=%2Fwp%2Fv2%2Fmedia&parent=3213"}],"wp:term":[{"taxonomy":"category","embeddable":true,"href":"https:\/\/zkkplamenpozega.hr\/index.php?rest_route=%2Fwp%2Fv2%2Fcategories&post=3213"},{"taxonomy":"post_tag","embeddable":true,"href":"https:\/\/zkkplamenpozega.hr\/index.php?rest_route=%2Fwp%2Fv2%2Ftags&post=3213"}],"curies":[{"name":"wp","href":"https:\/\/api.w.org\/{rel}","templated":true}]}}