{"id":3142,"date":"2023-09-29T15:40:14","date_gmt":"2023-09-29T15:40:14","guid":{"rendered":"https:\/\/zkkplamenpozega.hr\/?p=3142"},"modified":"2023-09-29T16:23:08","modified_gmt":"2023-09-29T16:23:08","slug":"plamene-protiv-tresnjevke-otvaraju-novu-sezonu-premijer-lige","status":"publish","type":"post","link":"https:\/\/zkkplamenpozega.hr\/?p=3142","title":{"rendered":"Plamene protiv Tre\u0161njevke otvaraju novu sezonu Premijer lige"},"content":{"rendered":"<p>Ovog vikenda po\u010dinje nova sezona Premijer \u017eenske ko\u0161arka\u0161ke lige Hrvatske. U prvom kolu na\u0161 \u0107e tim na doma\u0107em parketu, u SD &#8220;Tomislav Pirc&#8221; do\u010dekati\u00a0 ekipu Tre\u0161njevke. Susret je na rasporedu u nedjelju (1. listopada) od 16.00 sati.<\/p>\n<p>Kroz pripremno razdoblje odigrane su \u010detiri prijateljske i jedna slu\u017ebena utakmica u kojima su\u00a0 upisane dvije pobjede i tri poraza. Na osmom izdanju <strong>Memorijalnog turnira &#8220;Aco, Prle i Milenko&#8221;<\/strong> u Banjoj Luci, Plamene su osvojili tre\u0107e mjesto. Nakon \u0161to su u polufinalu pora\u017eene od <strong>Duge<\/strong> iz \u0160apca, u dvoboju za tre\u0107e mjesto svladan je banjalu\u010dki <strong>Mladi Kraji\u0161nik<\/strong>. Nakon toga uslijedila je i prva slu\u017ebena utakmica u okviru WABA regionalne lige, u kojoj je Plamen Po\u017eega pora\u017eena od austrijskog viceprvaka <strong>UBI Holding Graz<\/strong>.<\/p>\n<p>Kao zavr\u0161na faza\u00a0 priprema za novu sezonu poslu\u017eilo nam je 27. izdanje<strong> Me\u0111unarodnog turnira &#8220;Zlatna dolina&#8221;<\/strong>, na kojem je na\u0161 tim ostvario pobjedu u polufinalu protiv <strong>Jedinstva<\/strong> iz Tuzle, da bi u finalu bolji bili banjalu\u010dki<strong> Orlovi<\/strong>, koji su tako i osvojili naslov pobjednika ovogodi\u0161njeg izdanja turnira.<\/p>\n<p><img loading=\"lazy\" decoding=\"async\" class=\"aligncenter wp-image-3150 size-large\" src=\"https:\/\/zkkplamenpozega.hr\/wp-content\/uploads\/2023\/09\/u-tekst-1024x768.jpg\" alt=\"\" width=\"1024\" height=\"768\" srcset=\"https:\/\/zkkplamenpozega.hr\/wp-content\/uploads\/2023\/09\/u-tekst-1024x768.jpg 1024w, https:\/\/zkkplamenpozega.hr\/wp-content\/uploads\/2023\/09\/u-tekst-300x225.jpg 300w, https:\/\/zkkplamenpozega.hr\/wp-content\/uploads\/2023\/09\/u-tekst-768x576.jpg 768w, https:\/\/zkkplamenpozega.hr\/wp-content\/uploads\/2023\/09\/u-tekst-1536x1152.jpg 1536w, https:\/\/zkkplamenpozega.hr\/wp-content\/uploads\/2023\/09\/u-tekst-600x450.jpg 600w, https:\/\/zkkplamenpozega.hr\/wp-content\/uploads\/2023\/09\/u-tekst.jpg 1600w\" sizes=\"auto, (max-width: 1024px) 100vw, 1024px\" \/><\/p>\n<p>U odnosu na pro\u0161lu sezonu ekipu su napustile <strong>Louange Nsimba<\/strong>, <strong>Kristina Mari\u010devi\u0107<\/strong>, <strong>Mariia Driemkova<\/strong>, <strong>Lashonda Monk<\/strong>, <strong>De&#8217;Ja Marshall<\/strong> i <strong>Sabreen Muslim<\/strong>. Ipak okosnica tima ostala je na okupu, a njoj su pridodana i neka nova zna\u010dajna poja\u010danja.<\/p>\n<p>Nove \u010dlanice na\u0161eg tima u ovoj sezoni tako \u0107e biti: <strong>Lea Mileti\u0107<\/strong>, <strong>Nevena Vu\u010dkovi\u0107<\/strong>, <strong>Kira Lowery<\/strong> i <strong>Aleksandra Vlaisavljevi\u0107<\/strong>.<\/p>\n<p>Unato\u010d zna\u010dajnim kadrovskim izmjenama i promjenjivim rezultatima kroz pripremni period, u klubu vlada dobra atomosfera i uvjerenje u visoka dostignu\u0107a u novoj sezoni.<\/p>\n<p>&#8220;<strong>Iza nas su naporne pripreme kroz koje smo napravili sve \u0161to je u na\u0161oj mo\u0107i da spremni do\u010dekamo po\u010detak novog prvenstva. Ipak s obzirom na odre\u0111ene izostanke kroz pripremni period nikako nismo uspjeli dobiti odgovore na pitanje koliki smo napredak postigli u odnosu na pro\u0161lu sezonu. Utakmica prvog kola nove sezone bit \u0107e ujedno i prva u kojoj \u0107emo nastupiti u punom sastavu. \u017ddrijeb nam je\u00a0 odmah donio zahtjevnog protivnika Tre\u0161njevku. Radi se o izrazito mladoj, potentnoj te trka\u010dki i fizi\u010dki mo\u0107noj ekipi, pa \u0107e utakmica s njima, odmah na startu biti pravi test za nas.\u00a0<\/strong><\/p>\n<p><strong>S obzirom na na\u0161e ambicije koje su i ove sezone vrlo visoke i \u017eelju da se borimo za oba doma\u0107a trofeja, ovaj susret shva\u0107amo vrlo ozbiljno. Svjesni smo da \u0107emo od prve do zadnje minute morati biti maksimalno fokusirani \u017eelimo li ostvariti na\u0161 cilj u ovom susretu &#8211; pobjedu! S nestrpljenjem o\u010dekujemo start nove sezone i veselimo se izazovima koji su pred nama&#8221;.,<\/strong>izjavila je u najavi susreta Jelena Ivezi\u0107.<\/p>\n<p>Za kraj imala je kapetanica i poruku za sve navija\u010de:<\/p>\n<p>&#8220;<strong>Tako\u0111er ovim putem \u017eelim pozvati sve ljude, gra\u0111ane Grada Po\u017eege, da kroz ovu sezonu u \u0161to ve\u0107em broju ispune dvoranu na doma\u0107im susretima, kako bi no\u0161ene njihovom podr\u0161kom lak\u0161e ostvarili na\u0161e zajedni\u010dke ciljeve i \u017eelje.<\/strong>&#8220;,zaklju\u010dila je Ivezi\u0107<\/p>\n<p>Utakmica je na rasporedu u nedjelju, 1. listopada, u SD &#8220;Tomislav Pirc&#8221; od 16:00 sati te pozivamo sve navija\u010de da do\u0111u podr\u017eati na\u0161e ko\u0161arka\u0161ice na ulasku u novu sezonu &#8211; ulaz u dvoranu je besplatan. Oni koji nisu u mogu\u0107nosti u\u017eivo podr\u017eati &#8220;Plamene&#8221;, prijenos mogu pratiti putem platforme <a href=\"https:\/\/www.youtube.com\/watch?v=K4gFvktFPvo&amp;ab_channel=HKSTV\">HKS TV<\/a>.<\/p>\n","protected":false},"excerpt":{"rendered":"<p>Ovog vikenda po\u010dinje nova sezona Premijer \u017eenske ko\u0161arka\u0161ke lige Hrvatske. U prvom kolu na\u0161 \u0107e tim na doma\u0107em parketu, u SD &#8220;Tomislav Pirc&#8221; do\u010dekati\u00a0 ekipu Tre\u0161njevke. Susret je na rasporedu u nedjelju (1. listopada) od 16.00 sati. Kroz pripremno razdoblje odigrane su \u010detiri prijateljske i jedna slu\u017ebena utakmica u kojima su\u00a0 upisane dvije pobjede i&#8230;<\/p>\n","protected":false},"author":1,"featured_media":3118,"comment_status":"open","ping_status":"open","sticky":false,"template":"","format":"standard","meta":{"_acf_changed":false,"footnotes":""},"categories":[120],"tags":[136],"class_list":["post-3142","post","type-post","status-publish","format-standard","has-post-thumbnail","hentry","category-novosti","tag-premijer-liga-z"],"acf":[],"yoast_head":"<!-- This site is optimized with the Yoast SEO plugin v27.4 - https:\/\/yoast.com\/product\/yoast-seo-wordpress\/ -->\n<title>Plamene protiv Tre\u0161njevke otvaraju novu sezonu Premijer lige - \u017dKK Plamen Po\u017eega<\/title>\n<meta name=\"robots\" content=\"index, follow, max-snippet:-1, max-image-preview:large, max-video-preview:-1\" \/>\n<link rel=\"canonical\" href=\"https:\/\/zkkplamenpozega.hr\/?p=3142\" \/>\n<meta property=\"og:locale\" content=\"hr_HR\" \/>\n<meta property=\"og:type\" content=\"article\" \/>\n<meta property=\"og:title\" content=\"Plamene protiv Tre\u0161njevke otvaraju novu sezonu Premijer lige - \u017dKK Plamen Po\u017eega\" \/>\n<meta property=\"og:description\" content=\"Ovog vikenda po\u010dinje nova sezona Premijer \u017eenske ko\u0161arka\u0161ke lige Hrvatske. U prvom kolu na\u0161 \u0107e tim na doma\u0107em parketu, u SD &#8220;Tomislav Pirc&#8221; do\u010dekati\u00a0 ekipu Tre\u0161njevke. Susret je na rasporedu u nedjelju (1. listopada) od 16.00 sati. Kroz pripremno razdoblje odigrane su \u010detiri prijateljske i jedna slu\u017ebena utakmica u kojima su\u00a0 upisane dvije pobjede i...\" \/>\n<meta property=\"og:url\" content=\"https:\/\/zkkplamenpozega.hr\/?p=3142\" \/>\n<meta property=\"og:site_name\" content=\"\u017dKK Plamen Po\u017eega\" \/>\n<meta property=\"article:publisher\" content=\"https:\/\/www.facebook.com\/zkkplamenpozega\/\" \/>\n<meta property=\"article:published_time\" content=\"2023-09-29T15:40:14+00:00\" \/>\n<meta property=\"article:modified_time\" content=\"2023-09-29T16:23:08+00:00\" \/>\n<meta property=\"og:image\" content=\"https:\/\/zkkplamenpozega.hr\/wp-content\/uploads\/2023\/09\/Untitled-design-7.jpg\" \/>\n\t<meta property=\"og:image:width\" content=\"900\" \/>\n\t<meta property=\"og:image:height\" content=\"600\" \/>\n\t<meta property=\"og:image:type\" content=\"image\/jpeg\" \/>\n<meta name=\"author\" content=\"PozEGAaKKzKZ\" \/>\n<meta name=\"twitter:card\" content=\"summary_large_image\" \/>\n<meta name=\"twitter:label1\" content=\"Napisao\/la\" \/>\n\t<meta name=\"twitter:data1\" content=\"PozEGAaKKzKZ\" \/>\n\t<meta name=\"twitter:label2\" content=\"Procijenjeno vrijeme \u010ditanja\" \/>\n\t<meta name=\"twitter:data2\" content=\"3 minute\" \/>\n<script type=\"application\/ld+json\" class=\"yoast-schema-graph\">{\"@context\":\"https:\\\/\\\/schema.org\",\"@graph\":[{\"@type\":\"Article\",\"@id\":\"https:\\\/\\\/zkkplamenpozega.hr\\\/?p=3142#article\",\"isPartOf\":{\"@id\":\"https:\\\/\\\/zkkplamenpozega.hr\\\/?p=3142\"},\"author\":{\"name\":\"PozEGAaKKzKZ\",\"@id\":\"https:\\\/\\\/zkkplamenpozega.hr\\\/#\\\/schema\\\/person\\\/999dc4799645b6c20c9b48358878f978\"},\"headline\":\"Plamene protiv Tre\u0161njevke otvaraju novu sezonu Premijer lige\",\"datePublished\":\"2023-09-29T15:40:14+00:00\",\"dateModified\":\"2023-09-29T16:23:08+00:00\",\"mainEntityOfPage\":{\"@id\":\"https:\\\/\\\/zkkplamenpozega.hr\\\/?p=3142\"},\"wordCount\":577,\"commentCount\":0,\"publisher\":{\"@id\":\"https:\\\/\\\/zkkplamenpozega.hr\\\/#organization\"},\"image\":{\"@id\":\"https:\\\/\\\/zkkplamenpozega.hr\\\/?p=3142#primaryimage\"},\"thumbnailUrl\":\"https:\\\/\\\/zkkplamenpozega.hr\\\/wp-content\\\/uploads\\\/2023\\\/09\\\/Untitled-design-7.jpg\",\"keywords\":[\"Premijer liga (\u017e)\"],\"articleSection\":[\"Novosti\"],\"inLanguage\":\"hr\",\"potentialAction\":[{\"@type\":\"CommentAction\",\"name\":\"Comment\",\"target\":[\"https:\\\/\\\/zkkplamenpozega.hr\\\/?p=3142#respond\"]}]},{\"@type\":\"WebPage\",\"@id\":\"https:\\\/\\\/zkkplamenpozega.hr\\\/?p=3142\",\"url\":\"https:\\\/\\\/zkkplamenpozega.hr\\\/?p=3142\",\"name\":\"Plamene protiv Tre\u0161njevke otvaraju novu sezonu Premijer lige - \u017dKK Plamen Po\u017eega\",\"isPartOf\":{\"@id\":\"https:\\\/\\\/zkkplamenpozega.hr\\\/#website\"},\"primaryImageOfPage\":{\"@id\":\"https:\\\/\\\/zkkplamenpozega.hr\\\/?p=3142#primaryimage\"},\"image\":{\"@id\":\"https:\\\/\\\/zkkplamenpozega.hr\\\/?p=3142#primaryimage\"},\"thumbnailUrl\":\"https:\\\/\\\/zkkplamenpozega.hr\\\/wp-content\\\/uploads\\\/2023\\\/09\\\/Untitled-design-7.jpg\",\"datePublished\":\"2023-09-29T15:40:14+00:00\",\"dateModified\":\"2023-09-29T16:23:08+00:00\",\"breadcrumb\":{\"@id\":\"https:\\\/\\\/zkkplamenpozega.hr\\\/?p=3142#breadcrumb\"},\"inLanguage\":\"hr\",\"potentialAction\":[{\"@type\":\"ReadAction\",\"target\":[\"https:\\\/\\\/zkkplamenpozega.hr\\\/?p=3142\"]}]},{\"@type\":\"ImageObject\",\"inLanguage\":\"hr\",\"@id\":\"https:\\\/\\\/zkkplamenpozega.hr\\\/?p=3142#primaryimage\",\"url\":\"https:\\\/\\\/zkkplamenpozega.hr\\\/wp-content\\\/uploads\\\/2023\\\/09\\\/Untitled-design-7.jpg\",\"contentUrl\":\"https:\\\/\\\/zkkplamenpozega.hr\\\/wp-content\\\/uploads\\\/2023\\\/09\\\/Untitled-design-7.jpg\",\"width\":900,\"height\":600},{\"@type\":\"BreadcrumbList\",\"@id\":\"https:\\\/\\\/zkkplamenpozega.hr\\\/?p=3142#breadcrumb\",\"itemListElement\":[{\"@type\":\"ListItem\",\"position\":1,\"name\":\"Po\u010detna stranica\",\"item\":\"https:\\\/\\\/zkkplamenpozega.hr\\\/\"},{\"@type\":\"ListItem\",\"position\":2,\"name\":\"Plamene protiv Tre\u0161njevke otvaraju novu sezonu Premijer lige\"}]},{\"@type\":\"WebSite\",\"@id\":\"https:\\\/\\\/zkkplamenpozega.hr\\\/#website\",\"url\":\"https:\\\/\\\/zkkplamenpozega.hr\\\/\",\"name\":\"\u017dKK Plamen Po\u017eega\",\"description\":\"Plamene su najbolje\",\"publisher\":{\"@id\":\"https:\\\/\\\/zkkplamenpozega.hr\\\/#organization\"},\"potentialAction\":[{\"@type\":\"SearchAction\",\"target\":{\"@type\":\"EntryPoint\",\"urlTemplate\":\"https:\\\/\\\/zkkplamenpozega.hr\\\/?s={search_term_string}\"},\"query-input\":{\"@type\":\"PropertyValueSpecification\",\"valueRequired\":true,\"valueName\":\"search_term_string\"}}],\"inLanguage\":\"hr\"},{\"@type\":\"Organization\",\"@id\":\"https:\\\/\\\/zkkplamenpozega.hr\\\/#organization\",\"name\":\"\u017denski ko\u0161arka\u0161ki klub Plamen Po\u017eega\",\"url\":\"https:\\\/\\\/zkkplamenpozega.hr\\\/\",\"logo\":{\"@type\":\"ImageObject\",\"inLanguage\":\"hr\",\"@id\":\"https:\\\/\\\/zkkplamenpozega.hr\\\/#\\\/schema\\\/logo\\\/image\\\/\",\"url\":\"https:\\\/\\\/zkkplamenpozega.hr\\\/wp-content\\\/uploads\\\/2020\\\/10\\\/logo-zkkpozega-e1602941511846.png\",\"contentUrl\":\"https:\\\/\\\/zkkplamenpozega.hr\\\/wp-content\\\/uploads\\\/2020\\\/10\\\/logo-zkkpozega-e1602941511846.png\",\"width\":400,\"height\":236,\"caption\":\"\u017denski ko\u0161arka\u0161ki klub Plamen Po\u017eega\"},\"image\":{\"@id\":\"https:\\\/\\\/zkkplamenpozega.hr\\\/#\\\/schema\\\/logo\\\/image\\\/\"},\"sameAs\":[\"https:\\\/\\\/www.facebook.com\\\/zkkplamenpozega\\\/\",\"https:\\\/\\\/www.instagram.com\\\/zkkplamenpozega\\\/?hl=hr\"]},{\"@type\":\"Person\",\"@id\":\"https:\\\/\\\/zkkplamenpozega.hr\\\/#\\\/schema\\\/person\\\/999dc4799645b6c20c9b48358878f978\",\"name\":\"PozEGAaKKzKZ\",\"image\":{\"@type\":\"ImageObject\",\"inLanguage\":\"hr\",\"@id\":\"https:\\\/\\\/secure.gravatar.com\\\/avatar\\\/4c80c2b40e3f6c79c2f22cda392ad859abc361d727f969775f475825d3b21ca5?s=96&d=mm&r=g\",\"url\":\"https:\\\/\\\/secure.gravatar.com\\\/avatar\\\/4c80c2b40e3f6c79c2f22cda392ad859abc361d727f969775f475825d3b21ca5?s=96&d=mm&r=g\",\"contentUrl\":\"https:\\\/\\\/secure.gravatar.com\\\/avatar\\\/4c80c2b40e3f6c79c2f22cda392ad859abc361d727f969775f475825d3b21ca5?s=96&d=mm&r=g\",\"caption\":\"PozEGAaKKzKZ\"},\"sameAs\":[\"https:\\\/\\\/zkkplamenpozega.hr\"]}]}<\/script>\n<!-- \/ Yoast SEO plugin. -->","yoast_head_json":{"title":"Plamene protiv Tre\u0161njevke otvaraju novu sezonu Premijer lige - \u017dKK Plamen Po\u017eega","robots":{"index":"index","follow":"follow","max-snippet":"max-snippet:-1","max-image-preview":"max-image-preview:large","max-video-preview":"max-video-preview:-1"},"canonical":"https:\/\/zkkplamenpozega.hr\/?p=3142","og_locale":"hr_HR","og_type":"article","og_title":"Plamene protiv Tre\u0161njevke otvaraju novu sezonu Premijer lige - \u017dKK Plamen Po\u017eega","og_description":"Ovog vikenda po\u010dinje nova sezona Premijer \u017eenske ko\u0161arka\u0161ke lige Hrvatske. U prvom kolu na\u0161 \u0107e tim na doma\u0107em parketu, u SD &#8220;Tomislav Pirc&#8221; do\u010dekati\u00a0 ekipu Tre\u0161njevke. Susret je na rasporedu u nedjelju (1. listopada) od 16.00 sati. Kroz pripremno razdoblje odigrane su \u010detiri prijateljske i jedna slu\u017ebena utakmica u kojima su\u00a0 upisane dvije pobjede i...","og_url":"https:\/\/zkkplamenpozega.hr\/?p=3142","og_site_name":"\u017dKK Plamen Po\u017eega","article_publisher":"https:\/\/www.facebook.com\/zkkplamenpozega\/","article_published_time":"2023-09-29T15:40:14+00:00","article_modified_time":"2023-09-29T16:23:08+00:00","og_image":[{"width":900,"height":600,"url":"https:\/\/zkkplamenpozega.hr\/wp-content\/uploads\/2023\/09\/Untitled-design-7.jpg","type":"image\/jpeg"}],"author":"PozEGAaKKzKZ","twitter_card":"summary_large_image","twitter_misc":{"Napisao\/la":"PozEGAaKKzKZ","Procijenjeno vrijeme \u010ditanja":"3 minute"},"schema":{"@context":"https:\/\/schema.org","@graph":[{"@type":"Article","@id":"https:\/\/zkkplamenpozega.hr\/?p=3142#article","isPartOf":{"@id":"https:\/\/zkkplamenpozega.hr\/?p=3142"},"author":{"name":"PozEGAaKKzKZ","@id":"https:\/\/zkkplamenpozega.hr\/#\/schema\/person\/999dc4799645b6c20c9b48358878f978"},"headline":"Plamene protiv Tre\u0161njevke otvaraju novu sezonu Premijer lige","datePublished":"2023-09-29T15:40:14+00:00","dateModified":"2023-09-29T16:23:08+00:00","mainEntityOfPage":{"@id":"https:\/\/zkkplamenpozega.hr\/?p=3142"},"wordCount":577,"commentCount":0,"publisher":{"@id":"https:\/\/zkkplamenpozega.hr\/#organization"},"image":{"@id":"https:\/\/zkkplamenpozega.hr\/?p=3142#primaryimage"},"thumbnailUrl":"https:\/\/zkkplamenpozega.hr\/wp-content\/uploads\/2023\/09\/Untitled-design-7.jpg","keywords":["Premijer liga (\u017e)"],"articleSection":["Novosti"],"inLanguage":"hr","potentialAction":[{"@type":"CommentAction","name":"Comment","target":["https:\/\/zkkplamenpozega.hr\/?p=3142#respond"]}]},{"@type":"WebPage","@id":"https:\/\/zkkplamenpozega.hr\/?p=3142","url":"https:\/\/zkkplamenpozega.hr\/?p=3142","name":"Plamene protiv Tre\u0161njevke otvaraju novu sezonu Premijer lige - \u017dKK Plamen Po\u017eega","isPartOf":{"@id":"https:\/\/zkkplamenpozega.hr\/#website"},"primaryImageOfPage":{"@id":"https:\/\/zkkplamenpozega.hr\/?p=3142#primaryimage"},"image":{"@id":"https:\/\/zkkplamenpozega.hr\/?p=3142#primaryimage"},"thumbnailUrl":"https:\/\/zkkplamenpozega.hr\/wp-content\/uploads\/2023\/09\/Untitled-design-7.jpg","datePublished":"2023-09-29T15:40:14+00:00","dateModified":"2023-09-29T16:23:08+00:00","breadcrumb":{"@id":"https:\/\/zkkplamenpozega.hr\/?p=3142#breadcrumb"},"inLanguage":"hr","potentialAction":[{"@type":"ReadAction","target":["https:\/\/zkkplamenpozega.hr\/?p=3142"]}]},{"@type":"ImageObject","inLanguage":"hr","@id":"https:\/\/zkkplamenpozega.hr\/?p=3142#primaryimage","url":"https:\/\/zkkplamenpozega.hr\/wp-content\/uploads\/2023\/09\/Untitled-design-7.jpg","contentUrl":"https:\/\/zkkplamenpozega.hr\/wp-content\/uploads\/2023\/09\/Untitled-design-7.jpg","width":900,"height":600},{"@type":"BreadcrumbList","@id":"https:\/\/zkkplamenpozega.hr\/?p=3142#breadcrumb","itemListElement":[{"@type":"ListItem","position":1,"name":"Po\u010detna stranica","item":"https:\/\/zkkplamenpozega.hr\/"},{"@type":"ListItem","position":2,"name":"Plamene protiv Tre\u0161njevke otvaraju novu sezonu Premijer lige"}]},{"@type":"WebSite","@id":"https:\/\/zkkplamenpozega.hr\/#website","url":"https:\/\/zkkplamenpozega.hr\/","name":"\u017dKK Plamen Po\u017eega","description":"Plamene su najbolje","publisher":{"@id":"https:\/\/zkkplamenpozega.hr\/#organization"},"potentialAction":[{"@type":"SearchAction","target":{"@type":"EntryPoint","urlTemplate":"https:\/\/zkkplamenpozega.hr\/?s={search_term_string}"},"query-input":{"@type":"PropertyValueSpecification","valueRequired":true,"valueName":"search_term_string"}}],"inLanguage":"hr"},{"@type":"Organization","@id":"https:\/\/zkkplamenpozega.hr\/#organization","name":"\u017denski ko\u0161arka\u0161ki klub Plamen Po\u017eega","url":"https:\/\/zkkplamenpozega.hr\/","logo":{"@type":"ImageObject","inLanguage":"hr","@id":"https:\/\/zkkplamenpozega.hr\/#\/schema\/logo\/image\/","url":"https:\/\/zkkplamenpozega.hr\/wp-content\/uploads\/2020\/10\/logo-zkkpozega-e1602941511846.png","contentUrl":"https:\/\/zkkplamenpozega.hr\/wp-content\/uploads\/2020\/10\/logo-zkkpozega-e1602941511846.png","width":400,"height":236,"caption":"\u017denski ko\u0161arka\u0161ki klub Plamen Po\u017eega"},"image":{"@id":"https:\/\/zkkplamenpozega.hr\/#\/schema\/logo\/image\/"},"sameAs":["https:\/\/www.facebook.com\/zkkplamenpozega\/","https:\/\/www.instagram.com\/zkkplamenpozega\/?hl=hr"]},{"@type":"Person","@id":"https:\/\/zkkplamenpozega.hr\/#\/schema\/person\/999dc4799645b6c20c9b48358878f978","name":"PozEGAaKKzKZ","image":{"@type":"ImageObject","inLanguage":"hr","@id":"https:\/\/secure.gravatar.com\/avatar\/4c80c2b40e3f6c79c2f22cda392ad859abc361d727f969775f475825d3b21ca5?s=96&d=mm&r=g","url":"https:\/\/secure.gravatar.com\/avatar\/4c80c2b40e3f6c79c2f22cda392ad859abc361d727f969775f475825d3b21ca5?s=96&d=mm&r=g","contentUrl":"https:\/\/secure.gravatar.com\/avatar\/4c80c2b40e3f6c79c2f22cda392ad859abc361d727f969775f475825d3b21ca5?s=96&d=mm&r=g","caption":"PozEGAaKKzKZ"},"sameAs":["https:\/\/zkkplamenpozega.hr"]}]}},"_links":{"self":[{"href":"https:\/\/zkkplamenpozega.hr\/index.php?rest_route=\/wp\/v2\/posts\/3142","targetHints":{"allow":["GET"]}}],"collection":[{"href":"https:\/\/zkkplamenpozega.hr\/index.php?rest_route=\/wp\/v2\/posts"}],"about":[{"href":"https:\/\/zkkplamenpozega.hr\/index.php?rest_route=\/wp\/v2\/types\/post"}],"author":[{"embeddable":true,"href":"https:\/\/zkkplamenpozega.hr\/index.php?rest_route=\/wp\/v2\/users\/1"}],"replies":[{"embeddable":true,"href":"https:\/\/zkkplamenpozega.hr\/index.php?rest_route=%2Fwp%2Fv2%2Fcomments&post=3142"}],"version-history":[{"count":0,"href":"https:\/\/zkkplamenpozega.hr\/index.php?rest_route=\/wp\/v2\/posts\/3142\/revisions"}],"wp:featuredmedia":[{"embeddable":true,"href":"https:\/\/zkkplamenpozega.hr\/index.php?rest_route=\/wp\/v2\/media\/3118"}],"wp:attachment":[{"href":"https:\/\/zkkplamenpozega.hr\/index.php?rest_route=%2Fwp%2Fv2%2Fmedia&parent=3142"}],"wp:term":[{"taxonomy":"category","embeddable":true,"href":"https:\/\/zkkplamenpozega.hr\/index.php?rest_route=%2Fwp%2Fv2%2Fcategories&post=3142"},{"taxonomy":"post_tag","embeddable":true,"href":"https:\/\/zkkplamenpozega.hr\/index.php?rest_route=%2Fwp%2Fv2%2Ftags&post=3142"}],"curies":[{"name":"wp","href":"https:\/\/api.w.org\/{rel}","templated":true}]}}