{"id":3092,"date":"2023-09-20T19:47:22","date_gmt":"2023-09-20T19:47:22","guid":{"rendered":"https:\/\/zkkplamenpozega.hr\/?p=3092"},"modified":"2023-09-21T00:24:39","modified_gmt":"2023-09-21T00:24:39","slug":"poraz-od-graza-na-startu-waba-lige","status":"publish","type":"post","link":"https:\/\/zkkplamenpozega.hr\/?p=3092","title":{"rendered":"Poraz od Graza na startu WABA lige"},"content":{"rendered":"<p>Ko\u0161arka\u0161ice Plamen Po\u017eege porazom su otvorile novu natjecateljsku sezonu. U Sportskoj dvorani &#8220;Tomislav Pirc&#8221; danas je u okviru unaprijed odigranog 3. kola WABA lige gostovao austrijski viceprvak <strong>UBI Holding Graz<\/strong>, koji je odnio pobjedu rezultatom 62:71.<\/p>\n<p>Bio je to \u010dvrst i izjedna\u010den dvoboj koji je mogao oti\u0107i na bilo koju stranu. Po\u010detkom zavr\u0161ne dionice imao je na\u0161 tim i osam poena prednosti (57:49), no\u00a0 go\u0161\u0107e se nisu predavale te su malo po malo smanjivale tu razliku. U 35. minuti stigle su i do poravnanja (59:59).<\/p>\n<p>U zavr\u0161nih nekoliko minuta do izra\u017eaja je do\u0161la bolja energija i koncentracija igra\u010dica austrijskog viceprvaka, koje su susret zaklju\u010dile novom velikom serijom od 12:3 u posljednjih pet minuta, i tako na koncu do\u0161le do zaslu\u017eene pobjede.<\/p>\n<p>UBI Holding Graz do pobjede su vodile <strong>Simone Sill<\/strong> s &#8220;double-double&#8221; u\u010dinkom od 19 poena i 14 skokova, te <strong>Eni Nizami\u0107<\/strong> koja je ubacila 17 poena uz devet skokova. U doma\u0107im redovima najefikasnija bila je <strong>Nevena Vu\u010dkovi\u0107<\/strong> koja je postigla 19 poena uz tri skoka i tri asistencije, <strong>Jelena Ivezi\u0107<\/strong> ubacila je 18 poena uz jedan skok i \u010detiri asistencije,\u00a0 <strong>Emilija Podrug<\/strong> 13 poena uz 12\u00a0 skokova i tri asistencije, dok je <strong>Kira Lowery<\/strong> ubacila 10 poena uz tri skoka i sedam asistencija.<\/p>\n<p>Presudnim za ovaj dvoboj pokazao se ne\u0161to bolji postotak realizacije gostuju\u0107eg tima i za dva i za tri poena osobito u zavr\u0161nim minutama susreta, kada su uspjele pogoditi neke va\u017ene \u0161uteve i tako preokrenuti zaostatak u svoju kona\u010dnu pobjedu.<\/p>\n<p>Evo \u0161to je o dana\u0161njem susretu rekla pomo\u0107na trenerica Milica Jankovi\u0107<\/p>\n<p><strong>&#8220;O\u010dekivali smo te\u0161ku utakmicu jer nam dolazi u toku priprema, obzirom da je ova utakmica mimo rasporeda. Ostaje \u017eal jer smo ipak imali dobre momente i prednost od osam razlike, dobar ritam..Neki faulovi su nas izbacili malo iz kolosijeka a onda su gos\u0107e to iskoristile..Opet su se neke gre\u0161ke pokazale,i radit \u0107emo na njima da doma\u0107e prvenstvo do\u010dekamo \u0161to spremniji&#8221;.<\/strong><\/p>\n<p><strong>\u00a0\u017dKK Plamen Po\u017eega &#8211; UBI Holding Graz 62:71 (21:20, 11:13, 23:14, 7:24)<\/strong><\/p>\n<p><a href=\"https:\/\/fibalivestats.dcd.shared.geniussports.com\/u\/WAB\/2290418\/bs.html\"><strong>STATISTIKA<\/strong><\/a><\/p>\n","protected":false},"excerpt":{"rendered":"<p>Ko\u0161arka\u0161ice Plamen Po\u017eege porazom su otvorile novu natjecateljsku sezonu. U Sportskoj dvorani &#8220;Tomislav Pirc&#8221; danas je u okviru unaprijed odigranog 3. kola WABA lige gostovao austrijski viceprvak UBI Holding Graz, koji je odnio pobjedu rezultatom 62:71. Bio je to \u010dvrst i izjedna\u010den dvoboj koji je mogao oti\u0107i na bilo koju stranu. Po\u010detkom zavr\u0161ne dionice imao&#8230;<\/p>\n","protected":false},"author":1,"featured_media":3093,"comment_status":"open","ping_status":"open","sticky":false,"template":"","format":"standard","meta":{"_acf_changed":false,"footnotes":""},"categories":[120],"tags":[127],"class_list":["post-3092","post","type-post","status-publish","format-standard","has-post-thumbnail","hentry","category-novosti","tag-waba"],"acf":[],"yoast_head":"<!-- This site is optimized with the Yoast SEO plugin v27.4 - https:\/\/yoast.com\/product\/yoast-seo-wordpress\/ -->\n<title>Poraz od Graza na startu WABA lige - \u017dKK Plamen Po\u017eega<\/title>\n<meta name=\"robots\" content=\"index, follow, max-snippet:-1, max-image-preview:large, max-video-preview:-1\" \/>\n<link rel=\"canonical\" href=\"https:\/\/zkkplamenpozega.hr\/?p=3092\" \/>\n<meta property=\"og:locale\" content=\"hr_HR\" \/>\n<meta property=\"og:type\" content=\"article\" \/>\n<meta property=\"og:title\" content=\"Poraz od Graza na startu WABA lige - \u017dKK Plamen Po\u017eega\" \/>\n<meta property=\"og:description\" content=\"Ko\u0161arka\u0161ice Plamen Po\u017eege porazom su otvorile novu natjecateljsku sezonu. U Sportskoj dvorani &#8220;Tomislav Pirc&#8221; danas je u okviru unaprijed odigranog 3. kola WABA lige gostovao austrijski viceprvak UBI Holding Graz, koji je odnio pobjedu rezultatom 62:71. Bio je to \u010dvrst i izjedna\u010den dvoboj koji je mogao oti\u0107i na bilo koju stranu. Po\u010detkom zavr\u0161ne dionice imao...\" \/>\n<meta property=\"og:url\" content=\"https:\/\/zkkplamenpozega.hr\/?p=3092\" \/>\n<meta property=\"og:site_name\" content=\"\u017dKK Plamen Po\u017eega\" \/>\n<meta property=\"article:publisher\" content=\"https:\/\/www.facebook.com\/zkkplamenpozega\/\" \/>\n<meta property=\"article:published_time\" content=\"2023-09-20T19:47:22+00:00\" \/>\n<meta property=\"article:modified_time\" content=\"2023-09-21T00:24:39+00:00\" \/>\n<meta property=\"og:image\" content=\"https:\/\/zkkplamenpozega.hr\/wp-content\/uploads\/2023\/09\/Untitled-design-4.jpg\" \/>\n\t<meta property=\"og:image:width\" content=\"900\" \/>\n\t<meta property=\"og:image:height\" content=\"600\" \/>\n\t<meta property=\"og:image:type\" content=\"image\/jpeg\" \/>\n<meta name=\"author\" content=\"PozEGAaKKzKZ\" \/>\n<meta name=\"twitter:card\" content=\"summary_large_image\" \/>\n<meta name=\"twitter:label1\" content=\"Napisao\/la\" \/>\n\t<meta name=\"twitter:data1\" content=\"PozEGAaKKzKZ\" \/>\n\t<meta name=\"twitter:label2\" content=\"Procijenjeno vrijeme \u010ditanja\" \/>\n\t<meta name=\"twitter:data2\" content=\"2 minute\" \/>\n<script type=\"application\/ld+json\" class=\"yoast-schema-graph\">{\"@context\":\"https:\\\/\\\/schema.org\",\"@graph\":[{\"@type\":\"Article\",\"@id\":\"https:\\\/\\\/zkkplamenpozega.hr\\\/?p=3092#article\",\"isPartOf\":{\"@id\":\"https:\\\/\\\/zkkplamenpozega.hr\\\/?p=3092\"},\"author\":{\"name\":\"PozEGAaKKzKZ\",\"@id\":\"https:\\\/\\\/zkkplamenpozega.hr\\\/#\\\/schema\\\/person\\\/999dc4799645b6c20c9b48358878f978\"},\"headline\":\"Poraz od Graza na startu WABA lige\",\"datePublished\":\"2023-09-20T19:47:22+00:00\",\"dateModified\":\"2023-09-21T00:24:39+00:00\",\"mainEntityOfPage\":{\"@id\":\"https:\\\/\\\/zkkplamenpozega.hr\\\/?p=3092\"},\"wordCount\":350,\"commentCount\":0,\"publisher\":{\"@id\":\"https:\\\/\\\/zkkplamenpozega.hr\\\/#organization\"},\"image\":{\"@id\":\"https:\\\/\\\/zkkplamenpozega.hr\\\/?p=3092#primaryimage\"},\"thumbnailUrl\":\"https:\\\/\\\/zkkplamenpozega.hr\\\/wp-content\\\/uploads\\\/2023\\\/09\\\/Untitled-design-4.jpg\",\"keywords\":[\"WABA\"],\"articleSection\":[\"Novosti\"],\"inLanguage\":\"hr\",\"potentialAction\":[{\"@type\":\"CommentAction\",\"name\":\"Comment\",\"target\":[\"https:\\\/\\\/zkkplamenpozega.hr\\\/?p=3092#respond\"]}]},{\"@type\":\"WebPage\",\"@id\":\"https:\\\/\\\/zkkplamenpozega.hr\\\/?p=3092\",\"url\":\"https:\\\/\\\/zkkplamenpozega.hr\\\/?p=3092\",\"name\":\"Poraz od Graza na startu WABA lige - \u017dKK Plamen Po\u017eega\",\"isPartOf\":{\"@id\":\"https:\\\/\\\/zkkplamenpozega.hr\\\/#website\"},\"primaryImageOfPage\":{\"@id\":\"https:\\\/\\\/zkkplamenpozega.hr\\\/?p=3092#primaryimage\"},\"image\":{\"@id\":\"https:\\\/\\\/zkkplamenpozega.hr\\\/?p=3092#primaryimage\"},\"thumbnailUrl\":\"https:\\\/\\\/zkkplamenpozega.hr\\\/wp-content\\\/uploads\\\/2023\\\/09\\\/Untitled-design-4.jpg\",\"datePublished\":\"2023-09-20T19:47:22+00:00\",\"dateModified\":\"2023-09-21T00:24:39+00:00\",\"breadcrumb\":{\"@id\":\"https:\\\/\\\/zkkplamenpozega.hr\\\/?p=3092#breadcrumb\"},\"inLanguage\":\"hr\",\"potentialAction\":[{\"@type\":\"ReadAction\",\"target\":[\"https:\\\/\\\/zkkplamenpozega.hr\\\/?p=3092\"]}]},{\"@type\":\"ImageObject\",\"inLanguage\":\"hr\",\"@id\":\"https:\\\/\\\/zkkplamenpozega.hr\\\/?p=3092#primaryimage\",\"url\":\"https:\\\/\\\/zkkplamenpozega.hr\\\/wp-content\\\/uploads\\\/2023\\\/09\\\/Untitled-design-4.jpg\",\"contentUrl\":\"https:\\\/\\\/zkkplamenpozega.hr\\\/wp-content\\\/uploads\\\/2023\\\/09\\\/Untitled-design-4.jpg\",\"width\":900,\"height\":600},{\"@type\":\"BreadcrumbList\",\"@id\":\"https:\\\/\\\/zkkplamenpozega.hr\\\/?p=3092#breadcrumb\",\"itemListElement\":[{\"@type\":\"ListItem\",\"position\":1,\"name\":\"Po\u010detna stranica\",\"item\":\"https:\\\/\\\/zkkplamenpozega.hr\\\/\"},{\"@type\":\"ListItem\",\"position\":2,\"name\":\"Poraz od Graza na startu WABA lige\"}]},{\"@type\":\"WebSite\",\"@id\":\"https:\\\/\\\/zkkplamenpozega.hr\\\/#website\",\"url\":\"https:\\\/\\\/zkkplamenpozega.hr\\\/\",\"name\":\"\u017dKK Plamen Po\u017eega\",\"description\":\"Plamene su najbolje\",\"publisher\":{\"@id\":\"https:\\\/\\\/zkkplamenpozega.hr\\\/#organization\"},\"potentialAction\":[{\"@type\":\"SearchAction\",\"target\":{\"@type\":\"EntryPoint\",\"urlTemplate\":\"https:\\\/\\\/zkkplamenpozega.hr\\\/?s={search_term_string}\"},\"query-input\":{\"@type\":\"PropertyValueSpecification\",\"valueRequired\":true,\"valueName\":\"search_term_string\"}}],\"inLanguage\":\"hr\"},{\"@type\":\"Organization\",\"@id\":\"https:\\\/\\\/zkkplamenpozega.hr\\\/#organization\",\"name\":\"\u017denski ko\u0161arka\u0161ki klub Plamen Po\u017eega\",\"url\":\"https:\\\/\\\/zkkplamenpozega.hr\\\/\",\"logo\":{\"@type\":\"ImageObject\",\"inLanguage\":\"hr\",\"@id\":\"https:\\\/\\\/zkkplamenpozega.hr\\\/#\\\/schema\\\/logo\\\/image\\\/\",\"url\":\"https:\\\/\\\/zkkplamenpozega.hr\\\/wp-content\\\/uploads\\\/2020\\\/10\\\/logo-zkkpozega-e1602941511846.png\",\"contentUrl\":\"https:\\\/\\\/zkkplamenpozega.hr\\\/wp-content\\\/uploads\\\/2020\\\/10\\\/logo-zkkpozega-e1602941511846.png\",\"width\":400,\"height\":236,\"caption\":\"\u017denski ko\u0161arka\u0161ki klub Plamen Po\u017eega\"},\"image\":{\"@id\":\"https:\\\/\\\/zkkplamenpozega.hr\\\/#\\\/schema\\\/logo\\\/image\\\/\"},\"sameAs\":[\"https:\\\/\\\/www.facebook.com\\\/zkkplamenpozega\\\/\",\"https:\\\/\\\/www.instagram.com\\\/zkkplamenpozega\\\/?hl=hr\"]},{\"@type\":\"Person\",\"@id\":\"https:\\\/\\\/zkkplamenpozega.hr\\\/#\\\/schema\\\/person\\\/999dc4799645b6c20c9b48358878f978\",\"name\":\"PozEGAaKKzKZ\",\"image\":{\"@type\":\"ImageObject\",\"inLanguage\":\"hr\",\"@id\":\"https:\\\/\\\/secure.gravatar.com\\\/avatar\\\/4c80c2b40e3f6c79c2f22cda392ad859abc361d727f969775f475825d3b21ca5?s=96&d=mm&r=g\",\"url\":\"https:\\\/\\\/secure.gravatar.com\\\/avatar\\\/4c80c2b40e3f6c79c2f22cda392ad859abc361d727f969775f475825d3b21ca5?s=96&d=mm&r=g\",\"contentUrl\":\"https:\\\/\\\/secure.gravatar.com\\\/avatar\\\/4c80c2b40e3f6c79c2f22cda392ad859abc361d727f969775f475825d3b21ca5?s=96&d=mm&r=g\",\"caption\":\"PozEGAaKKzKZ\"},\"sameAs\":[\"https:\\\/\\\/zkkplamenpozega.hr\"]}]}<\/script>\n<!-- \/ Yoast SEO plugin. -->","yoast_head_json":{"title":"Poraz od Graza na startu WABA lige - \u017dKK Plamen Po\u017eega","robots":{"index":"index","follow":"follow","max-snippet":"max-snippet:-1","max-image-preview":"max-image-preview:large","max-video-preview":"max-video-preview:-1"},"canonical":"https:\/\/zkkplamenpozega.hr\/?p=3092","og_locale":"hr_HR","og_type":"article","og_title":"Poraz od Graza na startu WABA lige - \u017dKK Plamen Po\u017eega","og_description":"Ko\u0161arka\u0161ice Plamen Po\u017eege porazom su otvorile novu natjecateljsku sezonu. U Sportskoj dvorani &#8220;Tomislav Pirc&#8221; danas je u okviru unaprijed odigranog 3. kola WABA lige gostovao austrijski viceprvak UBI Holding Graz, koji je odnio pobjedu rezultatom 62:71. Bio je to \u010dvrst i izjedna\u010den dvoboj koji je mogao oti\u0107i na bilo koju stranu. Po\u010detkom zavr\u0161ne dionice imao...","og_url":"https:\/\/zkkplamenpozega.hr\/?p=3092","og_site_name":"\u017dKK Plamen Po\u017eega","article_publisher":"https:\/\/www.facebook.com\/zkkplamenpozega\/","article_published_time":"2023-09-20T19:47:22+00:00","article_modified_time":"2023-09-21T00:24:39+00:00","og_image":[{"width":900,"height":600,"url":"https:\/\/zkkplamenpozega.hr\/wp-content\/uploads\/2023\/09\/Untitled-design-4.jpg","type":"image\/jpeg"}],"author":"PozEGAaKKzKZ","twitter_card":"summary_large_image","twitter_misc":{"Napisao\/la":"PozEGAaKKzKZ","Procijenjeno vrijeme \u010ditanja":"2 minute"},"schema":{"@context":"https:\/\/schema.org","@graph":[{"@type":"Article","@id":"https:\/\/zkkplamenpozega.hr\/?p=3092#article","isPartOf":{"@id":"https:\/\/zkkplamenpozega.hr\/?p=3092"},"author":{"name":"PozEGAaKKzKZ","@id":"https:\/\/zkkplamenpozega.hr\/#\/schema\/person\/999dc4799645b6c20c9b48358878f978"},"headline":"Poraz od Graza na startu WABA lige","datePublished":"2023-09-20T19:47:22+00:00","dateModified":"2023-09-21T00:24:39+00:00","mainEntityOfPage":{"@id":"https:\/\/zkkplamenpozega.hr\/?p=3092"},"wordCount":350,"commentCount":0,"publisher":{"@id":"https:\/\/zkkplamenpozega.hr\/#organization"},"image":{"@id":"https:\/\/zkkplamenpozega.hr\/?p=3092#primaryimage"},"thumbnailUrl":"https:\/\/zkkplamenpozega.hr\/wp-content\/uploads\/2023\/09\/Untitled-design-4.jpg","keywords":["WABA"],"articleSection":["Novosti"],"inLanguage":"hr","potentialAction":[{"@type":"CommentAction","name":"Comment","target":["https:\/\/zkkplamenpozega.hr\/?p=3092#respond"]}]},{"@type":"WebPage","@id":"https:\/\/zkkplamenpozega.hr\/?p=3092","url":"https:\/\/zkkplamenpozega.hr\/?p=3092","name":"Poraz od Graza na startu WABA lige - \u017dKK Plamen Po\u017eega","isPartOf":{"@id":"https:\/\/zkkplamenpozega.hr\/#website"},"primaryImageOfPage":{"@id":"https:\/\/zkkplamenpozega.hr\/?p=3092#primaryimage"},"image":{"@id":"https:\/\/zkkplamenpozega.hr\/?p=3092#primaryimage"},"thumbnailUrl":"https:\/\/zkkplamenpozega.hr\/wp-content\/uploads\/2023\/09\/Untitled-design-4.jpg","datePublished":"2023-09-20T19:47:22+00:00","dateModified":"2023-09-21T00:24:39+00:00","breadcrumb":{"@id":"https:\/\/zkkplamenpozega.hr\/?p=3092#breadcrumb"},"inLanguage":"hr","potentialAction":[{"@type":"ReadAction","target":["https:\/\/zkkplamenpozega.hr\/?p=3092"]}]},{"@type":"ImageObject","inLanguage":"hr","@id":"https:\/\/zkkplamenpozega.hr\/?p=3092#primaryimage","url":"https:\/\/zkkplamenpozega.hr\/wp-content\/uploads\/2023\/09\/Untitled-design-4.jpg","contentUrl":"https:\/\/zkkplamenpozega.hr\/wp-content\/uploads\/2023\/09\/Untitled-design-4.jpg","width":900,"height":600},{"@type":"BreadcrumbList","@id":"https:\/\/zkkplamenpozega.hr\/?p=3092#breadcrumb","itemListElement":[{"@type":"ListItem","position":1,"name":"Po\u010detna stranica","item":"https:\/\/zkkplamenpozega.hr\/"},{"@type":"ListItem","position":2,"name":"Poraz od Graza na startu WABA lige"}]},{"@type":"WebSite","@id":"https:\/\/zkkplamenpozega.hr\/#website","url":"https:\/\/zkkplamenpozega.hr\/","name":"\u017dKK Plamen Po\u017eega","description":"Plamene su najbolje","publisher":{"@id":"https:\/\/zkkplamenpozega.hr\/#organization"},"potentialAction":[{"@type":"SearchAction","target":{"@type":"EntryPoint","urlTemplate":"https:\/\/zkkplamenpozega.hr\/?s={search_term_string}"},"query-input":{"@type":"PropertyValueSpecification","valueRequired":true,"valueName":"search_term_string"}}],"inLanguage":"hr"},{"@type":"Organization","@id":"https:\/\/zkkplamenpozega.hr\/#organization","name":"\u017denski ko\u0161arka\u0161ki klub Plamen Po\u017eega","url":"https:\/\/zkkplamenpozega.hr\/","logo":{"@type":"ImageObject","inLanguage":"hr","@id":"https:\/\/zkkplamenpozega.hr\/#\/schema\/logo\/image\/","url":"https:\/\/zkkplamenpozega.hr\/wp-content\/uploads\/2020\/10\/logo-zkkpozega-e1602941511846.png","contentUrl":"https:\/\/zkkplamenpozega.hr\/wp-content\/uploads\/2020\/10\/logo-zkkpozega-e1602941511846.png","width":400,"height":236,"caption":"\u017denski ko\u0161arka\u0161ki klub Plamen Po\u017eega"},"image":{"@id":"https:\/\/zkkplamenpozega.hr\/#\/schema\/logo\/image\/"},"sameAs":["https:\/\/www.facebook.com\/zkkplamenpozega\/","https:\/\/www.instagram.com\/zkkplamenpozega\/?hl=hr"]},{"@type":"Person","@id":"https:\/\/zkkplamenpozega.hr\/#\/schema\/person\/999dc4799645b6c20c9b48358878f978","name":"PozEGAaKKzKZ","image":{"@type":"ImageObject","inLanguage":"hr","@id":"https:\/\/secure.gravatar.com\/avatar\/4c80c2b40e3f6c79c2f22cda392ad859abc361d727f969775f475825d3b21ca5?s=96&d=mm&r=g","url":"https:\/\/secure.gravatar.com\/avatar\/4c80c2b40e3f6c79c2f22cda392ad859abc361d727f969775f475825d3b21ca5?s=96&d=mm&r=g","contentUrl":"https:\/\/secure.gravatar.com\/avatar\/4c80c2b40e3f6c79c2f22cda392ad859abc361d727f969775f475825d3b21ca5?s=96&d=mm&r=g","caption":"PozEGAaKKzKZ"},"sameAs":["https:\/\/zkkplamenpozega.hr"]}]}},"_links":{"self":[{"href":"https:\/\/zkkplamenpozega.hr\/index.php?rest_route=\/wp\/v2\/posts\/3092","targetHints":{"allow":["GET"]}}],"collection":[{"href":"https:\/\/zkkplamenpozega.hr\/index.php?rest_route=\/wp\/v2\/posts"}],"about":[{"href":"https:\/\/zkkplamenpozega.hr\/index.php?rest_route=\/wp\/v2\/types\/post"}],"author":[{"embeddable":true,"href":"https:\/\/zkkplamenpozega.hr\/index.php?rest_route=\/wp\/v2\/users\/1"}],"replies":[{"embeddable":true,"href":"https:\/\/zkkplamenpozega.hr\/index.php?rest_route=%2Fwp%2Fv2%2Fcomments&post=3092"}],"version-history":[{"count":0,"href":"https:\/\/zkkplamenpozega.hr\/index.php?rest_route=\/wp\/v2\/posts\/3092\/revisions"}],"wp:featuredmedia":[{"embeddable":true,"href":"https:\/\/zkkplamenpozega.hr\/index.php?rest_route=\/wp\/v2\/media\/3093"}],"wp:attachment":[{"href":"https:\/\/zkkplamenpozega.hr\/index.php?rest_route=%2Fwp%2Fv2%2Fmedia&parent=3092"}],"wp:term":[{"taxonomy":"category","embeddable":true,"href":"https:\/\/zkkplamenpozega.hr\/index.php?rest_route=%2Fwp%2Fv2%2Fcategories&post=3092"},{"taxonomy":"post_tag","embeddable":true,"href":"https:\/\/zkkplamenpozega.hr\/index.php?rest_route=%2Fwp%2Fv2%2Ftags&post=3092"}],"curies":[{"name":"wp","href":"https:\/\/api.w.org\/{rel}","templated":true}]}}