{"id":3077,"date":"2023-09-19T14:44:18","date_gmt":"2023-09-19T14:44:18","guid":{"rendered":"https:\/\/zkkplamenpozega.hr\/?p=3077"},"modified":"2023-09-19T16:01:57","modified_gmt":"2023-09-19T16:01:57","slug":"plamene-protiv-graza-otvaraju-novu-sezonu-waba-lige","status":"publish","type":"post","link":"https:\/\/zkkplamenpozega.hr\/?p=3077","title":{"rendered":"Plamene protiv Graza otvaraju novu sezonu Waba lige"},"content":{"rendered":"<p>Ko\u0161arka\u0161ice Plamen Po\u017eege sutra (srijeda, 20. rujna) odigrat \u0107e svoju prvu natjecateljsku utakmicu u novoj sezoni. U Sportskoj dvorani &#8220;Tomislav Pirc&#8221; u Po\u017eegi gostovat \u0107e austrijski <strong>UBI Holding Graz<\/strong>.\u00a0Radi se o utakmici 3. kola WABA lige koja se trebala igrati 18. listopada, ali \u0107e se dogovorom klubova odigrati u ranijem terminu.<\/p>\n<p>UBI Holding Graz aktualni je viceprvak i pro\u0161losezonski finalist kupa Austrije, koji \u0107e po prvi puta u svojoj povijesti zaigrati u WABA regionalnoj ligi.<\/p>\n<p>Za ovaj austrijski tim nastupaju i dvije hrvatske ko\u0161arka\u0161ice <strong>Stela Galu\u0161i\u0107<\/strong> i <strong>Nika \u010ci\u0107<\/strong>, a pored njih tako\u0111er vrijedi istaknuti i\u00a0 reprezentativku Austrije\u00a0 <strong>Simone Sill<\/strong> te Grkinju<strong>\u00a0Dimitru Gkizani<\/strong>.<\/p>\n<p>Na drugoj strani ekipa Plamen Po\u017eege u novu sezonu ulazi uz zadr\u017eanu okosnicu tima koja je na okupu ve\u0107 du\u017ee vrijeme. Kapetanica<strong> Laura Ba\u0161i\u0107<\/strong> te dvije najiskusnije <strong>Emilija Podrug<\/strong> i <strong>Jelena Ivezi\u0107<\/strong> predvode tim i ove sezone. Uz njih tu je i nekoliko novih poja\u010danja me\u0111u kojima se posebno isti\u010du srpska ko\u0161arka\u0161ica<strong> Nevena Vu\u010dkovi\u0107<\/strong> koja je ve\u0107 kroz pripremni period pokazala da \u0107e biti zna\u010dajan dodatak ovom timu, kao i Amerikanka <strong>Kira Lowery<\/strong>.<\/p>\n<p>A evo \u0161to je o sutra\u0161njem dvoboju u najavi rekla pomo\u0107na trenerica Milica Jankovi\u0107:<\/p>\n<p><strong>&#8220;Sami je po\u010detak sezone i jo\u0161 smo u momentu tra\u017eenja forme, i uigravanja ekipe, obzirom da nismo kompletni..Ipak iza\u0161li smo u susret ekipi iz Austrije da se ova utakmica odigra ranije. Nadam se da \u0107e djevojke ispraviti neke stvari koje smo uo\u010dili kao problemati\u010dne u igri na turniru u Banjoj Luci, i da \u0107e odigrati jedan dobar duel, uz vjerujem povoljan rezultatski ishod za nas&#8221;. <\/strong><\/p>\n<p>&nbsp;<\/p>\n<p><strong>Susret je na rasporedu u 18:00 sati, a ulaz u dvoranu besplatan<\/strong>.<\/p>\n","protected":false},"excerpt":{"rendered":"<p>Ko\u0161arka\u0161ice Plamen Po\u017eege sutra (srijeda, 20. rujna) odigrat \u0107e svoju prvu natjecateljsku utakmicu u novoj sezoni. U Sportskoj dvorani &#8220;Tomislav Pirc&#8221; u Po\u017eegi gostovat \u0107e austrijski UBI Holding Graz.\u00a0Radi se o utakmici 3. kola WABA lige koja se trebala igrati 18. listopada, ali \u0107e se dogovorom klubova odigrati u ranijem terminu. UBI Holding Graz aktualni&#8230;<\/p>\n","protected":false},"author":1,"featured_media":3090,"comment_status":"open","ping_status":"open","sticky":false,"template":"","format":"standard","meta":{"_acf_changed":false,"footnotes":""},"categories":[120],"tags":[127],"class_list":["post-3077","post","type-post","status-publish","format-standard","has-post-thumbnail","hentry","category-novosti","tag-waba"],"acf":[],"yoast_head":"<!-- This site is optimized with the Yoast SEO plugin v27.4 - https:\/\/yoast.com\/product\/yoast-seo-wordpress\/ -->\n<title>Plamene protiv Graza otvaraju novu sezonu Waba lige - \u017dKK Plamen Po\u017eega<\/title>\n<meta name=\"robots\" content=\"index, follow, max-snippet:-1, max-image-preview:large, max-video-preview:-1\" \/>\n<link rel=\"canonical\" href=\"https:\/\/zkkplamenpozega.hr\/?p=3077\" \/>\n<meta property=\"og:locale\" content=\"hr_HR\" \/>\n<meta property=\"og:type\" content=\"article\" \/>\n<meta property=\"og:title\" content=\"Plamene protiv Graza otvaraju novu sezonu Waba lige - \u017dKK Plamen Po\u017eega\" \/>\n<meta property=\"og:description\" content=\"Ko\u0161arka\u0161ice Plamen Po\u017eege sutra (srijeda, 20. rujna) odigrat \u0107e svoju prvu natjecateljsku utakmicu u novoj sezoni. U Sportskoj dvorani &#8220;Tomislav Pirc&#8221; u Po\u017eegi gostovat \u0107e austrijski UBI Holding Graz.\u00a0Radi se o utakmici 3. kola WABA lige koja se trebala igrati 18. listopada, ali \u0107e se dogovorom klubova odigrati u ranijem terminu. UBI Holding Graz aktualni...\" \/>\n<meta property=\"og:url\" content=\"https:\/\/zkkplamenpozega.hr\/?p=3077\" \/>\n<meta property=\"og:site_name\" content=\"\u017dKK Plamen Po\u017eega\" \/>\n<meta property=\"article:publisher\" content=\"https:\/\/www.facebook.com\/zkkplamenpozega\/\" \/>\n<meta property=\"article:published_time\" content=\"2023-09-19T14:44:18+00:00\" \/>\n<meta property=\"article:modified_time\" content=\"2023-09-19T16:01:57+00:00\" \/>\n<meta property=\"og:image\" content=\"https:\/\/zkkplamenpozega.hr\/wp-content\/uploads\/2023\/09\/zkk-plamen-pozega-waba-2.jpg\" \/>\n\t<meta property=\"og:image:width\" content=\"1600\" \/>\n\t<meta property=\"og:image:height\" content=\"900\" \/>\n\t<meta property=\"og:image:type\" content=\"image\/jpeg\" \/>\n<meta name=\"author\" content=\"PozEGAaKKzKZ\" \/>\n<meta name=\"twitter:card\" content=\"summary_large_image\" \/>\n<meta name=\"twitter:image\" content=\"https:\/\/zkkplamenpozega.hr\/wp-content\/uploads\/2023\/09\/Untitled-design-2.jpg\" \/>\n<meta name=\"twitter:label1\" content=\"Napisao\/la\" \/>\n\t<meta name=\"twitter:data1\" content=\"PozEGAaKKzKZ\" \/>\n\t<meta name=\"twitter:label2\" content=\"Procijenjeno vrijeme \u010ditanja\" \/>\n\t<meta name=\"twitter:data2\" content=\"2 minute\" \/>\n<script type=\"application\/ld+json\" class=\"yoast-schema-graph\">{\"@context\":\"https:\\\/\\\/schema.org\",\"@graph\":[{\"@type\":\"Article\",\"@id\":\"https:\\\/\\\/zkkplamenpozega.hr\\\/?p=3077#article\",\"isPartOf\":{\"@id\":\"https:\\\/\\\/zkkplamenpozega.hr\\\/?p=3077\"},\"author\":{\"name\":\"PozEGAaKKzKZ\",\"@id\":\"https:\\\/\\\/zkkplamenpozega.hr\\\/#\\\/schema\\\/person\\\/999dc4799645b6c20c9b48358878f978\"},\"headline\":\"Plamene protiv Graza otvaraju novu sezonu Waba lige\",\"datePublished\":\"2023-09-19T14:44:18+00:00\",\"dateModified\":\"2023-09-19T16:01:57+00:00\",\"mainEntityOfPage\":{\"@id\":\"https:\\\/\\\/zkkplamenpozega.hr\\\/?p=3077\"},\"wordCount\":302,\"commentCount\":0,\"publisher\":{\"@id\":\"https:\\\/\\\/zkkplamenpozega.hr\\\/#organization\"},\"image\":{\"@id\":\"https:\\\/\\\/zkkplamenpozega.hr\\\/?p=3077#primaryimage\"},\"thumbnailUrl\":\"https:\\\/\\\/zkkplamenpozega.hr\\\/wp-content\\\/uploads\\\/2023\\\/09\\\/zkk-plamen-pozega-waba-1.jpg\",\"keywords\":[\"WABA\"],\"articleSection\":[\"Novosti\"],\"inLanguage\":\"hr\",\"potentialAction\":[{\"@type\":\"CommentAction\",\"name\":\"Comment\",\"target\":[\"https:\\\/\\\/zkkplamenpozega.hr\\\/?p=3077#respond\"]}]},{\"@type\":\"WebPage\",\"@id\":\"https:\\\/\\\/zkkplamenpozega.hr\\\/?p=3077\",\"url\":\"https:\\\/\\\/zkkplamenpozega.hr\\\/?p=3077\",\"name\":\"Plamene protiv Graza otvaraju novu sezonu Waba lige - \u017dKK Plamen Po\u017eega\",\"isPartOf\":{\"@id\":\"https:\\\/\\\/zkkplamenpozega.hr\\\/#website\"},\"primaryImageOfPage\":{\"@id\":\"https:\\\/\\\/zkkplamenpozega.hr\\\/?p=3077#primaryimage\"},\"image\":{\"@id\":\"https:\\\/\\\/zkkplamenpozega.hr\\\/?p=3077#primaryimage\"},\"thumbnailUrl\":\"https:\\\/\\\/zkkplamenpozega.hr\\\/wp-content\\\/uploads\\\/2023\\\/09\\\/zkk-plamen-pozega-waba-1.jpg\",\"datePublished\":\"2023-09-19T14:44:18+00:00\",\"dateModified\":\"2023-09-19T16:01:57+00:00\",\"breadcrumb\":{\"@id\":\"https:\\\/\\\/zkkplamenpozega.hr\\\/?p=3077#breadcrumb\"},\"inLanguage\":\"hr\",\"potentialAction\":[{\"@type\":\"ReadAction\",\"target\":[\"https:\\\/\\\/zkkplamenpozega.hr\\\/?p=3077\"]}]},{\"@type\":\"ImageObject\",\"inLanguage\":\"hr\",\"@id\":\"https:\\\/\\\/zkkplamenpozega.hr\\\/?p=3077#primaryimage\",\"url\":\"https:\\\/\\\/zkkplamenpozega.hr\\\/wp-content\\\/uploads\\\/2023\\\/09\\\/zkk-plamen-pozega-waba-1.jpg\",\"contentUrl\":\"https:\\\/\\\/zkkplamenpozega.hr\\\/wp-content\\\/uploads\\\/2023\\\/09\\\/zkk-plamen-pozega-waba-1.jpg\",\"width\":1600,\"height\":900},{\"@type\":\"BreadcrumbList\",\"@id\":\"https:\\\/\\\/zkkplamenpozega.hr\\\/?p=3077#breadcrumb\",\"itemListElement\":[{\"@type\":\"ListItem\",\"position\":1,\"name\":\"Po\u010detna stranica\",\"item\":\"https:\\\/\\\/zkkplamenpozega.hr\\\/\"},{\"@type\":\"ListItem\",\"position\":2,\"name\":\"Plamene protiv Graza otvaraju novu sezonu Waba lige\"}]},{\"@type\":\"WebSite\",\"@id\":\"https:\\\/\\\/zkkplamenpozega.hr\\\/#website\",\"url\":\"https:\\\/\\\/zkkplamenpozega.hr\\\/\",\"name\":\"\u017dKK Plamen Po\u017eega\",\"description\":\"Plamene su najbolje\",\"publisher\":{\"@id\":\"https:\\\/\\\/zkkplamenpozega.hr\\\/#organization\"},\"potentialAction\":[{\"@type\":\"SearchAction\",\"target\":{\"@type\":\"EntryPoint\",\"urlTemplate\":\"https:\\\/\\\/zkkplamenpozega.hr\\\/?s={search_term_string}\"},\"query-input\":{\"@type\":\"PropertyValueSpecification\",\"valueRequired\":true,\"valueName\":\"search_term_string\"}}],\"inLanguage\":\"hr\"},{\"@type\":\"Organization\",\"@id\":\"https:\\\/\\\/zkkplamenpozega.hr\\\/#organization\",\"name\":\"\u017denski ko\u0161arka\u0161ki klub Plamen Po\u017eega\",\"url\":\"https:\\\/\\\/zkkplamenpozega.hr\\\/\",\"logo\":{\"@type\":\"ImageObject\",\"inLanguage\":\"hr\",\"@id\":\"https:\\\/\\\/zkkplamenpozega.hr\\\/#\\\/schema\\\/logo\\\/image\\\/\",\"url\":\"https:\\\/\\\/zkkplamenpozega.hr\\\/wp-content\\\/uploads\\\/2020\\\/10\\\/logo-zkkpozega-e1602941511846.png\",\"contentUrl\":\"https:\\\/\\\/zkkplamenpozega.hr\\\/wp-content\\\/uploads\\\/2020\\\/10\\\/logo-zkkpozega-e1602941511846.png\",\"width\":400,\"height\":236,\"caption\":\"\u017denski ko\u0161arka\u0161ki klub Plamen Po\u017eega\"},\"image\":{\"@id\":\"https:\\\/\\\/zkkplamenpozega.hr\\\/#\\\/schema\\\/logo\\\/image\\\/\"},\"sameAs\":[\"https:\\\/\\\/www.facebook.com\\\/zkkplamenpozega\\\/\",\"https:\\\/\\\/www.instagram.com\\\/zkkplamenpozega\\\/?hl=hr\"]},{\"@type\":\"Person\",\"@id\":\"https:\\\/\\\/zkkplamenpozega.hr\\\/#\\\/schema\\\/person\\\/999dc4799645b6c20c9b48358878f978\",\"name\":\"PozEGAaKKzKZ\",\"image\":{\"@type\":\"ImageObject\",\"inLanguage\":\"hr\",\"@id\":\"https:\\\/\\\/secure.gravatar.com\\\/avatar\\\/4c80c2b40e3f6c79c2f22cda392ad859abc361d727f969775f475825d3b21ca5?s=96&d=mm&r=g\",\"url\":\"https:\\\/\\\/secure.gravatar.com\\\/avatar\\\/4c80c2b40e3f6c79c2f22cda392ad859abc361d727f969775f475825d3b21ca5?s=96&d=mm&r=g\",\"contentUrl\":\"https:\\\/\\\/secure.gravatar.com\\\/avatar\\\/4c80c2b40e3f6c79c2f22cda392ad859abc361d727f969775f475825d3b21ca5?s=96&d=mm&r=g\",\"caption\":\"PozEGAaKKzKZ\"},\"sameAs\":[\"https:\\\/\\\/zkkplamenpozega.hr\"]}]}<\/script>\n<!-- \/ Yoast SEO plugin. -->","yoast_head_json":{"title":"Plamene protiv Graza otvaraju novu sezonu Waba lige - \u017dKK Plamen Po\u017eega","robots":{"index":"index","follow":"follow","max-snippet":"max-snippet:-1","max-image-preview":"max-image-preview:large","max-video-preview":"max-video-preview:-1"},"canonical":"https:\/\/zkkplamenpozega.hr\/?p=3077","og_locale":"hr_HR","og_type":"article","og_title":"Plamene protiv Graza otvaraju novu sezonu Waba lige - \u017dKK Plamen Po\u017eega","og_description":"Ko\u0161arka\u0161ice Plamen Po\u017eege sutra (srijeda, 20. rujna) odigrat \u0107e svoju prvu natjecateljsku utakmicu u novoj sezoni. U Sportskoj dvorani &#8220;Tomislav Pirc&#8221; u Po\u017eegi gostovat \u0107e austrijski UBI Holding Graz.\u00a0Radi se o utakmici 3. kola WABA lige koja se trebala igrati 18. listopada, ali \u0107e se dogovorom klubova odigrati u ranijem terminu. UBI Holding Graz aktualni...","og_url":"https:\/\/zkkplamenpozega.hr\/?p=3077","og_site_name":"\u017dKK Plamen Po\u017eega","article_publisher":"https:\/\/www.facebook.com\/zkkplamenpozega\/","article_published_time":"2023-09-19T14:44:18+00:00","article_modified_time":"2023-09-19T16:01:57+00:00","og_image":[{"width":1600,"height":900,"url":"https:\/\/zkkplamenpozega.hr\/wp-content\/uploads\/2023\/09\/zkk-plamen-pozega-waba-2.jpg","type":"image\/jpeg"}],"author":"PozEGAaKKzKZ","twitter_card":"summary_large_image","twitter_image":"https:\/\/zkkplamenpozega.hr\/wp-content\/uploads\/2023\/09\/Untitled-design-2.jpg","twitter_misc":{"Napisao\/la":"PozEGAaKKzKZ","Procijenjeno vrijeme \u010ditanja":"2 minute"},"schema":{"@context":"https:\/\/schema.org","@graph":[{"@type":"Article","@id":"https:\/\/zkkplamenpozega.hr\/?p=3077#article","isPartOf":{"@id":"https:\/\/zkkplamenpozega.hr\/?p=3077"},"author":{"name":"PozEGAaKKzKZ","@id":"https:\/\/zkkplamenpozega.hr\/#\/schema\/person\/999dc4799645b6c20c9b48358878f978"},"headline":"Plamene protiv Graza otvaraju novu sezonu Waba lige","datePublished":"2023-09-19T14:44:18+00:00","dateModified":"2023-09-19T16:01:57+00:00","mainEntityOfPage":{"@id":"https:\/\/zkkplamenpozega.hr\/?p=3077"},"wordCount":302,"commentCount":0,"publisher":{"@id":"https:\/\/zkkplamenpozega.hr\/#organization"},"image":{"@id":"https:\/\/zkkplamenpozega.hr\/?p=3077#primaryimage"},"thumbnailUrl":"https:\/\/zkkplamenpozega.hr\/wp-content\/uploads\/2023\/09\/zkk-plamen-pozega-waba-1.jpg","keywords":["WABA"],"articleSection":["Novosti"],"inLanguage":"hr","potentialAction":[{"@type":"CommentAction","name":"Comment","target":["https:\/\/zkkplamenpozega.hr\/?p=3077#respond"]}]},{"@type":"WebPage","@id":"https:\/\/zkkplamenpozega.hr\/?p=3077","url":"https:\/\/zkkplamenpozega.hr\/?p=3077","name":"Plamene protiv Graza otvaraju novu sezonu Waba lige - \u017dKK Plamen Po\u017eega","isPartOf":{"@id":"https:\/\/zkkplamenpozega.hr\/#website"},"primaryImageOfPage":{"@id":"https:\/\/zkkplamenpozega.hr\/?p=3077#primaryimage"},"image":{"@id":"https:\/\/zkkplamenpozega.hr\/?p=3077#primaryimage"},"thumbnailUrl":"https:\/\/zkkplamenpozega.hr\/wp-content\/uploads\/2023\/09\/zkk-plamen-pozega-waba-1.jpg","datePublished":"2023-09-19T14:44:18+00:00","dateModified":"2023-09-19T16:01:57+00:00","breadcrumb":{"@id":"https:\/\/zkkplamenpozega.hr\/?p=3077#breadcrumb"},"inLanguage":"hr","potentialAction":[{"@type":"ReadAction","target":["https:\/\/zkkplamenpozega.hr\/?p=3077"]}]},{"@type":"ImageObject","inLanguage":"hr","@id":"https:\/\/zkkplamenpozega.hr\/?p=3077#primaryimage","url":"https:\/\/zkkplamenpozega.hr\/wp-content\/uploads\/2023\/09\/zkk-plamen-pozega-waba-1.jpg","contentUrl":"https:\/\/zkkplamenpozega.hr\/wp-content\/uploads\/2023\/09\/zkk-plamen-pozega-waba-1.jpg","width":1600,"height":900},{"@type":"BreadcrumbList","@id":"https:\/\/zkkplamenpozega.hr\/?p=3077#breadcrumb","itemListElement":[{"@type":"ListItem","position":1,"name":"Po\u010detna stranica","item":"https:\/\/zkkplamenpozega.hr\/"},{"@type":"ListItem","position":2,"name":"Plamene protiv Graza otvaraju novu sezonu Waba lige"}]},{"@type":"WebSite","@id":"https:\/\/zkkplamenpozega.hr\/#website","url":"https:\/\/zkkplamenpozega.hr\/","name":"\u017dKK Plamen Po\u017eega","description":"Plamene su najbolje","publisher":{"@id":"https:\/\/zkkplamenpozega.hr\/#organization"},"potentialAction":[{"@type":"SearchAction","target":{"@type":"EntryPoint","urlTemplate":"https:\/\/zkkplamenpozega.hr\/?s={search_term_string}"},"query-input":{"@type":"PropertyValueSpecification","valueRequired":true,"valueName":"search_term_string"}}],"inLanguage":"hr"},{"@type":"Organization","@id":"https:\/\/zkkplamenpozega.hr\/#organization","name":"\u017denski ko\u0161arka\u0161ki klub Plamen Po\u017eega","url":"https:\/\/zkkplamenpozega.hr\/","logo":{"@type":"ImageObject","inLanguage":"hr","@id":"https:\/\/zkkplamenpozega.hr\/#\/schema\/logo\/image\/","url":"https:\/\/zkkplamenpozega.hr\/wp-content\/uploads\/2020\/10\/logo-zkkpozega-e1602941511846.png","contentUrl":"https:\/\/zkkplamenpozega.hr\/wp-content\/uploads\/2020\/10\/logo-zkkpozega-e1602941511846.png","width":400,"height":236,"caption":"\u017denski ko\u0161arka\u0161ki klub Plamen Po\u017eega"},"image":{"@id":"https:\/\/zkkplamenpozega.hr\/#\/schema\/logo\/image\/"},"sameAs":["https:\/\/www.facebook.com\/zkkplamenpozega\/","https:\/\/www.instagram.com\/zkkplamenpozega\/?hl=hr"]},{"@type":"Person","@id":"https:\/\/zkkplamenpozega.hr\/#\/schema\/person\/999dc4799645b6c20c9b48358878f978","name":"PozEGAaKKzKZ","image":{"@type":"ImageObject","inLanguage":"hr","@id":"https:\/\/secure.gravatar.com\/avatar\/4c80c2b40e3f6c79c2f22cda392ad859abc361d727f969775f475825d3b21ca5?s=96&d=mm&r=g","url":"https:\/\/secure.gravatar.com\/avatar\/4c80c2b40e3f6c79c2f22cda392ad859abc361d727f969775f475825d3b21ca5?s=96&d=mm&r=g","contentUrl":"https:\/\/secure.gravatar.com\/avatar\/4c80c2b40e3f6c79c2f22cda392ad859abc361d727f969775f475825d3b21ca5?s=96&d=mm&r=g","caption":"PozEGAaKKzKZ"},"sameAs":["https:\/\/zkkplamenpozega.hr"]}]}},"_links":{"self":[{"href":"https:\/\/zkkplamenpozega.hr\/index.php?rest_route=\/wp\/v2\/posts\/3077","targetHints":{"allow":["GET"]}}],"collection":[{"href":"https:\/\/zkkplamenpozega.hr\/index.php?rest_route=\/wp\/v2\/posts"}],"about":[{"href":"https:\/\/zkkplamenpozega.hr\/index.php?rest_route=\/wp\/v2\/types\/post"}],"author":[{"embeddable":true,"href":"https:\/\/zkkplamenpozega.hr\/index.php?rest_route=\/wp\/v2\/users\/1"}],"replies":[{"embeddable":true,"href":"https:\/\/zkkplamenpozega.hr\/index.php?rest_route=%2Fwp%2Fv2%2Fcomments&post=3077"}],"version-history":[{"count":0,"href":"https:\/\/zkkplamenpozega.hr\/index.php?rest_route=\/wp\/v2\/posts\/3077\/revisions"}],"wp:featuredmedia":[{"embeddable":true,"href":"https:\/\/zkkplamenpozega.hr\/index.php?rest_route=\/wp\/v2\/media\/3090"}],"wp:attachment":[{"href":"https:\/\/zkkplamenpozega.hr\/index.php?rest_route=%2Fwp%2Fv2%2Fmedia&parent=3077"}],"wp:term":[{"taxonomy":"category","embeddable":true,"href":"https:\/\/zkkplamenpozega.hr\/index.php?rest_route=%2Fwp%2Fv2%2Fcategories&post=3077"},{"taxonomy":"post_tag","embeddable":true,"href":"https:\/\/zkkplamenpozega.hr\/index.php?rest_route=%2Fwp%2Fv2%2Ftags&post=3077"}],"curies":[{"name":"wp","href":"https:\/\/api.w.org\/{rel}","templated":true}]}}