{"id":3028,"date":"2023-09-14T16:23:34","date_gmt":"2023-09-14T16:23:34","guid":{"rendered":"https:\/\/zkkplamenpozega.hr\/?p=3028"},"modified":"2023-09-14T16:39:28","modified_gmt":"2023-09-14T16:39:28","slug":"plamen-pozega-ovog-vikenda-na-memorijalnom-turniru-aco-prle-i-milenko-u-banjoj-luci","status":"publish","type":"post","link":"https:\/\/zkkplamenpozega.hr\/?p=3028","title":{"rendered":"Plamen Po\u017eega ovog vikenda na memorijalnom turniru \u201cAco, Prle i Milenko\u201d u Banjoj Luci"},"content":{"rendered":"<p>U subotu i nedjelju 16. i 17. rujna na\u0161 \u0107e klub sudjelovati na\u00a0 me\u0111unarodnom memorijalnom\u00a0 turniru\u00a0\u00a0\u201c<strong>Aco, Prle i Milenko<\/strong>\u201d koji se tradicionalno igra u Banjoj Luci.<\/p>\n<p>Sudionici ovogodi\u0161njeg izdanja turnira su: <strong>KK Orlovi<\/strong> kao doma\u0107in turnira, <strong>\u017dKK Plamen Po\u017eega<\/strong>, <strong>\u017dKK-Duga \u0160abac<\/strong> te\u00a0 <strong>\u017dKK Mladi Kraji\u0161nik<\/strong>.<\/p>\n<p>Biti \u0107e to prva ozbiljnija provjera za na\u0161 tim nakon po\u010detka priprema, a u subotnjem prvom polufinalnom dvoboju na\u0161e \u0107e ko\u0161arka\u0161ice odmjeriti snage protiv <strong>\u017dKK Duga<\/strong> &#8211;<strong> \u0160abac<\/strong>. Susret je na rasporedu od 17:00 sati.<\/p>\n<p>U drugom polufinalu sastat \u0107e se dva banjalu\u010dka kluba &#8211; doma\u0107in turnira<strong> KK Orlovi<\/strong> i <strong>\u017dKK Mladi Kraji\u0161nik<\/strong>, taj susret na rasporedu je od 19:00 sati.<\/p>\n<p>Nedjeljnji zavr\u0161ni dan turnira zapo\u010det \u0107e utakmicom za tre\u0107e mjesto od 16:00 sati, dok je finalni susret na rasporedu od 18:00 sati.<\/p>\n<p>Podsjetimo \u017dKK Plamen Po\u017eega branitelj je naslova pobjednika turnira. U pro\u0161logodi\u0161njem finalu izabranice Vladimira Englmana predvo\u0111ene\u00a0<strong>Emilijom Podrug<\/strong>, koja je bila progla\u0161ena i za najbolju igra\u010dicu turnira svladale su\u00a0 doma\u0107e Orlove rezultatom 92-80.<\/p>\n<figure id=\"attachment_3029\" aria-describedby=\"caption-attachment-3029\" style=\"width: 637px\" class=\"wp-caption aligncenter\"><img loading=\"lazy\" decoding=\"async\" class=\"wp-image-3029\" src=\"https:\/\/zkkplamenpozega.hr\/wp-content\/uploads\/2023\/09\/kk-472x1024.jpg\" alt=\"\" width=\"637\" height=\"1382\" srcset=\"https:\/\/zkkplamenpozega.hr\/wp-content\/uploads\/2023\/09\/kk-472x1024.jpg 472w, https:\/\/zkkplamenpozega.hr\/wp-content\/uploads\/2023\/09\/kk-138x300.jpg 138w, https:\/\/zkkplamenpozega.hr\/wp-content\/uploads\/2023\/09\/kk-768x1666.jpg 768w, https:\/\/zkkplamenpozega.hr\/wp-content\/uploads\/2023\/09\/kk-708x1536.jpg 708w, https:\/\/zkkplamenpozega.hr\/wp-content\/uploads\/2023\/09\/kk-600x1302.jpg 600w, https:\/\/zkkplamenpozega.hr\/wp-content\/uploads\/2023\/09\/kk.jpg 885w\" sizes=\"auto, (max-width: 637px) 100vw, 637px\" \/><figcaption id=\"caption-attachment-3029\" class=\"wp-caption-text\">Foto: Emilija Podrug s trofejom za najbolju igra\u010dicu pro\u0161logodi\u0161njeg izdanja turnira<\/figcaption><\/figure>\n","protected":false},"excerpt":{"rendered":"<p>U subotu i nedjelju 16. i 17. rujna na\u0161 \u0107e klub sudjelovati na\u00a0 me\u0111unarodnom memorijalnom\u00a0 turniru\u00a0\u00a0\u201cAco, Prle i Milenko\u201d koji se tradicionalno igra u Banjoj Luci. Sudionici ovogodi\u0161njeg izdanja turnira su: KK Orlovi kao doma\u0107in turnira, \u017dKK Plamen Po\u017eega, \u017dKK-Duga \u0160abac te\u00a0 \u017dKK Mladi Kraji\u0161nik. Biti \u0107e to prva ozbiljnija provjera za na\u0161 tim nakon&#8230;<\/p>\n","protected":false},"author":1,"featured_media":3030,"comment_status":"open","ping_status":"open","sticky":false,"template":"","format":"standard","meta":{"_acf_changed":false,"footnotes":""},"categories":[120],"tags":[131,132,133],"class_list":["post-3028","post","type-post","status-publish","format-standard","has-post-thumbnail","hentry","category-novosti","tag-emilija-podrug","tag-memorijalni-turnir-aco","tag-prle-i-milenko"],"acf":[],"yoast_head":"<!-- This site is optimized with the Yoast SEO plugin v27.4 - https:\/\/yoast.com\/product\/yoast-seo-wordpress\/ -->\n<title>Plamen Po\u017eega ovog vikenda na memorijalnom turniru \u201cAco, Prle i Milenko\u201d u Banjoj Luci - \u017dKK Plamen Po\u017eega<\/title>\n<meta name=\"robots\" content=\"index, follow, max-snippet:-1, max-image-preview:large, max-video-preview:-1\" \/>\n<link rel=\"canonical\" href=\"https:\/\/zkkplamenpozega.hr\/?p=3028\" \/>\n<meta property=\"og:locale\" content=\"hr_HR\" \/>\n<meta property=\"og:type\" content=\"article\" \/>\n<meta property=\"og:title\" content=\"Plamen Po\u017eega ovog vikenda na memorijalnom turniru \u201cAco, Prle i Milenko\u201d u Banjoj Luci - \u017dKK Plamen Po\u017eega\" \/>\n<meta property=\"og:description\" content=\"U subotu i nedjelju 16. i 17. rujna na\u0161 \u0107e klub sudjelovati na\u00a0 me\u0111unarodnom memorijalnom\u00a0 turniru\u00a0\u00a0\u201cAco, Prle i Milenko\u201d koji se tradicionalno igra u Banjoj Luci. Sudionici ovogodi\u0161njeg izdanja turnira su: KK Orlovi kao doma\u0107in turnira, \u017dKK Plamen Po\u017eega, \u017dKK-Duga \u0160abac te\u00a0 \u017dKK Mladi Kraji\u0161nik. Biti \u0107e to prva ozbiljnija provjera za na\u0161 tim nakon...\" \/>\n<meta property=\"og:url\" content=\"https:\/\/zkkplamenpozega.hr\/?p=3028\" \/>\n<meta property=\"og:site_name\" content=\"\u017dKK Plamen Po\u017eega\" \/>\n<meta property=\"article:publisher\" content=\"https:\/\/www.facebook.com\/zkkplamenpozega\/\" \/>\n<meta property=\"article:published_time\" content=\"2023-09-14T16:23:34+00:00\" \/>\n<meta property=\"article:modified_time\" content=\"2023-09-14T16:39:28+00:00\" \/>\n<meta property=\"og:image\" content=\"https:\/\/zkkplamenpozega.hr\/wp-content\/uploads\/2023\/09\/Untitled-design-64.jpg\" \/>\n\t<meta property=\"og:image:width\" content=\"900\" \/>\n\t<meta property=\"og:image:height\" content=\"600\" \/>\n\t<meta property=\"og:image:type\" content=\"image\/jpeg\" \/>\n<meta name=\"author\" content=\"PozEGAaKKzKZ\" \/>\n<meta name=\"twitter:card\" content=\"summary_large_image\" \/>\n<meta name=\"twitter:label1\" content=\"Napisao\/la\" \/>\n\t<meta name=\"twitter:data1\" content=\"PozEGAaKKzKZ\" \/>\n\t<meta name=\"twitter:label2\" content=\"Procijenjeno vrijeme \u010ditanja\" \/>\n\t<meta name=\"twitter:data2\" content=\"1 minuta\" \/>\n<script type=\"application\/ld+json\" class=\"yoast-schema-graph\">{\"@context\":\"https:\\\/\\\/schema.org\",\"@graph\":[{\"@type\":\"Article\",\"@id\":\"https:\\\/\\\/zkkplamenpozega.hr\\\/?p=3028#article\",\"isPartOf\":{\"@id\":\"https:\\\/\\\/zkkplamenpozega.hr\\\/?p=3028\"},\"author\":{\"name\":\"PozEGAaKKzKZ\",\"@id\":\"https:\\\/\\\/zkkplamenpozega.hr\\\/#\\\/schema\\\/person\\\/999dc4799645b6c20c9b48358878f978\"},\"headline\":\"Plamen Po\u017eega ovog vikenda na memorijalnom turniru \u201cAco, Prle i Milenko\u201d u Banjoj Luci\",\"datePublished\":\"2023-09-14T16:23:34+00:00\",\"dateModified\":\"2023-09-14T16:39:28+00:00\",\"mainEntityOfPage\":{\"@id\":\"https:\\\/\\\/zkkplamenpozega.hr\\\/?p=3028\"},\"wordCount\":214,\"commentCount\":0,\"publisher\":{\"@id\":\"https:\\\/\\\/zkkplamenpozega.hr\\\/#organization\"},\"image\":{\"@id\":\"https:\\\/\\\/zkkplamenpozega.hr\\\/?p=3028#primaryimage\"},\"thumbnailUrl\":\"https:\\\/\\\/zkkplamenpozega.hr\\\/wp-content\\\/uploads\\\/2023\\\/09\\\/Untitled-design-64.jpg\",\"keywords\":[\"Emilija Podrug\",\"memorijalni\u00a0 turnir\u00a0\u00a0\u201cAco\",\"Prle i Milenko\u201d\"],\"articleSection\":[\"Novosti\"],\"inLanguage\":\"hr\",\"potentialAction\":[{\"@type\":\"CommentAction\",\"name\":\"Comment\",\"target\":[\"https:\\\/\\\/zkkplamenpozega.hr\\\/?p=3028#respond\"]}]},{\"@type\":\"WebPage\",\"@id\":\"https:\\\/\\\/zkkplamenpozega.hr\\\/?p=3028\",\"url\":\"https:\\\/\\\/zkkplamenpozega.hr\\\/?p=3028\",\"name\":\"Plamen Po\u017eega ovog vikenda na memorijalnom turniru \u201cAco, Prle i Milenko\u201d u Banjoj Luci - \u017dKK Plamen Po\u017eega\",\"isPartOf\":{\"@id\":\"https:\\\/\\\/zkkplamenpozega.hr\\\/#website\"},\"primaryImageOfPage\":{\"@id\":\"https:\\\/\\\/zkkplamenpozega.hr\\\/?p=3028#primaryimage\"},\"image\":{\"@id\":\"https:\\\/\\\/zkkplamenpozega.hr\\\/?p=3028#primaryimage\"},\"thumbnailUrl\":\"https:\\\/\\\/zkkplamenpozega.hr\\\/wp-content\\\/uploads\\\/2023\\\/09\\\/Untitled-design-64.jpg\",\"datePublished\":\"2023-09-14T16:23:34+00:00\",\"dateModified\":\"2023-09-14T16:39:28+00:00\",\"breadcrumb\":{\"@id\":\"https:\\\/\\\/zkkplamenpozega.hr\\\/?p=3028#breadcrumb\"},\"inLanguage\":\"hr\",\"potentialAction\":[{\"@type\":\"ReadAction\",\"target\":[\"https:\\\/\\\/zkkplamenpozega.hr\\\/?p=3028\"]}]},{\"@type\":\"ImageObject\",\"inLanguage\":\"hr\",\"@id\":\"https:\\\/\\\/zkkplamenpozega.hr\\\/?p=3028#primaryimage\",\"url\":\"https:\\\/\\\/zkkplamenpozega.hr\\\/wp-content\\\/uploads\\\/2023\\\/09\\\/Untitled-design-64.jpg\",\"contentUrl\":\"https:\\\/\\\/zkkplamenpozega.hr\\\/wp-content\\\/uploads\\\/2023\\\/09\\\/Untitled-design-64.jpg\",\"width\":900,\"height\":600},{\"@type\":\"BreadcrumbList\",\"@id\":\"https:\\\/\\\/zkkplamenpozega.hr\\\/?p=3028#breadcrumb\",\"itemListElement\":[{\"@type\":\"ListItem\",\"position\":1,\"name\":\"Po\u010detna stranica\",\"item\":\"https:\\\/\\\/zkkplamenpozega.hr\\\/\"},{\"@type\":\"ListItem\",\"position\":2,\"name\":\"Plamen Po\u017eega ovog vikenda na memorijalnom turniru \u201cAco, Prle i Milenko\u201d u Banjoj Luci\"}]},{\"@type\":\"WebSite\",\"@id\":\"https:\\\/\\\/zkkplamenpozega.hr\\\/#website\",\"url\":\"https:\\\/\\\/zkkplamenpozega.hr\\\/\",\"name\":\"\u017dKK Plamen Po\u017eega\",\"description\":\"Plamene su najbolje\",\"publisher\":{\"@id\":\"https:\\\/\\\/zkkplamenpozega.hr\\\/#organization\"},\"potentialAction\":[{\"@type\":\"SearchAction\",\"target\":{\"@type\":\"EntryPoint\",\"urlTemplate\":\"https:\\\/\\\/zkkplamenpozega.hr\\\/?s={search_term_string}\"},\"query-input\":{\"@type\":\"PropertyValueSpecification\",\"valueRequired\":true,\"valueName\":\"search_term_string\"}}],\"inLanguage\":\"hr\"},{\"@type\":\"Organization\",\"@id\":\"https:\\\/\\\/zkkplamenpozega.hr\\\/#organization\",\"name\":\"\u017denski ko\u0161arka\u0161ki klub Plamen Po\u017eega\",\"url\":\"https:\\\/\\\/zkkplamenpozega.hr\\\/\",\"logo\":{\"@type\":\"ImageObject\",\"inLanguage\":\"hr\",\"@id\":\"https:\\\/\\\/zkkplamenpozega.hr\\\/#\\\/schema\\\/logo\\\/image\\\/\",\"url\":\"https:\\\/\\\/zkkplamenpozega.hr\\\/wp-content\\\/uploads\\\/2020\\\/10\\\/logo-zkkpozega-e1602941511846.png\",\"contentUrl\":\"https:\\\/\\\/zkkplamenpozega.hr\\\/wp-content\\\/uploads\\\/2020\\\/10\\\/logo-zkkpozega-e1602941511846.png\",\"width\":400,\"height\":236,\"caption\":\"\u017denski ko\u0161arka\u0161ki klub Plamen Po\u017eega\"},\"image\":{\"@id\":\"https:\\\/\\\/zkkplamenpozega.hr\\\/#\\\/schema\\\/logo\\\/image\\\/\"},\"sameAs\":[\"https:\\\/\\\/www.facebook.com\\\/zkkplamenpozega\\\/\",\"https:\\\/\\\/www.instagram.com\\\/zkkplamenpozega\\\/?hl=hr\"]},{\"@type\":\"Person\",\"@id\":\"https:\\\/\\\/zkkplamenpozega.hr\\\/#\\\/schema\\\/person\\\/999dc4799645b6c20c9b48358878f978\",\"name\":\"PozEGAaKKzKZ\",\"image\":{\"@type\":\"ImageObject\",\"inLanguage\":\"hr\",\"@id\":\"https:\\\/\\\/secure.gravatar.com\\\/avatar\\\/4c80c2b40e3f6c79c2f22cda392ad859abc361d727f969775f475825d3b21ca5?s=96&d=mm&r=g\",\"url\":\"https:\\\/\\\/secure.gravatar.com\\\/avatar\\\/4c80c2b40e3f6c79c2f22cda392ad859abc361d727f969775f475825d3b21ca5?s=96&d=mm&r=g\",\"contentUrl\":\"https:\\\/\\\/secure.gravatar.com\\\/avatar\\\/4c80c2b40e3f6c79c2f22cda392ad859abc361d727f969775f475825d3b21ca5?s=96&d=mm&r=g\",\"caption\":\"PozEGAaKKzKZ\"},\"sameAs\":[\"https:\\\/\\\/zkkplamenpozega.hr\"]}]}<\/script>\n<!-- \/ Yoast SEO plugin. -->","yoast_head_json":{"title":"Plamen Po\u017eega ovog vikenda na memorijalnom turniru \u201cAco, Prle i Milenko\u201d u Banjoj Luci - \u017dKK Plamen Po\u017eega","robots":{"index":"index","follow":"follow","max-snippet":"max-snippet:-1","max-image-preview":"max-image-preview:large","max-video-preview":"max-video-preview:-1"},"canonical":"https:\/\/zkkplamenpozega.hr\/?p=3028","og_locale":"hr_HR","og_type":"article","og_title":"Plamen Po\u017eega ovog vikenda na memorijalnom turniru \u201cAco, Prle i Milenko\u201d u Banjoj Luci - \u017dKK Plamen Po\u017eega","og_description":"U subotu i nedjelju 16. i 17. rujna na\u0161 \u0107e klub sudjelovati na\u00a0 me\u0111unarodnom memorijalnom\u00a0 turniru\u00a0\u00a0\u201cAco, Prle i Milenko\u201d koji se tradicionalno igra u Banjoj Luci. Sudionici ovogodi\u0161njeg izdanja turnira su: KK Orlovi kao doma\u0107in turnira, \u017dKK Plamen Po\u017eega, \u017dKK-Duga \u0160abac te\u00a0 \u017dKK Mladi Kraji\u0161nik. Biti \u0107e to prva ozbiljnija provjera za na\u0161 tim nakon...","og_url":"https:\/\/zkkplamenpozega.hr\/?p=3028","og_site_name":"\u017dKK Plamen Po\u017eega","article_publisher":"https:\/\/www.facebook.com\/zkkplamenpozega\/","article_published_time":"2023-09-14T16:23:34+00:00","article_modified_time":"2023-09-14T16:39:28+00:00","og_image":[{"width":900,"height":600,"url":"https:\/\/zkkplamenpozega.hr\/wp-content\/uploads\/2023\/09\/Untitled-design-64.jpg","type":"image\/jpeg"}],"author":"PozEGAaKKzKZ","twitter_card":"summary_large_image","twitter_misc":{"Napisao\/la":"PozEGAaKKzKZ","Procijenjeno vrijeme \u010ditanja":"1 minuta"},"schema":{"@context":"https:\/\/schema.org","@graph":[{"@type":"Article","@id":"https:\/\/zkkplamenpozega.hr\/?p=3028#article","isPartOf":{"@id":"https:\/\/zkkplamenpozega.hr\/?p=3028"},"author":{"name":"PozEGAaKKzKZ","@id":"https:\/\/zkkplamenpozega.hr\/#\/schema\/person\/999dc4799645b6c20c9b48358878f978"},"headline":"Plamen Po\u017eega ovog vikenda na memorijalnom turniru \u201cAco, Prle i Milenko\u201d u Banjoj Luci","datePublished":"2023-09-14T16:23:34+00:00","dateModified":"2023-09-14T16:39:28+00:00","mainEntityOfPage":{"@id":"https:\/\/zkkplamenpozega.hr\/?p=3028"},"wordCount":214,"commentCount":0,"publisher":{"@id":"https:\/\/zkkplamenpozega.hr\/#organization"},"image":{"@id":"https:\/\/zkkplamenpozega.hr\/?p=3028#primaryimage"},"thumbnailUrl":"https:\/\/zkkplamenpozega.hr\/wp-content\/uploads\/2023\/09\/Untitled-design-64.jpg","keywords":["Emilija Podrug","memorijalni\u00a0 turnir\u00a0\u00a0\u201cAco","Prle i Milenko\u201d"],"articleSection":["Novosti"],"inLanguage":"hr","potentialAction":[{"@type":"CommentAction","name":"Comment","target":["https:\/\/zkkplamenpozega.hr\/?p=3028#respond"]}]},{"@type":"WebPage","@id":"https:\/\/zkkplamenpozega.hr\/?p=3028","url":"https:\/\/zkkplamenpozega.hr\/?p=3028","name":"Plamen Po\u017eega ovog vikenda na memorijalnom turniru \u201cAco, Prle i Milenko\u201d u Banjoj Luci - \u017dKK Plamen Po\u017eega","isPartOf":{"@id":"https:\/\/zkkplamenpozega.hr\/#website"},"primaryImageOfPage":{"@id":"https:\/\/zkkplamenpozega.hr\/?p=3028#primaryimage"},"image":{"@id":"https:\/\/zkkplamenpozega.hr\/?p=3028#primaryimage"},"thumbnailUrl":"https:\/\/zkkplamenpozega.hr\/wp-content\/uploads\/2023\/09\/Untitled-design-64.jpg","datePublished":"2023-09-14T16:23:34+00:00","dateModified":"2023-09-14T16:39:28+00:00","breadcrumb":{"@id":"https:\/\/zkkplamenpozega.hr\/?p=3028#breadcrumb"},"inLanguage":"hr","potentialAction":[{"@type":"ReadAction","target":["https:\/\/zkkplamenpozega.hr\/?p=3028"]}]},{"@type":"ImageObject","inLanguage":"hr","@id":"https:\/\/zkkplamenpozega.hr\/?p=3028#primaryimage","url":"https:\/\/zkkplamenpozega.hr\/wp-content\/uploads\/2023\/09\/Untitled-design-64.jpg","contentUrl":"https:\/\/zkkplamenpozega.hr\/wp-content\/uploads\/2023\/09\/Untitled-design-64.jpg","width":900,"height":600},{"@type":"BreadcrumbList","@id":"https:\/\/zkkplamenpozega.hr\/?p=3028#breadcrumb","itemListElement":[{"@type":"ListItem","position":1,"name":"Po\u010detna stranica","item":"https:\/\/zkkplamenpozega.hr\/"},{"@type":"ListItem","position":2,"name":"Plamen Po\u017eega ovog vikenda na memorijalnom turniru \u201cAco, Prle i Milenko\u201d u Banjoj Luci"}]},{"@type":"WebSite","@id":"https:\/\/zkkplamenpozega.hr\/#website","url":"https:\/\/zkkplamenpozega.hr\/","name":"\u017dKK Plamen Po\u017eega","description":"Plamene su najbolje","publisher":{"@id":"https:\/\/zkkplamenpozega.hr\/#organization"},"potentialAction":[{"@type":"SearchAction","target":{"@type":"EntryPoint","urlTemplate":"https:\/\/zkkplamenpozega.hr\/?s={search_term_string}"},"query-input":{"@type":"PropertyValueSpecification","valueRequired":true,"valueName":"search_term_string"}}],"inLanguage":"hr"},{"@type":"Organization","@id":"https:\/\/zkkplamenpozega.hr\/#organization","name":"\u017denski ko\u0161arka\u0161ki klub Plamen Po\u017eega","url":"https:\/\/zkkplamenpozega.hr\/","logo":{"@type":"ImageObject","inLanguage":"hr","@id":"https:\/\/zkkplamenpozega.hr\/#\/schema\/logo\/image\/","url":"https:\/\/zkkplamenpozega.hr\/wp-content\/uploads\/2020\/10\/logo-zkkpozega-e1602941511846.png","contentUrl":"https:\/\/zkkplamenpozega.hr\/wp-content\/uploads\/2020\/10\/logo-zkkpozega-e1602941511846.png","width":400,"height":236,"caption":"\u017denski ko\u0161arka\u0161ki klub Plamen Po\u017eega"},"image":{"@id":"https:\/\/zkkplamenpozega.hr\/#\/schema\/logo\/image\/"},"sameAs":["https:\/\/www.facebook.com\/zkkplamenpozega\/","https:\/\/www.instagram.com\/zkkplamenpozega\/?hl=hr"]},{"@type":"Person","@id":"https:\/\/zkkplamenpozega.hr\/#\/schema\/person\/999dc4799645b6c20c9b48358878f978","name":"PozEGAaKKzKZ","image":{"@type":"ImageObject","inLanguage":"hr","@id":"https:\/\/secure.gravatar.com\/avatar\/4c80c2b40e3f6c79c2f22cda392ad859abc361d727f969775f475825d3b21ca5?s=96&d=mm&r=g","url":"https:\/\/secure.gravatar.com\/avatar\/4c80c2b40e3f6c79c2f22cda392ad859abc361d727f969775f475825d3b21ca5?s=96&d=mm&r=g","contentUrl":"https:\/\/secure.gravatar.com\/avatar\/4c80c2b40e3f6c79c2f22cda392ad859abc361d727f969775f475825d3b21ca5?s=96&d=mm&r=g","caption":"PozEGAaKKzKZ"},"sameAs":["https:\/\/zkkplamenpozega.hr"]}]}},"_links":{"self":[{"href":"https:\/\/zkkplamenpozega.hr\/index.php?rest_route=\/wp\/v2\/posts\/3028","targetHints":{"allow":["GET"]}}],"collection":[{"href":"https:\/\/zkkplamenpozega.hr\/index.php?rest_route=\/wp\/v2\/posts"}],"about":[{"href":"https:\/\/zkkplamenpozega.hr\/index.php?rest_route=\/wp\/v2\/types\/post"}],"author":[{"embeddable":true,"href":"https:\/\/zkkplamenpozega.hr\/index.php?rest_route=\/wp\/v2\/users\/1"}],"replies":[{"embeddable":true,"href":"https:\/\/zkkplamenpozega.hr\/index.php?rest_route=%2Fwp%2Fv2%2Fcomments&post=3028"}],"version-history":[{"count":0,"href":"https:\/\/zkkplamenpozega.hr\/index.php?rest_route=\/wp\/v2\/posts\/3028\/revisions"}],"wp:featuredmedia":[{"embeddable":true,"href":"https:\/\/zkkplamenpozega.hr\/index.php?rest_route=\/wp\/v2\/media\/3030"}],"wp:attachment":[{"href":"https:\/\/zkkplamenpozega.hr\/index.php?rest_route=%2Fwp%2Fv2%2Fmedia&parent=3028"}],"wp:term":[{"taxonomy":"category","embeddable":true,"href":"https:\/\/zkkplamenpozega.hr\/index.php?rest_route=%2Fwp%2Fv2%2Fcategories&post=3028"},{"taxonomy":"post_tag","embeddable":true,"href":"https:\/\/zkkplamenpozega.hr\/index.php?rest_route=%2Fwp%2Fv2%2Ftags&post=3028"}],"curies":[{"name":"wp","href":"https:\/\/api.w.org\/{rel}","templated":true}]}}