{"id":2892,"date":"2021-10-04T11:29:22","date_gmt":"2021-10-04T11:29:22","guid":{"rendered":"https:\/\/zkkplamenpozega.hr\/?p=2892"},"modified":"2021-10-12T11:49:09","modified_gmt":"2021-10-12T11:49:09","slug":"pocela-premijer-liga","status":"publish","type":"post","link":"https:\/\/zkkplamenpozega.hr\/?p=2892","title":{"rendered":"Po\u010dela Premijer liga!"},"content":{"rendered":"<div class=\"wpb-content-wrapper\"><p>[vc_row][vc_column][vc_column_text]<\/p>\n<ol start=\"3\">\n<li>listopada gostovanjem u \u0160ibeniku otvorili smo sezonu \u017eenske ko\u0161arka\u0161ke Premijer lige. Pobjedom protiv \u017dKK \u0160ibenik sa postignutih 95 ko\u0161eva naprema 58 uspje\u0161no smo u\u0161li u novu natjecateljsku godinu. Boravak u \u0160ibeniku iskoristili smo i za odlazak na Baldekin, kako bi odali po\u010dast velikom Dra\u017eenu Petrovi\u0107u.<\/li>\n<\/ol>\n<p>[\/vc_column_text][\/vc_column][\/vc_row][vc_row][vc_column][cz_image id=&#8221;cz_17565&#8243; image=&#8221;2895&#8243;][\/cz_image][cz_gap height=&#8221;20px&#8221; height_tablet=&#8221;20px&#8221; height_mobile=&#8221;20px&#8221;][\/vc_column][\/vc_row][vc_row][vc_column][cz_image id=&#8221;cz_37191&#8243; image=&#8221;2896&#8243;][\/cz_image][cz_gap height=&#8221;20px&#8221; height_tablet=&#8221;20px&#8221; height_mobile=&#8221;20px&#8221;][\/vc_column][\/vc_row][vc_row][vc_column][cz_image id=&#8221;cz_80461&#8243; image=&#8221;2897&#8243;][\/cz_image][cz_gap height=&#8221;20px&#8221; height_tablet=&#8221;20px&#8221; height_mobile=&#8221;20px&#8221;][\/vc_column][\/vc_row][vc_row][vc_column][cz_image id=&#8221;cz_21438&#8243; image=&#8221;2898&#8243;][\/cz_image][cz_gap height=&#8221;20px&#8221; height_tablet=&#8221;20px&#8221; height_mobile=&#8221;20px&#8221;][\/vc_column][\/vc_row][vc_row][vc_column][cz_image id=&#8221;cz_96158&#8243; image=&#8221;2899&#8243;][\/cz_image][cz_gap height=&#8221;20px&#8221; height_tablet=&#8221;20px&#8221; height_mobile=&#8221;20px&#8221;][\/vc_column][\/vc_row][vc_row][vc_column][cz_image id=&#8221;cz_47623&#8243; image=&#8221;2900&#8243;][\/cz_image][cz_gap height=&#8221;20px&#8221; height_tablet=&#8221;20px&#8221; height_mobile=&#8221;20px&#8221;][\/vc_column][\/vc_row][vc_row][vc_column][cz_image id=&#8221;cz_75281&#8243; image=&#8221;2901&#8243;][\/cz_image][cz_gap height=&#8221;20px&#8221; height_tablet=&#8221;20px&#8221; height_mobile=&#8221;20px&#8221;][\/vc_column][\/vc_row][vc_row][vc_column][cz_image id=&#8221;cz_94319&#8243; image=&#8221;2902&#8243;][\/cz_image][cz_gap height=&#8221;20px&#8221; height_tablet=&#8221;20px&#8221; height_mobile=&#8221;20px&#8221;][\/vc_column][\/vc_row][vc_row][vc_column][cz_image id=&#8221;cz_82049&#8243; image=&#8221;2903&#8243;][\/cz_image][\/vc_column][\/vc_row]<\/p>\n<\/div>","protected":false},"excerpt":{"rendered":"<p>[vc_row][vc_column][vc_column_text] listopada gostovanjem u \u0160ibeniku otvorili smo sezonu \u017eenske ko\u0161arka\u0161ke Premijer lige. Pobjedom protiv \u017dKK \u0160ibenik sa postignutih 95 ko\u0161eva naprema 58 uspje\u0161no smo u\u0161li u novu natjecateljsku godinu. Boravak u \u0160ibeniku iskoristili smo i za odlazak na Baldekin, kako bi odali po\u010dast velikom Dra\u017eenu Petrovi\u0107u. [\/vc_column_text][\/vc_column][\/vc_row][vc_row][vc_column][cz_image id=&#8221;cz_17565&#8243; image=&#8221;2895&#8243;][\/cz_image][cz_gap height=&#8221;20px&#8221; height_tablet=&#8221;20px&#8221; height_mobile=&#8221;20px&#8221;][\/vc_column][\/vc_row][vc_row][vc_column][cz_image id=&#8221;cz_37191&#8243; image=&#8221;2896&#8243;][\/cz_image][cz_gap height=&#8221;20px&#8221;&#8230;<\/p>\n","protected":false},"author":4,"featured_media":2893,"comment_status":"open","ping_status":"open","sticky":false,"template":"","format":"standard","meta":{"_acf_changed":false,"footnotes":""},"categories":[120],"tags":[],"class_list":["post-2892","post","type-post","status-publish","format-standard","has-post-thumbnail","hentry","category-novosti"],"acf":[],"yoast_head":"<!-- This site is optimized with the Yoast SEO plugin v27.4 - https:\/\/yoast.com\/product\/yoast-seo-wordpress\/ -->\n<title>Po\u010dela Premijer liga! - \u017dKK Plamen Po\u017eega<\/title>\n<meta name=\"robots\" content=\"index, follow, max-snippet:-1, max-image-preview:large, max-video-preview:-1\" \/>\n<link rel=\"canonical\" href=\"https:\/\/zkkplamenpozega.hr\/?p=2892\" \/>\n<meta property=\"og:locale\" content=\"hr_HR\" \/>\n<meta property=\"og:type\" content=\"article\" \/>\n<meta property=\"og:title\" content=\"Po\u010dela Premijer liga! - \u017dKK Plamen Po\u017eega\" \/>\n<meta property=\"og:description\" content=\"[vc_row][vc_column][vc_column_text] listopada gostovanjem u \u0160ibeniku otvorili smo sezonu \u017eenske ko\u0161arka\u0161ke Premijer lige. Pobjedom protiv \u017dKK \u0160ibenik sa postignutih 95 ko\u0161eva naprema 58 uspje\u0161no smo u\u0161li u novu natjecateljsku godinu. Boravak u \u0160ibeniku iskoristili smo i za odlazak na Baldekin, kako bi odali po\u010dast velikom Dra\u017eenu Petrovi\u0107u. [\/vc_column_text][\/vc_column][\/vc_row][vc_row][vc_column][cz_image id=&#8221;cz_17565&#8243; image=&#8221;2895&#8243;][\/cz_image][cz_gap height=&#8221;20px&#8221; height_tablet=&#8221;20px&#8221; height_mobile=&#8221;20px&#8221;][\/vc_column][\/vc_row][vc_row][vc_column][cz_image id=&#8221;cz_37191&#8243; image=&#8221;2896&#8243;][\/cz_image][cz_gap height=&#8221;20px&#8221;...\" \/>\n<meta property=\"og:url\" content=\"https:\/\/zkkplamenpozega.hr\/?p=2892\" \/>\n<meta property=\"og:site_name\" content=\"\u017dKK Plamen Po\u017eega\" \/>\n<meta property=\"article:publisher\" content=\"https:\/\/www.facebook.com\/zkkplamenpozega\/\" \/>\n<meta property=\"article:published_time\" content=\"2021-10-04T11:29:22+00:00\" \/>\n<meta property=\"article:modified_time\" content=\"2021-10-12T11:49:09+00:00\" \/>\n<meta property=\"og:image\" content=\"https:\/\/zkkplamenpozega.hr\/wp-content\/uploads\/2021\/10\/IMG-20211003-WA0013-1.jpg\" \/>\n\t<meta property=\"og:image:width\" content=\"1599\" \/>\n\t<meta property=\"og:image:height\" content=\"777\" \/>\n\t<meta property=\"og:image:type\" content=\"image\/jpeg\" \/>\n<meta name=\"author\" content=\"Davor\" \/>\n<meta name=\"twitter:card\" content=\"summary_large_image\" \/>\n<meta name=\"twitter:label1\" content=\"Napisao\/la\" \/>\n\t<meta name=\"twitter:data1\" content=\"Davor\" \/>\n\t<meta name=\"twitter:label2\" content=\"Procijenjeno vrijeme \u010ditanja\" \/>\n\t<meta name=\"twitter:data2\" content=\"1 minuta\" \/>\n<script type=\"application\/ld+json\" class=\"yoast-schema-graph\">{\"@context\":\"https:\\\/\\\/schema.org\",\"@graph\":[{\"@type\":\"Article\",\"@id\":\"https:\\\/\\\/zkkplamenpozega.hr\\\/?p=2892#article\",\"isPartOf\":{\"@id\":\"https:\\\/\\\/zkkplamenpozega.hr\\\/?p=2892\"},\"author\":{\"name\":\"Davor\",\"@id\":\"https:\\\/\\\/zkkplamenpozega.hr\\\/#\\\/schema\\\/person\\\/82320ceb5842285d0aefef3a7b502300\"},\"headline\":\"Po\u010dela Premijer liga!\",\"datePublished\":\"2021-10-04T11:29:22+00:00\",\"dateModified\":\"2021-10-12T11:49:09+00:00\",\"mainEntityOfPage\":{\"@id\":\"https:\\\/\\\/zkkplamenpozega.hr\\\/?p=2892\"},\"wordCount\":284,\"commentCount\":0,\"publisher\":{\"@id\":\"https:\\\/\\\/zkkplamenpozega.hr\\\/#organization\"},\"image\":{\"@id\":\"https:\\\/\\\/zkkplamenpozega.hr\\\/?p=2892#primaryimage\"},\"thumbnailUrl\":\"https:\\\/\\\/zkkplamenpozega.hr\\\/wp-content\\\/uploads\\\/2021\\\/10\\\/IMG-20211003-WA0013-1.jpg\",\"articleSection\":[\"Novosti\"],\"inLanguage\":\"hr\",\"potentialAction\":[{\"@type\":\"CommentAction\",\"name\":\"Comment\",\"target\":[\"https:\\\/\\\/zkkplamenpozega.hr\\\/?p=2892#respond\"]}]},{\"@type\":\"WebPage\",\"@id\":\"https:\\\/\\\/zkkplamenpozega.hr\\\/?p=2892\",\"url\":\"https:\\\/\\\/zkkplamenpozega.hr\\\/?p=2892\",\"name\":\"Po\u010dela Premijer liga! - \u017dKK Plamen Po\u017eega\",\"isPartOf\":{\"@id\":\"https:\\\/\\\/zkkplamenpozega.hr\\\/#website\"},\"primaryImageOfPage\":{\"@id\":\"https:\\\/\\\/zkkplamenpozega.hr\\\/?p=2892#primaryimage\"},\"image\":{\"@id\":\"https:\\\/\\\/zkkplamenpozega.hr\\\/?p=2892#primaryimage\"},\"thumbnailUrl\":\"https:\\\/\\\/zkkplamenpozega.hr\\\/wp-content\\\/uploads\\\/2021\\\/10\\\/IMG-20211003-WA0013-1.jpg\",\"datePublished\":\"2021-10-04T11:29:22+00:00\",\"dateModified\":\"2021-10-12T11:49:09+00:00\",\"breadcrumb\":{\"@id\":\"https:\\\/\\\/zkkplamenpozega.hr\\\/?p=2892#breadcrumb\"},\"inLanguage\":\"hr\",\"potentialAction\":[{\"@type\":\"ReadAction\",\"target\":[\"https:\\\/\\\/zkkplamenpozega.hr\\\/?p=2892\"]}]},{\"@type\":\"ImageObject\",\"inLanguage\":\"hr\",\"@id\":\"https:\\\/\\\/zkkplamenpozega.hr\\\/?p=2892#primaryimage\",\"url\":\"https:\\\/\\\/zkkplamenpozega.hr\\\/wp-content\\\/uploads\\\/2021\\\/10\\\/IMG-20211003-WA0013-1.jpg\",\"contentUrl\":\"https:\\\/\\\/zkkplamenpozega.hr\\\/wp-content\\\/uploads\\\/2021\\\/10\\\/IMG-20211003-WA0013-1.jpg\",\"width\":1599,\"height\":777},{\"@type\":\"BreadcrumbList\",\"@id\":\"https:\\\/\\\/zkkplamenpozega.hr\\\/?p=2892#breadcrumb\",\"itemListElement\":[{\"@type\":\"ListItem\",\"position\":1,\"name\":\"Po\u010detna stranica\",\"item\":\"https:\\\/\\\/zkkplamenpozega.hr\\\/\"},{\"@type\":\"ListItem\",\"position\":2,\"name\":\"Po\u010dela Premijer liga!\"}]},{\"@type\":\"WebSite\",\"@id\":\"https:\\\/\\\/zkkplamenpozega.hr\\\/#website\",\"url\":\"https:\\\/\\\/zkkplamenpozega.hr\\\/\",\"name\":\"\u017dKK Plamen Po\u017eega\",\"description\":\"Plamene su najbolje\",\"publisher\":{\"@id\":\"https:\\\/\\\/zkkplamenpozega.hr\\\/#organization\"},\"potentialAction\":[{\"@type\":\"SearchAction\",\"target\":{\"@type\":\"EntryPoint\",\"urlTemplate\":\"https:\\\/\\\/zkkplamenpozega.hr\\\/?s={search_term_string}\"},\"query-input\":{\"@type\":\"PropertyValueSpecification\",\"valueRequired\":true,\"valueName\":\"search_term_string\"}}],\"inLanguage\":\"hr\"},{\"@type\":\"Organization\",\"@id\":\"https:\\\/\\\/zkkplamenpozega.hr\\\/#organization\",\"name\":\"\u017denski ko\u0161arka\u0161ki klub Plamen Po\u017eega\",\"url\":\"https:\\\/\\\/zkkplamenpozega.hr\\\/\",\"logo\":{\"@type\":\"ImageObject\",\"inLanguage\":\"hr\",\"@id\":\"https:\\\/\\\/zkkplamenpozega.hr\\\/#\\\/schema\\\/logo\\\/image\\\/\",\"url\":\"https:\\\/\\\/zkkplamenpozega.hr\\\/wp-content\\\/uploads\\\/2020\\\/10\\\/logo-zkkpozega-e1602941511846.png\",\"contentUrl\":\"https:\\\/\\\/zkkplamenpozega.hr\\\/wp-content\\\/uploads\\\/2020\\\/10\\\/logo-zkkpozega-e1602941511846.png\",\"width\":400,\"height\":236,\"caption\":\"\u017denski ko\u0161arka\u0161ki klub Plamen Po\u017eega\"},\"image\":{\"@id\":\"https:\\\/\\\/zkkplamenpozega.hr\\\/#\\\/schema\\\/logo\\\/image\\\/\"},\"sameAs\":[\"https:\\\/\\\/www.facebook.com\\\/zkkplamenpozega\\\/\",\"https:\\\/\\\/www.instagram.com\\\/zkkplamenpozega\\\/?hl=hr\"]},{\"@type\":\"Person\",\"@id\":\"https:\\\/\\\/zkkplamenpozega.hr\\\/#\\\/schema\\\/person\\\/82320ceb5842285d0aefef3a7b502300\",\"name\":\"Davor\",\"image\":{\"@type\":\"ImageObject\",\"inLanguage\":\"hr\",\"@id\":\"https:\\\/\\\/secure.gravatar.com\\\/avatar\\\/c1ec3582fff2d9b790b22080c0da35b14d86c3d6ffa88efb64c99681eaf227dc?s=96&d=mm&r=g\",\"url\":\"https:\\\/\\\/secure.gravatar.com\\\/avatar\\\/c1ec3582fff2d9b790b22080c0da35b14d86c3d6ffa88efb64c99681eaf227dc?s=96&d=mm&r=g\",\"contentUrl\":\"https:\\\/\\\/secure.gravatar.com\\\/avatar\\\/c1ec3582fff2d9b790b22080c0da35b14d86c3d6ffa88efb64c99681eaf227dc?s=96&d=mm&r=g\",\"caption\":\"Davor\"}}]}<\/script>\n<!-- \/ Yoast SEO plugin. -->","yoast_head_json":{"title":"Po\u010dela Premijer liga! - \u017dKK Plamen Po\u017eega","robots":{"index":"index","follow":"follow","max-snippet":"max-snippet:-1","max-image-preview":"max-image-preview:large","max-video-preview":"max-video-preview:-1"},"canonical":"https:\/\/zkkplamenpozega.hr\/?p=2892","og_locale":"hr_HR","og_type":"article","og_title":"Po\u010dela Premijer liga! - \u017dKK Plamen Po\u017eega","og_description":"[vc_row][vc_column][vc_column_text] listopada gostovanjem u \u0160ibeniku otvorili smo sezonu \u017eenske ko\u0161arka\u0161ke Premijer lige. Pobjedom protiv \u017dKK \u0160ibenik sa postignutih 95 ko\u0161eva naprema 58 uspje\u0161no smo u\u0161li u novu natjecateljsku godinu. Boravak u \u0160ibeniku iskoristili smo i za odlazak na Baldekin, kako bi odali po\u010dast velikom Dra\u017eenu Petrovi\u0107u. [\/vc_column_text][\/vc_column][\/vc_row][vc_row][vc_column][cz_image id=&#8221;cz_17565&#8243; image=&#8221;2895&#8243;][\/cz_image][cz_gap height=&#8221;20px&#8221; height_tablet=&#8221;20px&#8221; height_mobile=&#8221;20px&#8221;][\/vc_column][\/vc_row][vc_row][vc_column][cz_image id=&#8221;cz_37191&#8243; image=&#8221;2896&#8243;][\/cz_image][cz_gap height=&#8221;20px&#8221;...","og_url":"https:\/\/zkkplamenpozega.hr\/?p=2892","og_site_name":"\u017dKK Plamen Po\u017eega","article_publisher":"https:\/\/www.facebook.com\/zkkplamenpozega\/","article_published_time":"2021-10-04T11:29:22+00:00","article_modified_time":"2021-10-12T11:49:09+00:00","og_image":[{"width":1599,"height":777,"url":"https:\/\/zkkplamenpozega.hr\/wp-content\/uploads\/2021\/10\/IMG-20211003-WA0013-1.jpg","type":"image\/jpeg"}],"author":"Davor","twitter_card":"summary_large_image","twitter_misc":{"Napisao\/la":"Davor","Procijenjeno vrijeme \u010ditanja":"1 minuta"},"schema":{"@context":"https:\/\/schema.org","@graph":[{"@type":"Article","@id":"https:\/\/zkkplamenpozega.hr\/?p=2892#article","isPartOf":{"@id":"https:\/\/zkkplamenpozega.hr\/?p=2892"},"author":{"name":"Davor","@id":"https:\/\/zkkplamenpozega.hr\/#\/schema\/person\/82320ceb5842285d0aefef3a7b502300"},"headline":"Po\u010dela Premijer liga!","datePublished":"2021-10-04T11:29:22+00:00","dateModified":"2021-10-12T11:49:09+00:00","mainEntityOfPage":{"@id":"https:\/\/zkkplamenpozega.hr\/?p=2892"},"wordCount":284,"commentCount":0,"publisher":{"@id":"https:\/\/zkkplamenpozega.hr\/#organization"},"image":{"@id":"https:\/\/zkkplamenpozega.hr\/?p=2892#primaryimage"},"thumbnailUrl":"https:\/\/zkkplamenpozega.hr\/wp-content\/uploads\/2021\/10\/IMG-20211003-WA0013-1.jpg","articleSection":["Novosti"],"inLanguage":"hr","potentialAction":[{"@type":"CommentAction","name":"Comment","target":["https:\/\/zkkplamenpozega.hr\/?p=2892#respond"]}]},{"@type":"WebPage","@id":"https:\/\/zkkplamenpozega.hr\/?p=2892","url":"https:\/\/zkkplamenpozega.hr\/?p=2892","name":"Po\u010dela Premijer liga! - \u017dKK Plamen Po\u017eega","isPartOf":{"@id":"https:\/\/zkkplamenpozega.hr\/#website"},"primaryImageOfPage":{"@id":"https:\/\/zkkplamenpozega.hr\/?p=2892#primaryimage"},"image":{"@id":"https:\/\/zkkplamenpozega.hr\/?p=2892#primaryimage"},"thumbnailUrl":"https:\/\/zkkplamenpozega.hr\/wp-content\/uploads\/2021\/10\/IMG-20211003-WA0013-1.jpg","datePublished":"2021-10-04T11:29:22+00:00","dateModified":"2021-10-12T11:49:09+00:00","breadcrumb":{"@id":"https:\/\/zkkplamenpozega.hr\/?p=2892#breadcrumb"},"inLanguage":"hr","potentialAction":[{"@type":"ReadAction","target":["https:\/\/zkkplamenpozega.hr\/?p=2892"]}]},{"@type":"ImageObject","inLanguage":"hr","@id":"https:\/\/zkkplamenpozega.hr\/?p=2892#primaryimage","url":"https:\/\/zkkplamenpozega.hr\/wp-content\/uploads\/2021\/10\/IMG-20211003-WA0013-1.jpg","contentUrl":"https:\/\/zkkplamenpozega.hr\/wp-content\/uploads\/2021\/10\/IMG-20211003-WA0013-1.jpg","width":1599,"height":777},{"@type":"BreadcrumbList","@id":"https:\/\/zkkplamenpozega.hr\/?p=2892#breadcrumb","itemListElement":[{"@type":"ListItem","position":1,"name":"Po\u010detna stranica","item":"https:\/\/zkkplamenpozega.hr\/"},{"@type":"ListItem","position":2,"name":"Po\u010dela Premijer liga!"}]},{"@type":"WebSite","@id":"https:\/\/zkkplamenpozega.hr\/#website","url":"https:\/\/zkkplamenpozega.hr\/","name":"\u017dKK Plamen Po\u017eega","description":"Plamene su najbolje","publisher":{"@id":"https:\/\/zkkplamenpozega.hr\/#organization"},"potentialAction":[{"@type":"SearchAction","target":{"@type":"EntryPoint","urlTemplate":"https:\/\/zkkplamenpozega.hr\/?s={search_term_string}"},"query-input":{"@type":"PropertyValueSpecification","valueRequired":true,"valueName":"search_term_string"}}],"inLanguage":"hr"},{"@type":"Organization","@id":"https:\/\/zkkplamenpozega.hr\/#organization","name":"\u017denski ko\u0161arka\u0161ki klub Plamen Po\u017eega","url":"https:\/\/zkkplamenpozega.hr\/","logo":{"@type":"ImageObject","inLanguage":"hr","@id":"https:\/\/zkkplamenpozega.hr\/#\/schema\/logo\/image\/","url":"https:\/\/zkkplamenpozega.hr\/wp-content\/uploads\/2020\/10\/logo-zkkpozega-e1602941511846.png","contentUrl":"https:\/\/zkkplamenpozega.hr\/wp-content\/uploads\/2020\/10\/logo-zkkpozega-e1602941511846.png","width":400,"height":236,"caption":"\u017denski ko\u0161arka\u0161ki klub Plamen Po\u017eega"},"image":{"@id":"https:\/\/zkkplamenpozega.hr\/#\/schema\/logo\/image\/"},"sameAs":["https:\/\/www.facebook.com\/zkkplamenpozega\/","https:\/\/www.instagram.com\/zkkplamenpozega\/?hl=hr"]},{"@type":"Person","@id":"https:\/\/zkkplamenpozega.hr\/#\/schema\/person\/82320ceb5842285d0aefef3a7b502300","name":"Davor","image":{"@type":"ImageObject","inLanguage":"hr","@id":"https:\/\/secure.gravatar.com\/avatar\/c1ec3582fff2d9b790b22080c0da35b14d86c3d6ffa88efb64c99681eaf227dc?s=96&d=mm&r=g","url":"https:\/\/secure.gravatar.com\/avatar\/c1ec3582fff2d9b790b22080c0da35b14d86c3d6ffa88efb64c99681eaf227dc?s=96&d=mm&r=g","contentUrl":"https:\/\/secure.gravatar.com\/avatar\/c1ec3582fff2d9b790b22080c0da35b14d86c3d6ffa88efb64c99681eaf227dc?s=96&d=mm&r=g","caption":"Davor"}}]}},"_links":{"self":[{"href":"https:\/\/zkkplamenpozega.hr\/index.php?rest_route=\/wp\/v2\/posts\/2892","targetHints":{"allow":["GET"]}}],"collection":[{"href":"https:\/\/zkkplamenpozega.hr\/index.php?rest_route=\/wp\/v2\/posts"}],"about":[{"href":"https:\/\/zkkplamenpozega.hr\/index.php?rest_route=\/wp\/v2\/types\/post"}],"author":[{"embeddable":true,"href":"https:\/\/zkkplamenpozega.hr\/index.php?rest_route=\/wp\/v2\/users\/4"}],"replies":[{"embeddable":true,"href":"https:\/\/zkkplamenpozega.hr\/index.php?rest_route=%2Fwp%2Fv2%2Fcomments&post=2892"}],"version-history":[{"count":0,"href":"https:\/\/zkkplamenpozega.hr\/index.php?rest_route=\/wp\/v2\/posts\/2892\/revisions"}],"wp:featuredmedia":[{"embeddable":true,"href":"https:\/\/zkkplamenpozega.hr\/index.php?rest_route=\/wp\/v2\/media\/2893"}],"wp:attachment":[{"href":"https:\/\/zkkplamenpozega.hr\/index.php?rest_route=%2Fwp%2Fv2%2Fmedia&parent=2892"}],"wp:term":[{"taxonomy":"category","embeddable":true,"href":"https:\/\/zkkplamenpozega.hr\/index.php?rest_route=%2Fwp%2Fv2%2Fcategories&post=2892"},{"taxonomy":"post_tag","embeddable":true,"href":"https:\/\/zkkplamenpozega.hr\/index.php?rest_route=%2Fwp%2Fv2%2Ftags&post=2892"}],"curies":[{"name":"wp","href":"https:\/\/api.w.org\/{rel}","templated":true}]}}