{"id":2599,"date":"2021-08-25T14:09:44","date_gmt":"2021-08-25T14:09:44","guid":{"rendered":"https:\/\/zkkplamenpozega.hr\/?p=2599"},"modified":"2021-08-25T14:14:19","modified_gmt":"2021-08-25T14:14:19","slug":"zenski-kosarkaski-klub-plamen-pozega-od-ove-godine-natjecanje-u-waba-ligi","status":"publish","type":"post","link":"https:\/\/zkkplamenpozega.hr\/?p=2599","title":{"rendered":"\u017dENSKI KO\u0160ARKA\u0160KI KLUB PLAMEN PO\u017dEGA od ove godine natjecanje u WABA ligi"},"content":{"rendered":"<div class=\"post_slika\" style=\"text-align: justify;\"><\/div>\n<div class=\"post_sadrzaj_p\">\n<p style=\"text-align: justify;\">Poslije ju\u010der odr\u017eane redovne izvje\u0161tajne skup\u0161tine u biv\u0161em prostoru po\u017ee\u0161kog restorana \u201eGavran\u201c, predstavnici\u00a0<strong>\u017denskog ko\u0161arka\u0161kog kluba Plamen Po\u017eega<\/strong>\u00a0imali su konferenciju za novinare. Predsjednica kluba\u00a0<strong>Ana Krpan<\/strong>\u00a0izrazila je spremnost za dobru suradnju s novinarima te istaknula da je po\u010detak natjecateljske sezone i da se igra\u010dice skupljaju, a klub se ekipirao i\u00a0 mo\u017ee krenuti u nove sportske pobjede. Trener\u00a0<strong>Vladimir Englman<\/strong>\u00a0u uvodnom je izlaganju napomenuo da klub postoji ve\u0107 74 godine i nikada nije ispao iz Prve lige. Svojim pro\u0161logodi\u0161njim rezultatima napravio je odre\u0111en napor, a ove godine igra i u\u00a0<strong>WABA ligi<\/strong>.<\/p>\n<p style=\"text-align: justify;\"><strong>U planu plasman u Super ligu<\/strong><\/p>\n<p style=\"text-align: justify;\">-Lani smo dobili poziv i odlu\u010dili smo se na taj iskorak, a za tu razinu natjecanja naravno da je potrebno osvje\u017eiti i poja\u010dati igra\u010dki kadar i dovesti \u00a0igra\u010dice. Od pro\u0161le godine ostali su nam gotovo sve igra\u010dice, a neke su oti\u0161le igrati u druge dr\u017eave. Doveli smo kao poja\u010danje one koje nam nedostaju na pojedinim pozicijama. Dobili smo jednu ameri\u010dku kao zamjenu za jo\u0161 jednu ameri\u010dku igra\u010dicu, a uspjeli smo dovesti neke djevojke iz na\u0161e lige ili vratiti neke na\u0161e po\u017ee\u0161ke. Mislim da imamo solidnu ekipu koja se u nacionalnom prvenstvu mo\u017ee boriti za \u201efail on ford\u201c, a u WABA ligi, koja je za nas novo natjecanje i ne poznajemo ekipe, o\u010dekujem da izborimo plasman u Super ligu, da ne igramo Ligu za opstanak. Nadam se da \u0107emo s ovim igra\u010dkim kadrom to mo\u0107i napraviti. Stru\u010dno smo se poja\u010dali, imamo mladu trenericu sa zavr\u0161enim fakultetom, na\u0161u biv\u0161u ko\u0161arka\u0161icu\u00a0<strong>Nata\u0161u Budo\u0161<\/strong>\u00a0koja nam se priklju\u010dila. Priklju\u010dio nam se i\u00a0<strong>Filip Kojanovi\u0107<\/strong>\u00a0koji \u0107e raditi na fizi\u010dkoj pripremi, a imamo i \u00a0jednog mladog pripravnika koji trenutno kao volonter radi s mla\u0111im kategorijama, a \u0161aljemo ga na \u0161kolovanje-kazao je trener te iznio informaciju o mla\u0111im uzrasnim kategorijama.<\/p>\n<p style=\"text-align: justify;\"><strong>Tijekom listopada \u010dak deset zahtjevnih utakmica<\/strong><\/p>\n<p style=\"text-align: justify;\">-Da bismo mogli igrati na ovoj razini natjecanja, moramo imati najmanje dvije uzrasne kategorije. Pro\u0161le godine imali smo ih \u010detiri: predkadetkinje, kadetkinje, juniorke i najmla\u0111e U-13. Covid-19 nas je poremetio pa smo odigrali samo s uzrastom U-13. S obzirom na to da se dio juniorki priklju\u010dio seniorskoj ekipi, juniorsku ne\u0107emo prijavljivati, ve\u0107 U-13 i kadetkinje. Nagla\u0161avam da smo pro\u0161le godine imali tri igra\u010dice koje su bile na \u0161irem popisu za reprezentaciju u mla\u0111im uzrasnim kategorijama i\u00a0<strong>Kristinu Mari\u010devi\u0107<\/strong>\u00a0koja je ove godine bila u kadetskoj reprezentaciji Hrvatske. U prvenstvo ulazimo s tri centra, s tri play igra\u010dice, a od \u00a029. rujna do 30. listopada imat \u0107emo deset utakmica, \u0161to je iznimno zahtjevno. O\u010dekujemo da nam se na krilnim pozicijama priklju\u010di jo\u0161 jedna igra\u010dica, tra\u017eimo \u0161utericu, a na ostalim pozicijama je sve popunjeno. Ovu WABA ligu bez minimalno osam igra\u010dica, koje mogu participirati, ne mo\u017eete igrati, ali problem je u tome \u0161to od na\u0161ih po\u017ee\u0161kih igra\u010dica to te\u0161ko mo\u017eemo o\u010dekivati. Njih tri ne mogu i\u0107i na gostuju\u0107e utakmice jer rade, idu u \u0161kolu, na fakultete pa stoga moramo imati djevojke koje su odredile da se bave ko\u0161arkom i da im je ona prioritet i odsko\u010dna daska u Europi. Potrebno je na\u0107i igra\u010dice koje su spremne \u017ertvovati se, trenirati, igrati i putovati-istaknuo je Englman.<\/p>\n<p style=\"text-align: justify;\"><strong>Provo\u0111enje projekta ko\u0161arka\u0161ke akademije<\/strong><\/p>\n<p style=\"text-align: justify;\">Govore\u0107i o provo\u0111enju projekta ko\u0161arka\u0161ke akademije koji traje \u0161est mjeseci, od 1. srpnja do 31. prosinca, trener je podsjetio da je rije\u010d o uzrastu od 7 do 17 godina, a imaju oko 150 djece, uglavnom mla\u0111ih. Projekt se provodi u Po\u017eegi, Pleternici i Oriovcu, a o\u010dekuje se da se od po\u010detka \u0161kolske godine broj djece dva puta pove\u0107a, posebno u Pleternici i Oriovcu. Zaklju\u010duju\u0107i izlaganje, trener Englman je napomenuo da klub ima dva sponzora: Sevoj i dugogodi\u0161njeg \u201ePlamena\u201c bez kojega vjerojatno ne bi ni postojali ili bi se ve\u0107 davno ugasili. -Od biv\u0161e gradske uprave bili smo ma\u0107ehinski prihva\u0107eni, a sada\u0161nji gradona\u010delnik u prvim kontaktima dao nam je podr\u0161ku i omogu\u0107io prijevoz na utakmice. O\u010dekujemo da nas Grad Po\u017eega kvalitetnije prati nego dosad-zaklju\u010dio je V. Englman.<\/p>\n<p style=\"text-align: justify;\"><strong>Financijska stabilnost kluba u svim segmentima<\/strong><\/p>\n<p style=\"text-align: justify;\">Predsjednik Nadzornog odbora\u00a0<strong>\u017deljko Krpan<\/strong>\u00a0govorio je o pro\u0161logodi\u0161njim problemima s financijama, a godina je zavr\u0161ena s 283 kune vi\u0161e rashoda od prihoda.<\/p>\n<p style=\"text-align: justify;\">-Za prvih \u0161est mjeseci ove godine imamo 26.000 kuna vi\u0161e prihoda od rashoda, a na ra\u010dunu oko 60.000 kuna, \u0161to zna\u010di da je klub apsolutno financijski stabilan u svim segmentima. Sponzori su se dodatno uklju\u010dili, a oni \u010dine vi\u0161e od 70 posto prihoda. Stari sponzori financiraju nas s oko 170.000 kuna, a uklju\u010dili su se i neki novi sponzori. U nekoliko mjeseci uspjeli smo poslo\u017eiti financije. Predsjednica kluba pobrinula se za odnose s javno\u0161\u0107u, a krenut \u0107e u \u017eestoku bitku za \u017eenska prava u smislu participacije financiranja \u017eenskog sporta \u00a0u odnosu na mu\u0161ki. \u00a0Iz europskih \u00a0sredstava opremili smo se loptama i dresovima, \u00a0uspjeli smo privu\u0107i igra\u010dice da nam dolaze u Po\u017eegu, me\u0111u njima i iz Konga, a svijet postaje globalno selo-kazao je Krpan te napomenuo da upravu kluba i skup\u0161tinu uglavnom \u010dine intelektualci, situirani ljudi koji mogu shvatiti da je sport potreba, \u017eelja i ljubav i mogu se posvetiti ne\u010demu \u0161to im je izazov.<\/p>\n<p style=\"text-align: justify;\">-Na\u0161 trener je jedini u Hrvatskoj koji je volonter, a svi ostali su pla\u0107eni. \u017denski ko\u0161arka\u0161ki klub Po\u017eega stariji je godinu dana od Ko\u0161arka\u0161kog saveza Hrvatske i njegov je osniva\u010d, a nikada u povijesti nije ispao iz Prve lige. Igrao je u Drugoj ligi, ali zato \u0161to nije imao novca, te je bio \u010detverostruki prvak. To je nekakva tradicija koja zaslu\u017euje respekt. U drugom kolu \u00a0WABA lige dolazi nam u Po\u017eegu beogradski \u201ePartizan\u201c, a kasnije i \u201eBudu\u0107nost\u201c iz Podgorice, \u0161to je za na\u0161 grad sportski doga\u0111aj-zaklju\u010dio je predsjednik Nadzornog odbora.<\/p>\n<div id=\"gallery-2\" class=\"gallery galleryid-145489 gallery-columns-3 gallery-size-thumbnail\" style=\"text-align: justify;\">\n<dl class=\"gallery-item\">\n<dt class=\"gallery-icon landscape\"><a href=\"https:\/\/pozeskivodic.com\/wp-content\/uploads\/2021\/08\/IMG_5148.jpg\" data-litebox-group=\"galone\"><img loading=\"lazy\" decoding=\"async\" class=\"attachment-thumbnail size-thumbnail\" src=\"https:\/\/pozeskivodic.com\/wp-content\/uploads\/2021\/08\/IMG_5148-150x150.jpg\" sizes=\"auto, (max-width: 150px) 100vw, 150px\" srcset=\"https:\/\/pozeskivodic.com\/wp-content\/uploads\/2021\/08\/IMG_5148-150x150.jpg 150w, https:\/\/pozeskivodic.com\/wp-content\/uploads\/2021\/08\/IMG_5148-250x250.jpg 250w\" alt=\"\" width=\"150\" height=\"150\" \/><\/a><\/dt>\n<\/dl>\n<dl class=\"gallery-item\">\n<dt class=\"gallery-icon landscape\"><a href=\"https:\/\/pozeskivodic.com\/wp-content\/uploads\/2021\/08\/IMG_5151.jpg\" data-litebox-group=\"galone\"><img loading=\"lazy\" decoding=\"async\" class=\"attachment-thumbnail size-thumbnail\" src=\"https:\/\/pozeskivodic.com\/wp-content\/uploads\/2021\/08\/IMG_5151-150x150.jpg\" sizes=\"auto, (max-width: 150px) 100vw, 150px\" srcset=\"https:\/\/pozeskivodic.com\/wp-content\/uploads\/2021\/08\/IMG_5151-150x150.jpg 150w, https:\/\/pozeskivodic.com\/wp-content\/uploads\/2021\/08\/IMG_5151-250x250.jpg 250w\" alt=\"\" width=\"150\" height=\"150\" \/><\/a><\/dt>\n<\/dl>\n<dl class=\"gallery-item\">\n<dt class=\"gallery-icon landscape\"><a href=\"https:\/\/pozeskivodic.com\/wp-content\/uploads\/2021\/08\/IMG_5154.jpg\" data-litebox-group=\"galone\"><img loading=\"lazy\" decoding=\"async\" class=\"attachment-thumbnail size-thumbnail\" src=\"https:\/\/pozeskivodic.com\/wp-content\/uploads\/2021\/08\/IMG_5154-150x150.jpg\" sizes=\"auto, (max-width: 150px) 100vw, 150px\" srcset=\"https:\/\/pozeskivodic.com\/wp-content\/uploads\/2021\/08\/IMG_5154-150x150.jpg 150w, https:\/\/pozeskivodic.com\/wp-content\/uploads\/2021\/08\/IMG_5154-250x250.jpg 250w\" alt=\"\" width=\"150\" height=\"150\" \/><\/a><\/dt>\n<\/dl>\n<dl class=\"gallery-item\">\n<dt class=\"gallery-icon portrait\"><a href=\"https:\/\/pozeskivodic.com\/wp-content\/uploads\/2021\/08\/IMG_5156.jpg\" data-litebox-group=\"galone\"><img loading=\"lazy\" decoding=\"async\" class=\"attachment-thumbnail size-thumbnail\" src=\"https:\/\/pozeskivodic.com\/wp-content\/uploads\/2021\/08\/IMG_5156-150x150.jpg\" sizes=\"auto, (max-width: 150px) 100vw, 150px\" srcset=\"https:\/\/pozeskivodic.com\/wp-content\/uploads\/2021\/08\/IMG_5156-150x150.jpg 150w, https:\/\/pozeskivodic.com\/wp-content\/uploads\/2021\/08\/IMG_5156-250x250.jpg 250w\" alt=\"\" width=\"150\" height=\"150\" \/><\/a><\/dt>\n<\/dl>\n<dl class=\"gallery-item\">\n<dt class=\"gallery-icon landscape\"><a href=\"https:\/\/pozeskivodic.com\/wp-content\/uploads\/2021\/08\/IMG_5158.jpg\" data-litebox-group=\"galone\"><img loading=\"lazy\" decoding=\"async\" class=\"attachment-thumbnail size-thumbnail\" src=\"https:\/\/pozeskivodic.com\/wp-content\/uploads\/2021\/08\/IMG_5158-150x150.jpg\" sizes=\"auto, (max-width: 150px) 100vw, 150px\" srcset=\"https:\/\/pozeskivodic.com\/wp-content\/uploads\/2021\/08\/IMG_5158-150x150.jpg 150w, https:\/\/pozeskivodic.com\/wp-content\/uploads\/2021\/08\/IMG_5158-250x250.jpg 250w\" alt=\"\" width=\"150\" height=\"150\" \/><\/a><\/dt>\n<\/dl>\n<dl class=\"gallery-item\">\n<dt class=\"gallery-icon landscape\"><a href=\"https:\/\/pozeskivodic.com\/wp-content\/uploads\/2021\/08\/IMG_5168.jpg\" data-litebox-group=\"galone\"><img loading=\"lazy\" decoding=\"async\" class=\"attachment-thumbnail size-thumbnail\" src=\"https:\/\/pozeskivodic.com\/wp-content\/uploads\/2021\/08\/IMG_5168-150x150.jpg\" sizes=\"auto, (max-width: 150px) 100vw, 150px\" srcset=\"https:\/\/pozeskivodic.com\/wp-content\/uploads\/2021\/08\/IMG_5168-150x150.jpg 150w, https:\/\/pozeskivodic.com\/wp-content\/uploads\/2021\/08\/IMG_5168-250x250.jpg 250w\" alt=\"\" width=\"150\" height=\"150\" \/><\/a><\/dt>\n<\/dl>\n<\/div>\n<\/div>\n","protected":false},"excerpt":{"rendered":"<p>Poslije ju\u010der odr\u017eane redovne izvje\u0161tajne skup\u0161tine u biv\u0161em prostoru po\u017ee\u0161kog restorana \u201eGavran\u201c, predstavnici\u00a0\u017denskog ko\u0161arka\u0161kog kluba Plamen Po\u017eega\u00a0imali su konferenciju za novinare. Predsjednica kluba\u00a0Ana Krpan\u00a0izrazila je spremnost za dobru suradnju s novinarima te istaknula da je po\u010detak natjecateljske sezone i da se igra\u010dice skupljaju, a klub se ekipirao i\u00a0 mo\u017ee krenuti u nove sportske pobjede. Trener\u00a0Vladimir&#8230;<\/p>\n","protected":false},"author":2,"featured_media":2600,"comment_status":"open","ping_status":"open","sticky":false,"template":"","format":"standard","meta":{"_acf_changed":false,"footnotes":""},"categories":[120,1],"tags":[],"class_list":["post-2599","post","type-post","status-publish","format-standard","has-post-thumbnail","hentry","category-novosti","category-uncategorized"],"acf":[],"yoast_head":"<!-- This site is optimized with the Yoast SEO plugin v27.4 - https:\/\/yoast.com\/product\/yoast-seo-wordpress\/ -->\n<title>\u017dENSKI KO\u0160ARKA\u0160KI KLUB PLAMEN PO\u017dEGA od ove godine natjecanje u WABA ligi - \u017dKK Plamen Po\u017eega<\/title>\n<meta name=\"robots\" content=\"index, follow, max-snippet:-1, max-image-preview:large, max-video-preview:-1\" \/>\n<link rel=\"canonical\" href=\"https:\/\/zkkplamenpozega.hr\/?p=2599\" \/>\n<meta property=\"og:locale\" content=\"hr_HR\" \/>\n<meta property=\"og:type\" content=\"article\" \/>\n<meta property=\"og:title\" content=\"\u017dENSKI KO\u0160ARKA\u0160KI KLUB PLAMEN PO\u017dEGA od ove godine natjecanje u WABA ligi - \u017dKK Plamen Po\u017eega\" \/>\n<meta property=\"og:description\" content=\"Poslije ju\u010der odr\u017eane redovne izvje\u0161tajne skup\u0161tine u biv\u0161em prostoru po\u017ee\u0161kog restorana \u201eGavran\u201c, predstavnici\u00a0\u017denskog ko\u0161arka\u0161kog kluba Plamen Po\u017eega\u00a0imali su konferenciju za novinare. Predsjednica kluba\u00a0Ana Krpan\u00a0izrazila je spremnost za dobru suradnju s novinarima te istaknula da je po\u010detak natjecateljske sezone i da se igra\u010dice skupljaju, a klub se ekipirao i\u00a0 mo\u017ee krenuti u nove sportske pobjede. Trener\u00a0Vladimir...\" \/>\n<meta property=\"og:url\" content=\"https:\/\/zkkplamenpozega.hr\/?p=2599\" \/>\n<meta property=\"og:site_name\" content=\"\u017dKK Plamen Po\u017eega\" \/>\n<meta property=\"article:publisher\" content=\"https:\/\/www.facebook.com\/zkkplamenpozega\/\" \/>\n<meta property=\"article:published_time\" content=\"2021-08-25T14:09:44+00:00\" \/>\n<meta property=\"article:modified_time\" content=\"2021-08-25T14:14:19+00:00\" \/>\n<meta property=\"og:image\" content=\"https:\/\/zkkplamenpozega.hr\/wp-content\/uploads\/2021\/08\/zkk5.jpg\" \/>\n\t<meta property=\"og:image:width\" content=\"645\" \/>\n\t<meta property=\"og:image:height\" content=\"320\" \/>\n\t<meta property=\"og:image:type\" content=\"image\/jpeg\" \/>\n<meta name=\"author\" content=\"lana\" \/>\n<meta name=\"twitter:card\" content=\"summary_large_image\" \/>\n<meta name=\"twitter:label1\" content=\"Napisao\/la\" \/>\n\t<meta name=\"twitter:data1\" content=\"lana\" \/>\n\t<meta name=\"twitter:label2\" content=\"Procijenjeno vrijeme \u010ditanja\" \/>\n\t<meta name=\"twitter:data2\" content=\"6 minuta\" \/>\n<script type=\"application\/ld+json\" class=\"yoast-schema-graph\">{\"@context\":\"https:\\\/\\\/schema.org\",\"@graph\":[{\"@type\":\"Article\",\"@id\":\"https:\\\/\\\/zkkplamenpozega.hr\\\/?p=2599#article\",\"isPartOf\":{\"@id\":\"https:\\\/\\\/zkkplamenpozega.hr\\\/?p=2599\"},\"author\":{\"name\":\"lana\",\"@id\":\"https:\\\/\\\/zkkplamenpozega.hr\\\/#\\\/schema\\\/person\\\/b4e6e4385401c1649982f933dd9180e8\"},\"headline\":\"\u017dENSKI KO\u0160ARKA\u0160KI KLUB PLAMEN PO\u017dEGA od ove godine natjecanje u WABA ligi\",\"datePublished\":\"2021-08-25T14:09:44+00:00\",\"dateModified\":\"2021-08-25T14:14:19+00:00\",\"mainEntityOfPage\":{\"@id\":\"https:\\\/\\\/zkkplamenpozega.hr\\\/?p=2599\"},\"wordCount\":1051,\"commentCount\":0,\"publisher\":{\"@id\":\"https:\\\/\\\/zkkplamenpozega.hr\\\/#organization\"},\"image\":{\"@id\":\"https:\\\/\\\/zkkplamenpozega.hr\\\/?p=2599#primaryimage\"},\"thumbnailUrl\":\"https:\\\/\\\/zkkplamenpozega.hr\\\/wp-content\\\/uploads\\\/2021\\\/08\\\/zkk5.jpg\",\"articleSection\":[\"Novosti\",\"Uncategorized\"],\"inLanguage\":\"hr\",\"potentialAction\":[{\"@type\":\"CommentAction\",\"name\":\"Comment\",\"target\":[\"https:\\\/\\\/zkkplamenpozega.hr\\\/?p=2599#respond\"]}]},{\"@type\":\"WebPage\",\"@id\":\"https:\\\/\\\/zkkplamenpozega.hr\\\/?p=2599\",\"url\":\"https:\\\/\\\/zkkplamenpozega.hr\\\/?p=2599\",\"name\":\"\u017dENSKI KO\u0160ARKA\u0160KI KLUB PLAMEN PO\u017dEGA od ove godine natjecanje u WABA ligi - \u017dKK Plamen Po\u017eega\",\"isPartOf\":{\"@id\":\"https:\\\/\\\/zkkplamenpozega.hr\\\/#website\"},\"primaryImageOfPage\":{\"@id\":\"https:\\\/\\\/zkkplamenpozega.hr\\\/?p=2599#primaryimage\"},\"image\":{\"@id\":\"https:\\\/\\\/zkkplamenpozega.hr\\\/?p=2599#primaryimage\"},\"thumbnailUrl\":\"https:\\\/\\\/zkkplamenpozega.hr\\\/wp-content\\\/uploads\\\/2021\\\/08\\\/zkk5.jpg\",\"datePublished\":\"2021-08-25T14:09:44+00:00\",\"dateModified\":\"2021-08-25T14:14:19+00:00\",\"breadcrumb\":{\"@id\":\"https:\\\/\\\/zkkplamenpozega.hr\\\/?p=2599#breadcrumb\"},\"inLanguage\":\"hr\",\"potentialAction\":[{\"@type\":\"ReadAction\",\"target\":[\"https:\\\/\\\/zkkplamenpozega.hr\\\/?p=2599\"]}]},{\"@type\":\"ImageObject\",\"inLanguage\":\"hr\",\"@id\":\"https:\\\/\\\/zkkplamenpozega.hr\\\/?p=2599#primaryimage\",\"url\":\"https:\\\/\\\/zkkplamenpozega.hr\\\/wp-content\\\/uploads\\\/2021\\\/08\\\/zkk5.jpg\",\"contentUrl\":\"https:\\\/\\\/zkkplamenpozega.hr\\\/wp-content\\\/uploads\\\/2021\\\/08\\\/zkk5.jpg\",\"width\":645,\"height\":320},{\"@type\":\"BreadcrumbList\",\"@id\":\"https:\\\/\\\/zkkplamenpozega.hr\\\/?p=2599#breadcrumb\",\"itemListElement\":[{\"@type\":\"ListItem\",\"position\":1,\"name\":\"Po\u010detna stranica\",\"item\":\"https:\\\/\\\/zkkplamenpozega.hr\\\/\"},{\"@type\":\"ListItem\",\"position\":2,\"name\":\"\u017dENSKI KO\u0160ARKA\u0160KI KLUB PLAMEN PO\u017dEGA od ove godine natjecanje u WABA ligi\"}]},{\"@type\":\"WebSite\",\"@id\":\"https:\\\/\\\/zkkplamenpozega.hr\\\/#website\",\"url\":\"https:\\\/\\\/zkkplamenpozega.hr\\\/\",\"name\":\"\u017dKK Plamen Po\u017eega\",\"description\":\"Plamene su najbolje\",\"publisher\":{\"@id\":\"https:\\\/\\\/zkkplamenpozega.hr\\\/#organization\"},\"potentialAction\":[{\"@type\":\"SearchAction\",\"target\":{\"@type\":\"EntryPoint\",\"urlTemplate\":\"https:\\\/\\\/zkkplamenpozega.hr\\\/?s={search_term_string}\"},\"query-input\":{\"@type\":\"PropertyValueSpecification\",\"valueRequired\":true,\"valueName\":\"search_term_string\"}}],\"inLanguage\":\"hr\"},{\"@type\":\"Organization\",\"@id\":\"https:\\\/\\\/zkkplamenpozega.hr\\\/#organization\",\"name\":\"\u017denski ko\u0161arka\u0161ki klub Plamen Po\u017eega\",\"url\":\"https:\\\/\\\/zkkplamenpozega.hr\\\/\",\"logo\":{\"@type\":\"ImageObject\",\"inLanguage\":\"hr\",\"@id\":\"https:\\\/\\\/zkkplamenpozega.hr\\\/#\\\/schema\\\/logo\\\/image\\\/\",\"url\":\"https:\\\/\\\/zkkplamenpozega.hr\\\/wp-content\\\/uploads\\\/2020\\\/10\\\/logo-zkkpozega-e1602941511846.png\",\"contentUrl\":\"https:\\\/\\\/zkkplamenpozega.hr\\\/wp-content\\\/uploads\\\/2020\\\/10\\\/logo-zkkpozega-e1602941511846.png\",\"width\":400,\"height\":236,\"caption\":\"\u017denski ko\u0161arka\u0161ki klub Plamen Po\u017eega\"},\"image\":{\"@id\":\"https:\\\/\\\/zkkplamenpozega.hr\\\/#\\\/schema\\\/logo\\\/image\\\/\"},\"sameAs\":[\"https:\\\/\\\/www.facebook.com\\\/zkkplamenpozega\\\/\",\"https:\\\/\\\/www.instagram.com\\\/zkkplamenpozega\\\/?hl=hr\"]},{\"@type\":\"Person\",\"@id\":\"https:\\\/\\\/zkkplamenpozega.hr\\\/#\\\/schema\\\/person\\\/b4e6e4385401c1649982f933dd9180e8\",\"name\":\"lana\",\"image\":{\"@type\":\"ImageObject\",\"inLanguage\":\"hr\",\"@id\":\"https:\\\/\\\/secure.gravatar.com\\\/avatar\\\/02e15c9047d568a19760b2ed39972f55eaf8588c6536bd32e5d3c6b75b286723?s=96&d=mm&r=g\",\"url\":\"https:\\\/\\\/secure.gravatar.com\\\/avatar\\\/02e15c9047d568a19760b2ed39972f55eaf8588c6536bd32e5d3c6b75b286723?s=96&d=mm&r=g\",\"contentUrl\":\"https:\\\/\\\/secure.gravatar.com\\\/avatar\\\/02e15c9047d568a19760b2ed39972f55eaf8588c6536bd32e5d3c6b75b286723?s=96&d=mm&r=g\",\"caption\":\"lana\"}}]}<\/script>\n<!-- \/ Yoast SEO plugin. -->","yoast_head_json":{"title":"\u017dENSKI KO\u0160ARKA\u0160KI KLUB PLAMEN PO\u017dEGA od ove godine natjecanje u WABA ligi - \u017dKK Plamen Po\u017eega","robots":{"index":"index","follow":"follow","max-snippet":"max-snippet:-1","max-image-preview":"max-image-preview:large","max-video-preview":"max-video-preview:-1"},"canonical":"https:\/\/zkkplamenpozega.hr\/?p=2599","og_locale":"hr_HR","og_type":"article","og_title":"\u017dENSKI KO\u0160ARKA\u0160KI KLUB PLAMEN PO\u017dEGA od ove godine natjecanje u WABA ligi - \u017dKK Plamen Po\u017eega","og_description":"Poslije ju\u010der odr\u017eane redovne izvje\u0161tajne skup\u0161tine u biv\u0161em prostoru po\u017ee\u0161kog restorana \u201eGavran\u201c, predstavnici\u00a0\u017denskog ko\u0161arka\u0161kog kluba Plamen Po\u017eega\u00a0imali su konferenciju za novinare. Predsjednica kluba\u00a0Ana Krpan\u00a0izrazila je spremnost za dobru suradnju s novinarima te istaknula da je po\u010detak natjecateljske sezone i da se igra\u010dice skupljaju, a klub se ekipirao i\u00a0 mo\u017ee krenuti u nove sportske pobjede. Trener\u00a0Vladimir...","og_url":"https:\/\/zkkplamenpozega.hr\/?p=2599","og_site_name":"\u017dKK Plamen Po\u017eega","article_publisher":"https:\/\/www.facebook.com\/zkkplamenpozega\/","article_published_time":"2021-08-25T14:09:44+00:00","article_modified_time":"2021-08-25T14:14:19+00:00","og_image":[{"width":645,"height":320,"url":"https:\/\/zkkplamenpozega.hr\/wp-content\/uploads\/2021\/08\/zkk5.jpg","type":"image\/jpeg"}],"author":"lana","twitter_card":"summary_large_image","twitter_misc":{"Napisao\/la":"lana","Procijenjeno vrijeme \u010ditanja":"6 minuta"},"schema":{"@context":"https:\/\/schema.org","@graph":[{"@type":"Article","@id":"https:\/\/zkkplamenpozega.hr\/?p=2599#article","isPartOf":{"@id":"https:\/\/zkkplamenpozega.hr\/?p=2599"},"author":{"name":"lana","@id":"https:\/\/zkkplamenpozega.hr\/#\/schema\/person\/b4e6e4385401c1649982f933dd9180e8"},"headline":"\u017dENSKI KO\u0160ARKA\u0160KI KLUB PLAMEN PO\u017dEGA od ove godine natjecanje u WABA ligi","datePublished":"2021-08-25T14:09:44+00:00","dateModified":"2021-08-25T14:14:19+00:00","mainEntityOfPage":{"@id":"https:\/\/zkkplamenpozega.hr\/?p=2599"},"wordCount":1051,"commentCount":0,"publisher":{"@id":"https:\/\/zkkplamenpozega.hr\/#organization"},"image":{"@id":"https:\/\/zkkplamenpozega.hr\/?p=2599#primaryimage"},"thumbnailUrl":"https:\/\/zkkplamenpozega.hr\/wp-content\/uploads\/2021\/08\/zkk5.jpg","articleSection":["Novosti","Uncategorized"],"inLanguage":"hr","potentialAction":[{"@type":"CommentAction","name":"Comment","target":["https:\/\/zkkplamenpozega.hr\/?p=2599#respond"]}]},{"@type":"WebPage","@id":"https:\/\/zkkplamenpozega.hr\/?p=2599","url":"https:\/\/zkkplamenpozega.hr\/?p=2599","name":"\u017dENSKI KO\u0160ARKA\u0160KI KLUB PLAMEN PO\u017dEGA od ove godine natjecanje u WABA ligi - \u017dKK Plamen Po\u017eega","isPartOf":{"@id":"https:\/\/zkkplamenpozega.hr\/#website"},"primaryImageOfPage":{"@id":"https:\/\/zkkplamenpozega.hr\/?p=2599#primaryimage"},"image":{"@id":"https:\/\/zkkplamenpozega.hr\/?p=2599#primaryimage"},"thumbnailUrl":"https:\/\/zkkplamenpozega.hr\/wp-content\/uploads\/2021\/08\/zkk5.jpg","datePublished":"2021-08-25T14:09:44+00:00","dateModified":"2021-08-25T14:14:19+00:00","breadcrumb":{"@id":"https:\/\/zkkplamenpozega.hr\/?p=2599#breadcrumb"},"inLanguage":"hr","potentialAction":[{"@type":"ReadAction","target":["https:\/\/zkkplamenpozega.hr\/?p=2599"]}]},{"@type":"ImageObject","inLanguage":"hr","@id":"https:\/\/zkkplamenpozega.hr\/?p=2599#primaryimage","url":"https:\/\/zkkplamenpozega.hr\/wp-content\/uploads\/2021\/08\/zkk5.jpg","contentUrl":"https:\/\/zkkplamenpozega.hr\/wp-content\/uploads\/2021\/08\/zkk5.jpg","width":645,"height":320},{"@type":"BreadcrumbList","@id":"https:\/\/zkkplamenpozega.hr\/?p=2599#breadcrumb","itemListElement":[{"@type":"ListItem","position":1,"name":"Po\u010detna stranica","item":"https:\/\/zkkplamenpozega.hr\/"},{"@type":"ListItem","position":2,"name":"\u017dENSKI KO\u0160ARKA\u0160KI KLUB PLAMEN PO\u017dEGA od ove godine natjecanje u WABA ligi"}]},{"@type":"WebSite","@id":"https:\/\/zkkplamenpozega.hr\/#website","url":"https:\/\/zkkplamenpozega.hr\/","name":"\u017dKK Plamen Po\u017eega","description":"Plamene su najbolje","publisher":{"@id":"https:\/\/zkkplamenpozega.hr\/#organization"},"potentialAction":[{"@type":"SearchAction","target":{"@type":"EntryPoint","urlTemplate":"https:\/\/zkkplamenpozega.hr\/?s={search_term_string}"},"query-input":{"@type":"PropertyValueSpecification","valueRequired":true,"valueName":"search_term_string"}}],"inLanguage":"hr"},{"@type":"Organization","@id":"https:\/\/zkkplamenpozega.hr\/#organization","name":"\u017denski ko\u0161arka\u0161ki klub Plamen Po\u017eega","url":"https:\/\/zkkplamenpozega.hr\/","logo":{"@type":"ImageObject","inLanguage":"hr","@id":"https:\/\/zkkplamenpozega.hr\/#\/schema\/logo\/image\/","url":"https:\/\/zkkplamenpozega.hr\/wp-content\/uploads\/2020\/10\/logo-zkkpozega-e1602941511846.png","contentUrl":"https:\/\/zkkplamenpozega.hr\/wp-content\/uploads\/2020\/10\/logo-zkkpozega-e1602941511846.png","width":400,"height":236,"caption":"\u017denski ko\u0161arka\u0161ki klub Plamen Po\u017eega"},"image":{"@id":"https:\/\/zkkplamenpozega.hr\/#\/schema\/logo\/image\/"},"sameAs":["https:\/\/www.facebook.com\/zkkplamenpozega\/","https:\/\/www.instagram.com\/zkkplamenpozega\/?hl=hr"]},{"@type":"Person","@id":"https:\/\/zkkplamenpozega.hr\/#\/schema\/person\/b4e6e4385401c1649982f933dd9180e8","name":"lana","image":{"@type":"ImageObject","inLanguage":"hr","@id":"https:\/\/secure.gravatar.com\/avatar\/02e15c9047d568a19760b2ed39972f55eaf8588c6536bd32e5d3c6b75b286723?s=96&d=mm&r=g","url":"https:\/\/secure.gravatar.com\/avatar\/02e15c9047d568a19760b2ed39972f55eaf8588c6536bd32e5d3c6b75b286723?s=96&d=mm&r=g","contentUrl":"https:\/\/secure.gravatar.com\/avatar\/02e15c9047d568a19760b2ed39972f55eaf8588c6536bd32e5d3c6b75b286723?s=96&d=mm&r=g","caption":"lana"}}]}},"_links":{"self":[{"href":"https:\/\/zkkplamenpozega.hr\/index.php?rest_route=\/wp\/v2\/posts\/2599","targetHints":{"allow":["GET"]}}],"collection":[{"href":"https:\/\/zkkplamenpozega.hr\/index.php?rest_route=\/wp\/v2\/posts"}],"about":[{"href":"https:\/\/zkkplamenpozega.hr\/index.php?rest_route=\/wp\/v2\/types\/post"}],"author":[{"embeddable":true,"href":"https:\/\/zkkplamenpozega.hr\/index.php?rest_route=\/wp\/v2\/users\/2"}],"replies":[{"embeddable":true,"href":"https:\/\/zkkplamenpozega.hr\/index.php?rest_route=%2Fwp%2Fv2%2Fcomments&post=2599"}],"version-history":[{"count":0,"href":"https:\/\/zkkplamenpozega.hr\/index.php?rest_route=\/wp\/v2\/posts\/2599\/revisions"}],"wp:featuredmedia":[{"embeddable":true,"href":"https:\/\/zkkplamenpozega.hr\/index.php?rest_route=\/wp\/v2\/media\/2600"}],"wp:attachment":[{"href":"https:\/\/zkkplamenpozega.hr\/index.php?rest_route=%2Fwp%2Fv2%2Fmedia&parent=2599"}],"wp:term":[{"taxonomy":"category","embeddable":true,"href":"https:\/\/zkkplamenpozega.hr\/index.php?rest_route=%2Fwp%2Fv2%2Fcategories&post=2599"},{"taxonomy":"post_tag","embeddable":true,"href":"https:\/\/zkkplamenpozega.hr\/index.php?rest_route=%2Fwp%2Fv2%2Ftags&post=2599"}],"curies":[{"name":"wp","href":"https:\/\/api.w.org\/{rel}","templated":true}]}}