{"id":2596,"date":"2021-08-25T14:03:51","date_gmt":"2021-08-25T14:03:51","guid":{"rendered":"https:\/\/zkkplamenpozega.hr\/?p=2596"},"modified":"2021-08-25T14:03:51","modified_gmt":"2021-08-25T14:03:51","slug":"kosarkasice-plamen-pozege-pojacane-krecu-u-aba-ligu-i-dalje-su-prvoligasice-a-uz-potporu-sponzora-ocekuju-naklonost-svoga-grada","status":"publish","type":"post","link":"https:\/\/zkkplamenpozega.hr\/?p=2596","title":{"rendered":"Ko\u0161arka\u0161ice Plamen Po\u017eege poja\u010dane kre\u0107u u ABA ligu i dalje su prvoliga\u0161ice, a uz potporu sponzora o\u010dekuju naklonost svoga grada"},"content":{"rendered":"<p style=\"text-align: justify;\">Izvanredna skup\u0161tina \u017denskog ko\u0161arka\u0161kog kluba Plamen Po\u017eege raspravljala je o stanju u ekipi, te spremnosti za prvenstvene nastupe kojih \u0107e biti mnogo jer \u0107e igrati na\u0161u Prvu ligu, te na me\u0111unarodnoj sceni u ABA ligi za klubovima iz desetak dr\u017eava! To je najve\u0107i iskorak po\u017ee\u0161kog ekipnog sporta u povijesti, a ovaj klub djeluje 74 godine stalno igraju\u0107i u najvi\u0161em rangu.<\/p>\n<p style=\"text-align: justify;\">-\u017delimo na\u0161em gradu pokazati \u0161to se mo\u017ee u\u010diniti na sportskom planu, ali na vi\u0161oj razini, te smo napravili iskorak u stru\u010dnom radu, organizaciji kluba, igra\u010dkom kadru i sastavu skup\u0161tine koju \u010dine uglavnom visokoobrazovani ljudi \u2013 kazala je predsjednica \u017dKK Plamen Po\u017eega Ana Krpan. Trener igra\u010dica dugi niz godina je Vladimir Englman, volonter, koji ne \u017eali truda i odricanja za ovaj sport.<\/p>\n<figure class=\"wp-block-image size-full is-style-rounded\" style=\"text-align: justify;\"><img loading=\"lazy\" decoding=\"async\" class=\"wp-image-302694\" src=\"https:\/\/pozega.eu\/wp-content\/uploads\/2021\/08\/DSC_0861.jpg\" sizes=\"auto, (max-width: 850px) 100vw, 850px\" srcset=\"https:\/\/pozega.eu\/wp-content\/uploads\/2021\/08\/DSC_0861.jpg 850w, https:\/\/pozega.eu\/wp-content\/uploads\/2021\/08\/DSC_0861-450x281.jpg 450w, https:\/\/pozega.eu\/wp-content\/uploads\/2021\/08\/DSC_0861-150x94.jpg 150w, https:\/\/pozega.eu\/wp-content\/uploads\/2021\/08\/DSC_0861-768x480.jpg 768w, https:\/\/pozega.eu\/wp-content\/uploads\/2021\/08\/DSC_0861-585x365.jpg 585w\" width=\"850\" height=\"531\" \/><\/figure>\n<p style=\"text-align: justify;\">-Na\u0161i rezultati donijeli su poziv za ABA ligu gdje su najja\u010di klubovi kao \u0161to su beogradski Partizan, te ekipe iz Podgorice, Skoplja, Celja, Bugarske i druge, a uz dosada\u0161nju ekipu, koja je uglavnom ostala na okupu stigla su i poja\u010danja iz Amerike, Konga itd \u2013 ka\u017ee Englman dodaju\u0107i da je ekipa solidna te se mo\u017ee boriti za vrh doma\u0107e lige, a u ABA ligi o\u010dekuje plasman u Superligu tj. borbu za prvaka. Poja\u010dali su i stru\u010dni sto\u017eer gdje su sada Nata\u0161a Budo\u0161, Filip Kojanovi\u0107 i drugi tako da radi vi\u0161e uzrasnih kategorija u klubu zbog \u010dega je organizirana i Ko\u0161arka\u0161ka akademija s polaznicima u Po\u017eegi, Pleternici i Oriovcu. U listopadu ih o\u010dekuje 10 utakmica u obje ligi, a popravlja si i financijska stanje u klubu. Uz dugogodi\u0161njeg sponzora Plamen iz Po\u017eege tu je i tvrtka Sevoj iz Zagreba.<\/p>\n<div style=\"text-align: justify;\">\n<div class=\"penci-custom-html-inside-content\">\n<div id=\"midasWidget__r76\">\n<div class=\"midas-itw-container\">\n<div class=\"midas-itw-footer\">\n<div class=\"midas-itw-line midas-itw-line-lower\"><\/div>\n<\/div>\n<\/div>\n<\/div>\n<\/div>\n<\/div>\n<p style=\"text-align: justify;\">-Spozori donose 70 posto prihoda jer ja\u010da njihov interes nakon iskoraka na me\u0111unarodnu scenu, a za potrebe smje\u0161taja i prehrane igra\u010dica klub je zakupio smje\u0161tajni dio objekta Gavran, dok je sponzorska tvrtka Petorka iz Po\u017eege zakupila restoran Trica u toj zgradi koji \u0107e dio prihoda usmjeriti klubu \u2013 kazao je predsjednik Nadzornog odbora \u017deljko krpan.<\/p>\n<p style=\"text-align: justify;\">Dat je podatak da su do sada od grada dobivali 70 tisu\u0107a kuna godi\u0161nje, pa su razgovarali s \u010delnicima Po\u017eege kako bi se to pobolj\u0161alo \u0161to je ve\u0107 rezultiralo osiguravanjem prijevoza za gostovanja kroz oba prvenstva.<\/p>\n<figure class=\"wp-block-gallery columns-1 is-cropped\">\n<figure><img loading=\"lazy\" decoding=\"async\" class=\"wp-image-302691\" src=\"https:\/\/pozega.eu\/wp-content\/uploads\/2021\/08\/DSC_0850.jpg\" sizes=\"auto, (max-width: 850px) 100vw, 850px\" srcset=\"https:\/\/pozega.eu\/wp-content\/uploads\/2021\/08\/DSC_0850.jpg 850w, https:\/\/pozega.eu\/wp-content\/uploads\/2021\/08\/DSC_0850-450x281.jpg 450w, https:\/\/pozega.eu\/wp-content\/uploads\/2021\/08\/DSC_0850-150x94.jpg 150w, https:\/\/pozega.eu\/wp-content\/uploads\/2021\/08\/DSC_0850-768x480.jpg 768w, https:\/\/pozega.eu\/wp-content\/uploads\/2021\/08\/DSC_0850-585x365.jpg 585w\" width=\"850\" height=\"531\" data-id=\"302691\" data-full-url=\"https:\/\/pozega.eu\/wp-content\/uploads\/2021\/08\/DSC_0850.jpg\" data-link=\"https:\/\/pozega.eu\/?attachment_id=302691\" \/><img loading=\"lazy\" decoding=\"async\" class=\"wp-image-302692\" src=\"https:\/\/pozega.eu\/wp-content\/uploads\/2021\/08\/DSC_0852.jpg\" sizes=\"auto, (max-width: 850px) 100vw, 850px\" srcset=\"https:\/\/pozega.eu\/wp-content\/uploads\/2021\/08\/DSC_0852.jpg 850w, https:\/\/pozega.eu\/wp-content\/uploads\/2021\/08\/DSC_0852-450x281.jpg 450w, https:\/\/pozega.eu\/wp-content\/uploads\/2021\/08\/DSC_0852-150x94.jpg 150w, https:\/\/pozega.eu\/wp-content\/uploads\/2021\/08\/DSC_0852-768x480.jpg 768w, https:\/\/pozega.eu\/wp-content\/uploads\/2021\/08\/DSC_0852-585x365.jpg 585w\" width=\"850\" height=\"531\" data-id=\"302692\" data-full-url=\"https:\/\/pozega.eu\/wp-content\/uploads\/2021\/08\/DSC_0852.jpg\" data-link=\"https:\/\/pozega.eu\/?attachment_id=302692\" \/><img loading=\"lazy\" decoding=\"async\" class=\"wp-image-302693\" src=\"https:\/\/pozega.eu\/wp-content\/uploads\/2021\/08\/DSC_0853.jpg\" sizes=\"auto, (max-width: 850px) 100vw, 850px\" srcset=\"https:\/\/pozega.eu\/wp-content\/uploads\/2021\/08\/DSC_0853.jpg 850w, https:\/\/pozega.eu\/wp-content\/uploads\/2021\/08\/DSC_0853-450x281.jpg 450w, https:\/\/pozega.eu\/wp-content\/uploads\/2021\/08\/DSC_0853-150x94.jpg 150w, https:\/\/pozega.eu\/wp-content\/uploads\/2021\/08\/DSC_0853-768x480.jpg 768w, https:\/\/pozega.eu\/wp-content\/uploads\/2021\/08\/DSC_0853-585x365.jpg 585w\" width=\"850\" height=\"531\" data-id=\"302693\" data-full-url=\"https:\/\/pozega.eu\/wp-content\/uploads\/2021\/08\/DSC_0853.jpg\" data-link=\"https:\/\/pozega.eu\/?attachment_id=302693\" \/><img loading=\"lazy\" decoding=\"async\" class=\"wp-image-302696\" src=\"https:\/\/pozega.eu\/wp-content\/uploads\/2021\/08\/DSC_0866.jpg\" sizes=\"auto, (max-width: 850px) 100vw, 850px\" srcset=\"https:\/\/pozega.eu\/wp-content\/uploads\/2021\/08\/DSC_0866.jpg 850w, https:\/\/pozega.eu\/wp-content\/uploads\/2021\/08\/DSC_0866-450x281.jpg 450w, https:\/\/pozega.eu\/wp-content\/uploads\/2021\/08\/DSC_0866-150x94.jpg 150w, https:\/\/pozega.eu\/wp-content\/uploads\/2021\/08\/DSC_0866-768x480.jpg 768w, https:\/\/pozega.eu\/wp-content\/uploads\/2021\/08\/DSC_0866-585x365.jpg 585w\" width=\"850\" height=\"531\" data-id=\"302696\" data-full-url=\"https:\/\/pozega.eu\/wp-content\/uploads\/2021\/08\/DSC_0866.jpg\" data-link=\"https:\/\/pozega.eu\/?attachment_id=302696\" \/><img loading=\"lazy\" decoding=\"async\" class=\"wp-image-302698\" src=\"https:\/\/pozega.eu\/wp-content\/uploads\/2021\/08\/DSC_0868.jpg\" sizes=\"auto, (max-width: 850px) 100vw, 850px\" srcset=\"https:\/\/pozega.eu\/wp-content\/uploads\/2021\/08\/DSC_0868.jpg 850w, https:\/\/pozega.eu\/wp-content\/uploads\/2021\/08\/DSC_0868-450x281.jpg 450w, https:\/\/pozega.eu\/wp-content\/uploads\/2021\/08\/DSC_0868-150x94.jpg 150w, https:\/\/pozega.eu\/wp-content\/uploads\/2021\/08\/DSC_0868-768x480.jpg 768w, https:\/\/pozega.eu\/wp-content\/uploads\/2021\/08\/DSC_0868-585x365.jpg 585w\" width=\"850\" height=\"531\" data-id=\"302698\" data-full-url=\"https:\/\/pozega.eu\/wp-content\/uploads\/2021\/08\/DSC_0868.jpg\" data-link=\"https:\/\/pozega.eu\/?attachment_id=302698\" \/><img loading=\"lazy\" decoding=\"async\" class=\"wp-image-302699\" src=\"https:\/\/pozega.eu\/wp-content\/uploads\/2021\/08\/DSC_0881.jpg\" sizes=\"auto, (max-width: 850px) 100vw, 850px\" srcset=\"https:\/\/pozega.eu\/wp-content\/uploads\/2021\/08\/DSC_0881.jpg 850w, https:\/\/pozega.eu\/wp-content\/uploads\/2021\/08\/DSC_0881-450x281.jpg 450w, https:\/\/pozega.eu\/wp-content\/uploads\/2021\/08\/DSC_0881-150x94.jpg 150w, https:\/\/pozega.eu\/wp-content\/uploads\/2021\/08\/DSC_0881-768x480.jpg 768w, https:\/\/pozega.eu\/wp-content\/uploads\/2021\/08\/DSC_0881-585x365.jpg 585w\" width=\"850\" height=\"531\" data-id=\"302699\" data-full-url=\"https:\/\/pozega.eu\/wp-content\/uploads\/2021\/08\/DSC_0881.jpg\" data-link=\"https:\/\/pozega.eu\/?attachment_id=302699\" \/><img loading=\"lazy\" decoding=\"async\" class=\"wp-image-302700\" src=\"https:\/\/pozega.eu\/wp-content\/uploads\/2021\/08\/DSC_0882.jpg\" sizes=\"auto, (max-width: 850px) 100vw, 850px\" srcset=\"https:\/\/pozega.eu\/wp-content\/uploads\/2021\/08\/DSC_0882.jpg 850w, https:\/\/pozega.eu\/wp-content\/uploads\/2021\/08\/DSC_0882-450x281.jpg 450w, https:\/\/pozega.eu\/wp-content\/uploads\/2021\/08\/DSC_0882-150x94.jpg 150w, https:\/\/pozega.eu\/wp-content\/uploads\/2021\/08\/DSC_0882-768x480.jpg 768w, https:\/\/pozega.eu\/wp-content\/uploads\/2021\/08\/DSC_0882-585x365.jpg 585w\" width=\"850\" height=\"531\" data-id=\"302700\" data-full-url=\"https:\/\/pozega.eu\/wp-content\/uploads\/2021\/08\/DSC_0882.jpg\" data-link=\"https:\/\/pozega.eu\/?attachment_id=302700\" \/><img loading=\"lazy\" decoding=\"async\" class=\"wp-image-302701\" src=\"https:\/\/pozega.eu\/wp-content\/uploads\/2021\/08\/DSC_0883.jpg\" sizes=\"auto, (max-width: 850px) 100vw, 850px\" srcset=\"https:\/\/pozega.eu\/wp-content\/uploads\/2021\/08\/DSC_0883.jpg 850w, https:\/\/pozega.eu\/wp-content\/uploads\/2021\/08\/DSC_0883-450x281.jpg 450w, https:\/\/pozega.eu\/wp-content\/uploads\/2021\/08\/DSC_0883-150x94.jpg 150w, https:\/\/pozega.eu\/wp-content\/uploads\/2021\/08\/DSC_0883-768x480.jpg 768w, https:\/\/pozega.eu\/wp-content\/uploads\/2021\/08\/DSC_0883-585x365.jpg 585w\" width=\"850\" height=\"531\" data-id=\"302701\" data-full-url=\"https:\/\/pozega.eu\/wp-content\/uploads\/2021\/08\/DSC_0883.jpg\" data-link=\"https:\/\/pozega.eu\/?attachment_id=302701\" \/><img loading=\"lazy\" decoding=\"async\" class=\"wp-image-302702\" src=\"https:\/\/pozega.eu\/wp-content\/uploads\/2021\/08\/DSC_0889.jpg\" sizes=\"auto, (max-width: 850px) 100vw, 850px\" srcset=\"https:\/\/pozega.eu\/wp-content\/uploads\/2021\/08\/DSC_0889.jpg 850w, https:\/\/pozega.eu\/wp-content\/uploads\/2021\/08\/DSC_0889-450x281.jpg 450w, https:\/\/pozega.eu\/wp-content\/uploads\/2021\/08\/DSC_0889-150x94.jpg 150w, https:\/\/pozega.eu\/wp-content\/uploads\/2021\/08\/DSC_0889-768x480.jpg 768w, https:\/\/pozega.eu\/wp-content\/uploads\/2021\/08\/DSC_0889-585x365.jpg 585w\" width=\"850\" height=\"531\" data-id=\"302702\" data-full-url=\"https:\/\/pozega.eu\/wp-content\/uploads\/2021\/08\/DSC_0889.jpg\" data-link=\"https:\/\/pozega.eu\/?attachment_id=302702\" \/><img loading=\"lazy\" decoding=\"async\" class=\"wp-image-302703\" src=\"https:\/\/pozega.eu\/wp-content\/uploads\/2021\/08\/DSC_0890.jpg\" sizes=\"auto, (max-width: 850px) 100vw, 850px\" srcset=\"https:\/\/pozega.eu\/wp-content\/uploads\/2021\/08\/DSC_0890.jpg 850w, https:\/\/pozega.eu\/wp-content\/uploads\/2021\/08\/DSC_0890-450x281.jpg 450w, https:\/\/pozega.eu\/wp-content\/uploads\/2021\/08\/DSC_0890-150x94.jpg 150w, https:\/\/pozega.eu\/wp-content\/uploads\/2021\/08\/DSC_0890-768x480.jpg 768w, https:\/\/pozega.eu\/wp-content\/uploads\/2021\/08\/DSC_0890-585x365.jpg 585w\" width=\"850\" height=\"531\" data-id=\"302703\" data-full-url=\"https:\/\/pozega.eu\/wp-content\/uploads\/2021\/08\/DSC_0890.jpg\" data-link=\"https:\/\/pozega.eu\/?attachment_id=302703\" \/><\/p>\n<figure><\/figure>\n<figure><\/figure>\n<\/figure>\n<\/figure>\n","protected":false},"excerpt":{"rendered":"<p>Izvanredna skup\u0161tina \u017denskog ko\u0161arka\u0161kog kluba Plamen Po\u017eege raspravljala je o stanju u ekipi, te spremnosti za prvenstvene nastupe kojih \u0107e biti mnogo jer \u0107e igrati na\u0161u Prvu ligu, te na me\u0111unarodnoj sceni u ABA ligi za klubovima iz desetak dr\u017eava! To je najve\u0107i iskorak po\u017ee\u0161kog ekipnog sporta u povijesti, a ovaj klub djeluje 74 godine&#8230;<\/p>\n","protected":false},"author":2,"featured_media":2597,"comment_status":"open","ping_status":"open","sticky":false,"template":"","format":"standard","meta":{"_acf_changed":false,"footnotes":""},"categories":[120],"tags":[],"class_list":["post-2596","post","type-post","status-publish","format-standard","has-post-thumbnail","hentry","category-novosti"],"acf":[],"yoast_head":"<!-- This site is optimized with the Yoast SEO plugin v27.4 - https:\/\/yoast.com\/product\/yoast-seo-wordpress\/ -->\n<title>Ko\u0161arka\u0161ice Plamen Po\u017eege poja\u010dane kre\u0107u u ABA ligu i dalje su prvoliga\u0161ice, a uz potporu sponzora o\u010dekuju naklonost svoga grada - \u017dKK Plamen Po\u017eega<\/title>\n<meta name=\"robots\" content=\"index, follow, max-snippet:-1, max-image-preview:large, max-video-preview:-1\" \/>\n<link rel=\"canonical\" href=\"https:\/\/zkkplamenpozega.hr\/?p=2596\" \/>\n<meta property=\"og:locale\" content=\"hr_HR\" \/>\n<meta property=\"og:type\" content=\"article\" \/>\n<meta property=\"og:title\" content=\"Ko\u0161arka\u0161ice Plamen Po\u017eege poja\u010dane kre\u0107u u ABA ligu i dalje su prvoliga\u0161ice, a uz potporu sponzora o\u010dekuju naklonost svoga grada - \u017dKK Plamen Po\u017eega\" \/>\n<meta property=\"og:description\" content=\"Izvanredna skup\u0161tina \u017denskog ko\u0161arka\u0161kog kluba Plamen Po\u017eege raspravljala je o stanju u ekipi, te spremnosti za prvenstvene nastupe kojih \u0107e biti mnogo jer \u0107e igrati na\u0161u Prvu ligu, te na me\u0111unarodnoj sceni u ABA ligi za klubovima iz desetak dr\u017eava! To je najve\u0107i iskorak po\u017ee\u0161kog ekipnog sporta u povijesti, a ovaj klub djeluje 74 godine...\" \/>\n<meta property=\"og:url\" content=\"https:\/\/zkkplamenpozega.hr\/?p=2596\" \/>\n<meta property=\"og:site_name\" content=\"\u017dKK Plamen Po\u017eega\" \/>\n<meta property=\"article:publisher\" content=\"https:\/\/www.facebook.com\/zkkplamenpozega\/\" \/>\n<meta property=\"article:published_time\" content=\"2021-08-25T14:03:51+00:00\" \/>\n<meta property=\"og:image\" content=\"https:\/\/zkkplamenpozega.hr\/wp-content\/uploads\/2021\/08\/zkk.jpg\" \/>\n\t<meta property=\"og:image:width\" content=\"850\" \/>\n\t<meta property=\"og:image:height\" content=\"531\" \/>\n\t<meta property=\"og:image:type\" content=\"image\/jpeg\" \/>\n<meta name=\"author\" content=\"lana\" \/>\n<meta name=\"twitter:card\" content=\"summary_large_image\" \/>\n<meta name=\"twitter:label1\" content=\"Napisao\/la\" \/>\n\t<meta name=\"twitter:data1\" content=\"lana\" \/>\n\t<meta name=\"twitter:label2\" content=\"Procijenjeno vrijeme \u010ditanja\" \/>\n\t<meta name=\"twitter:data2\" content=\"4 minute\" \/>\n<script type=\"application\/ld+json\" class=\"yoast-schema-graph\">{\"@context\":\"https:\\\/\\\/schema.org\",\"@graph\":[{\"@type\":\"Article\",\"@id\":\"https:\\\/\\\/zkkplamenpozega.hr\\\/?p=2596#article\",\"isPartOf\":{\"@id\":\"https:\\\/\\\/zkkplamenpozega.hr\\\/?p=2596\"},\"author\":{\"name\":\"lana\",\"@id\":\"https:\\\/\\\/zkkplamenpozega.hr\\\/#\\\/schema\\\/person\\\/b4e6e4385401c1649982f933dd9180e8\"},\"headline\":\"Ko\u0161arka\u0161ice Plamen Po\u017eege poja\u010dane kre\u0107u u ABA ligu i dalje su prvoliga\u0161ice, a uz potporu sponzora o\u010dekuju naklonost svoga grada\",\"datePublished\":\"2021-08-25T14:03:51+00:00\",\"mainEntityOfPage\":{\"@id\":\"https:\\\/\\\/zkkplamenpozega.hr\\\/?p=2596\"},\"wordCount\":422,\"commentCount\":0,\"publisher\":{\"@id\":\"https:\\\/\\\/zkkplamenpozega.hr\\\/#organization\"},\"image\":{\"@id\":\"https:\\\/\\\/zkkplamenpozega.hr\\\/?p=2596#primaryimage\"},\"thumbnailUrl\":\"https:\\\/\\\/zkkplamenpozega.hr\\\/wp-content\\\/uploads\\\/2021\\\/08\\\/zkk.jpg\",\"articleSection\":[\"Novosti\"],\"inLanguage\":\"hr\",\"potentialAction\":[{\"@type\":\"CommentAction\",\"name\":\"Comment\",\"target\":[\"https:\\\/\\\/zkkplamenpozega.hr\\\/?p=2596#respond\"]}]},{\"@type\":\"WebPage\",\"@id\":\"https:\\\/\\\/zkkplamenpozega.hr\\\/?p=2596\",\"url\":\"https:\\\/\\\/zkkplamenpozega.hr\\\/?p=2596\",\"name\":\"Ko\u0161arka\u0161ice Plamen Po\u017eege poja\u010dane kre\u0107u u ABA ligu i dalje su prvoliga\u0161ice, a uz potporu sponzora o\u010dekuju naklonost svoga grada - \u017dKK Plamen Po\u017eega\",\"isPartOf\":{\"@id\":\"https:\\\/\\\/zkkplamenpozega.hr\\\/#website\"},\"primaryImageOfPage\":{\"@id\":\"https:\\\/\\\/zkkplamenpozega.hr\\\/?p=2596#primaryimage\"},\"image\":{\"@id\":\"https:\\\/\\\/zkkplamenpozega.hr\\\/?p=2596#primaryimage\"},\"thumbnailUrl\":\"https:\\\/\\\/zkkplamenpozega.hr\\\/wp-content\\\/uploads\\\/2021\\\/08\\\/zkk.jpg\",\"datePublished\":\"2021-08-25T14:03:51+00:00\",\"breadcrumb\":{\"@id\":\"https:\\\/\\\/zkkplamenpozega.hr\\\/?p=2596#breadcrumb\"},\"inLanguage\":\"hr\",\"potentialAction\":[{\"@type\":\"ReadAction\",\"target\":[\"https:\\\/\\\/zkkplamenpozega.hr\\\/?p=2596\"]}]},{\"@type\":\"ImageObject\",\"inLanguage\":\"hr\",\"@id\":\"https:\\\/\\\/zkkplamenpozega.hr\\\/?p=2596#primaryimage\",\"url\":\"https:\\\/\\\/zkkplamenpozega.hr\\\/wp-content\\\/uploads\\\/2021\\\/08\\\/zkk.jpg\",\"contentUrl\":\"https:\\\/\\\/zkkplamenpozega.hr\\\/wp-content\\\/uploads\\\/2021\\\/08\\\/zkk.jpg\",\"width\":850,\"height\":531},{\"@type\":\"BreadcrumbList\",\"@id\":\"https:\\\/\\\/zkkplamenpozega.hr\\\/?p=2596#breadcrumb\",\"itemListElement\":[{\"@type\":\"ListItem\",\"position\":1,\"name\":\"Po\u010detna stranica\",\"item\":\"https:\\\/\\\/zkkplamenpozega.hr\\\/\"},{\"@type\":\"ListItem\",\"position\":2,\"name\":\"Ko\u0161arka\u0161ice Plamen Po\u017eege poja\u010dane kre\u0107u u ABA ligu i dalje su prvoliga\u0161ice, a uz potporu sponzora o\u010dekuju naklonost svoga grada\"}]},{\"@type\":\"WebSite\",\"@id\":\"https:\\\/\\\/zkkplamenpozega.hr\\\/#website\",\"url\":\"https:\\\/\\\/zkkplamenpozega.hr\\\/\",\"name\":\"\u017dKK Plamen Po\u017eega\",\"description\":\"Plamene su najbolje\",\"publisher\":{\"@id\":\"https:\\\/\\\/zkkplamenpozega.hr\\\/#organization\"},\"potentialAction\":[{\"@type\":\"SearchAction\",\"target\":{\"@type\":\"EntryPoint\",\"urlTemplate\":\"https:\\\/\\\/zkkplamenpozega.hr\\\/?s={search_term_string}\"},\"query-input\":{\"@type\":\"PropertyValueSpecification\",\"valueRequired\":true,\"valueName\":\"search_term_string\"}}],\"inLanguage\":\"hr\"},{\"@type\":\"Organization\",\"@id\":\"https:\\\/\\\/zkkplamenpozega.hr\\\/#organization\",\"name\":\"\u017denski ko\u0161arka\u0161ki klub Plamen Po\u017eega\",\"url\":\"https:\\\/\\\/zkkplamenpozega.hr\\\/\",\"logo\":{\"@type\":\"ImageObject\",\"inLanguage\":\"hr\",\"@id\":\"https:\\\/\\\/zkkplamenpozega.hr\\\/#\\\/schema\\\/logo\\\/image\\\/\",\"url\":\"https:\\\/\\\/zkkplamenpozega.hr\\\/wp-content\\\/uploads\\\/2020\\\/10\\\/logo-zkkpozega-e1602941511846.png\",\"contentUrl\":\"https:\\\/\\\/zkkplamenpozega.hr\\\/wp-content\\\/uploads\\\/2020\\\/10\\\/logo-zkkpozega-e1602941511846.png\",\"width\":400,\"height\":236,\"caption\":\"\u017denski ko\u0161arka\u0161ki klub Plamen Po\u017eega\"},\"image\":{\"@id\":\"https:\\\/\\\/zkkplamenpozega.hr\\\/#\\\/schema\\\/logo\\\/image\\\/\"},\"sameAs\":[\"https:\\\/\\\/www.facebook.com\\\/zkkplamenpozega\\\/\",\"https:\\\/\\\/www.instagram.com\\\/zkkplamenpozega\\\/?hl=hr\"]},{\"@type\":\"Person\",\"@id\":\"https:\\\/\\\/zkkplamenpozega.hr\\\/#\\\/schema\\\/person\\\/b4e6e4385401c1649982f933dd9180e8\",\"name\":\"lana\",\"image\":{\"@type\":\"ImageObject\",\"inLanguage\":\"hr\",\"@id\":\"https:\\\/\\\/secure.gravatar.com\\\/avatar\\\/02e15c9047d568a19760b2ed39972f55eaf8588c6536bd32e5d3c6b75b286723?s=96&d=mm&r=g\",\"url\":\"https:\\\/\\\/secure.gravatar.com\\\/avatar\\\/02e15c9047d568a19760b2ed39972f55eaf8588c6536bd32e5d3c6b75b286723?s=96&d=mm&r=g\",\"contentUrl\":\"https:\\\/\\\/secure.gravatar.com\\\/avatar\\\/02e15c9047d568a19760b2ed39972f55eaf8588c6536bd32e5d3c6b75b286723?s=96&d=mm&r=g\",\"caption\":\"lana\"}}]}<\/script>\n<!-- \/ Yoast SEO plugin. -->","yoast_head_json":{"title":"Ko\u0161arka\u0161ice Plamen Po\u017eege poja\u010dane kre\u0107u u ABA ligu i dalje su prvoliga\u0161ice, a uz potporu sponzora o\u010dekuju naklonost svoga grada - \u017dKK Plamen Po\u017eega","robots":{"index":"index","follow":"follow","max-snippet":"max-snippet:-1","max-image-preview":"max-image-preview:large","max-video-preview":"max-video-preview:-1"},"canonical":"https:\/\/zkkplamenpozega.hr\/?p=2596","og_locale":"hr_HR","og_type":"article","og_title":"Ko\u0161arka\u0161ice Plamen Po\u017eege poja\u010dane kre\u0107u u ABA ligu i dalje su prvoliga\u0161ice, a uz potporu sponzora o\u010dekuju naklonost svoga grada - \u017dKK Plamen Po\u017eega","og_description":"Izvanredna skup\u0161tina \u017denskog ko\u0161arka\u0161kog kluba Plamen Po\u017eege raspravljala je o stanju u ekipi, te spremnosti za prvenstvene nastupe kojih \u0107e biti mnogo jer \u0107e igrati na\u0161u Prvu ligu, te na me\u0111unarodnoj sceni u ABA ligi za klubovima iz desetak dr\u017eava! To je najve\u0107i iskorak po\u017ee\u0161kog ekipnog sporta u povijesti, a ovaj klub djeluje 74 godine...","og_url":"https:\/\/zkkplamenpozega.hr\/?p=2596","og_site_name":"\u017dKK Plamen Po\u017eega","article_publisher":"https:\/\/www.facebook.com\/zkkplamenpozega\/","article_published_time":"2021-08-25T14:03:51+00:00","og_image":[{"width":850,"height":531,"url":"https:\/\/zkkplamenpozega.hr\/wp-content\/uploads\/2021\/08\/zkk.jpg","type":"image\/jpeg"}],"author":"lana","twitter_card":"summary_large_image","twitter_misc":{"Napisao\/la":"lana","Procijenjeno vrijeme \u010ditanja":"4 minute"},"schema":{"@context":"https:\/\/schema.org","@graph":[{"@type":"Article","@id":"https:\/\/zkkplamenpozega.hr\/?p=2596#article","isPartOf":{"@id":"https:\/\/zkkplamenpozega.hr\/?p=2596"},"author":{"name":"lana","@id":"https:\/\/zkkplamenpozega.hr\/#\/schema\/person\/b4e6e4385401c1649982f933dd9180e8"},"headline":"Ko\u0161arka\u0161ice Plamen Po\u017eege poja\u010dane kre\u0107u u ABA ligu i dalje su prvoliga\u0161ice, a uz potporu sponzora o\u010dekuju naklonost svoga grada","datePublished":"2021-08-25T14:03:51+00:00","mainEntityOfPage":{"@id":"https:\/\/zkkplamenpozega.hr\/?p=2596"},"wordCount":422,"commentCount":0,"publisher":{"@id":"https:\/\/zkkplamenpozega.hr\/#organization"},"image":{"@id":"https:\/\/zkkplamenpozega.hr\/?p=2596#primaryimage"},"thumbnailUrl":"https:\/\/zkkplamenpozega.hr\/wp-content\/uploads\/2021\/08\/zkk.jpg","articleSection":["Novosti"],"inLanguage":"hr","potentialAction":[{"@type":"CommentAction","name":"Comment","target":["https:\/\/zkkplamenpozega.hr\/?p=2596#respond"]}]},{"@type":"WebPage","@id":"https:\/\/zkkplamenpozega.hr\/?p=2596","url":"https:\/\/zkkplamenpozega.hr\/?p=2596","name":"Ko\u0161arka\u0161ice Plamen Po\u017eege poja\u010dane kre\u0107u u ABA ligu i dalje su prvoliga\u0161ice, a uz potporu sponzora o\u010dekuju naklonost svoga grada - \u017dKK Plamen Po\u017eega","isPartOf":{"@id":"https:\/\/zkkplamenpozega.hr\/#website"},"primaryImageOfPage":{"@id":"https:\/\/zkkplamenpozega.hr\/?p=2596#primaryimage"},"image":{"@id":"https:\/\/zkkplamenpozega.hr\/?p=2596#primaryimage"},"thumbnailUrl":"https:\/\/zkkplamenpozega.hr\/wp-content\/uploads\/2021\/08\/zkk.jpg","datePublished":"2021-08-25T14:03:51+00:00","breadcrumb":{"@id":"https:\/\/zkkplamenpozega.hr\/?p=2596#breadcrumb"},"inLanguage":"hr","potentialAction":[{"@type":"ReadAction","target":["https:\/\/zkkplamenpozega.hr\/?p=2596"]}]},{"@type":"ImageObject","inLanguage":"hr","@id":"https:\/\/zkkplamenpozega.hr\/?p=2596#primaryimage","url":"https:\/\/zkkplamenpozega.hr\/wp-content\/uploads\/2021\/08\/zkk.jpg","contentUrl":"https:\/\/zkkplamenpozega.hr\/wp-content\/uploads\/2021\/08\/zkk.jpg","width":850,"height":531},{"@type":"BreadcrumbList","@id":"https:\/\/zkkplamenpozega.hr\/?p=2596#breadcrumb","itemListElement":[{"@type":"ListItem","position":1,"name":"Po\u010detna stranica","item":"https:\/\/zkkplamenpozega.hr\/"},{"@type":"ListItem","position":2,"name":"Ko\u0161arka\u0161ice Plamen Po\u017eege poja\u010dane kre\u0107u u ABA ligu i dalje su prvoliga\u0161ice, a uz potporu sponzora o\u010dekuju naklonost svoga grada"}]},{"@type":"WebSite","@id":"https:\/\/zkkplamenpozega.hr\/#website","url":"https:\/\/zkkplamenpozega.hr\/","name":"\u017dKK Plamen Po\u017eega","description":"Plamene su najbolje","publisher":{"@id":"https:\/\/zkkplamenpozega.hr\/#organization"},"potentialAction":[{"@type":"SearchAction","target":{"@type":"EntryPoint","urlTemplate":"https:\/\/zkkplamenpozega.hr\/?s={search_term_string}"},"query-input":{"@type":"PropertyValueSpecification","valueRequired":true,"valueName":"search_term_string"}}],"inLanguage":"hr"},{"@type":"Organization","@id":"https:\/\/zkkplamenpozega.hr\/#organization","name":"\u017denski ko\u0161arka\u0161ki klub Plamen Po\u017eega","url":"https:\/\/zkkplamenpozega.hr\/","logo":{"@type":"ImageObject","inLanguage":"hr","@id":"https:\/\/zkkplamenpozega.hr\/#\/schema\/logo\/image\/","url":"https:\/\/zkkplamenpozega.hr\/wp-content\/uploads\/2020\/10\/logo-zkkpozega-e1602941511846.png","contentUrl":"https:\/\/zkkplamenpozega.hr\/wp-content\/uploads\/2020\/10\/logo-zkkpozega-e1602941511846.png","width":400,"height":236,"caption":"\u017denski ko\u0161arka\u0161ki klub Plamen Po\u017eega"},"image":{"@id":"https:\/\/zkkplamenpozega.hr\/#\/schema\/logo\/image\/"},"sameAs":["https:\/\/www.facebook.com\/zkkplamenpozega\/","https:\/\/www.instagram.com\/zkkplamenpozega\/?hl=hr"]},{"@type":"Person","@id":"https:\/\/zkkplamenpozega.hr\/#\/schema\/person\/b4e6e4385401c1649982f933dd9180e8","name":"lana","image":{"@type":"ImageObject","inLanguage":"hr","@id":"https:\/\/secure.gravatar.com\/avatar\/02e15c9047d568a19760b2ed39972f55eaf8588c6536bd32e5d3c6b75b286723?s=96&d=mm&r=g","url":"https:\/\/secure.gravatar.com\/avatar\/02e15c9047d568a19760b2ed39972f55eaf8588c6536bd32e5d3c6b75b286723?s=96&d=mm&r=g","contentUrl":"https:\/\/secure.gravatar.com\/avatar\/02e15c9047d568a19760b2ed39972f55eaf8588c6536bd32e5d3c6b75b286723?s=96&d=mm&r=g","caption":"lana"}}]}},"_links":{"self":[{"href":"https:\/\/zkkplamenpozega.hr\/index.php?rest_route=\/wp\/v2\/posts\/2596","targetHints":{"allow":["GET"]}}],"collection":[{"href":"https:\/\/zkkplamenpozega.hr\/index.php?rest_route=\/wp\/v2\/posts"}],"about":[{"href":"https:\/\/zkkplamenpozega.hr\/index.php?rest_route=\/wp\/v2\/types\/post"}],"author":[{"embeddable":true,"href":"https:\/\/zkkplamenpozega.hr\/index.php?rest_route=\/wp\/v2\/users\/2"}],"replies":[{"embeddable":true,"href":"https:\/\/zkkplamenpozega.hr\/index.php?rest_route=%2Fwp%2Fv2%2Fcomments&post=2596"}],"version-history":[{"count":0,"href":"https:\/\/zkkplamenpozega.hr\/index.php?rest_route=\/wp\/v2\/posts\/2596\/revisions"}],"wp:featuredmedia":[{"embeddable":true,"href":"https:\/\/zkkplamenpozega.hr\/index.php?rest_route=\/wp\/v2\/media\/2597"}],"wp:attachment":[{"href":"https:\/\/zkkplamenpozega.hr\/index.php?rest_route=%2Fwp%2Fv2%2Fmedia&parent=2596"}],"wp:term":[{"taxonomy":"category","embeddable":true,"href":"https:\/\/zkkplamenpozega.hr\/index.php?rest_route=%2Fwp%2Fv2%2Fcategories&post=2596"},{"taxonomy":"post_tag","embeddable":true,"href":"https:\/\/zkkplamenpozega.hr\/index.php?rest_route=%2Fwp%2Fv2%2Ftags&post=2596"}],"curies":[{"name":"wp","href":"https:\/\/api.w.org\/{rel}","templated":true}]}}