{"id":2522,"date":"2021-01-22T10:54:23","date_gmt":"2021-01-22T10:54:23","guid":{"rendered":"https:\/\/zkkplamenpozega.hr\/?p=2522"},"modified":"2021-03-03T16:41:09","modified_gmt":"2021-03-03T16:41:09","slug":"monika-vojvodic-sutra-ponovno-u-dresu-plamena","status":"publish","type":"post","link":"https:\/\/zkkplamenpozega.hr\/?p=2522","title":{"rendered":"Monika Vojvodi\u0107 sutra ponovno u dresu Plamena"},"content":{"rendered":"<p style=\"text-align: justify;\">Kako smo najavili ko\u0161arka\u0161ice Plamena sutra \u0107e otvoriti drugi dio Premijer lige doma\u0107im susretom protiv rije\u010dkog FSV-a. Otvaranje Lige za ostanak pobjedom na doma\u0107em terenu name\u0107e se kao imperativ, a svakako \u0107e Plamenima od velike koristi biti povratak Monike Vojvodi\u0107 koja \u0107e ve\u0107 u tom susretu ponovno zaigrati u dresu Plamena.<\/p>\n<p style=\"text-align: justify;\"><em><strong>Prvo da se zahvalim \u201cSportalo.hr\u201d koji mi je po\u017eelio dobrodo\u0161licu nazad u Slavoniju. Naime dok ovo pi\u0161em putujem autoputom za meni dragu Po\u017eegu, koju sam morala napustiti zbog pandemije korone. Ovu prvu polusezonu sam odigrala za \u017dKK \u0160ibenik i ostvarili smo skoro sve pobjede i prvobitni cilj tj. ulazak u ligu za prvaka. Na\u017ealost zbog lo\u0161ije financijske situacije u \u0160ibeniku napu\u0161tam klub. Saznav\u0161i za to moj biv\u0161i i budu\u0107i trener Vladimir Englman zove me u pono\u0107 i pita je li istina\u2026 Samo je rekao pakuj kofere i dolazi. \u0160ta drugo osim \u201cDA\u201d mo\u017eete odgovoriti osobi koja vam je kao drugi otac. \u010covjek koji je sve ispunio \u0161to je obe\u0107ao. Temperamentan na terenu, a van njega jedna du\u0161a od \u010dovjeka<\/strong><\/em>\u00a0\u2013 rekla je Monika za Sportalo.<\/p>\n<p style=\"text-align: justify;\">Ekipa je dosta druga\u010dija u odnosu na vrijeme kada si ranije nosila dres Plamena, koliko si ih pratila i kakve su ti ambicije u drugom dijelu sezone?<\/p>\n<p style=\"text-align: justify;\"><em><strong>\u0160to se ti\u010de nove ekipe pomo\u0107i \u0107u joj da ostane i idu\u0107e godine u rangu najboljih u Premijer ligi. Imaju finu ekipu, tu je najiskusnija Jelena Ivezi\u0107, tu su jo\u0161 jako dobra Kongoanka na poziciji centra i Amerikanka na poziciji beka. S ostalim doma\u0107im curama i Crnogorkom sam igrala pro\u0161le sezone tako da poznajem ve\u0107inu ekipe i vjerujem da nam ne treba puno da se uigramo. Nedostajao im je vanjski \u0161uter poput mene koji \u0107e ra\u0161iriti protivni\u010dku obranu i time osloboditi prostor u reketu i igri na\u0161ih bekova i centra. Smatram da \u0107emo biti dobra ekipa i da bi mogli biti prvaci lige za ostanak, kao i da bi mogli napasti i osvojiti Kup Ru\u017eice Meglaj Rimac<\/strong><\/em>\u00a0\u2013 optimisti\u010dna je \u0161uterica koja \u0107e sigurno biti od velike pomo\u0107i svojoj novoj ekipi.<\/p>\n","protected":false},"excerpt":{"rendered":"<p>Kako smo najavili ko\u0161arka\u0161ice Plamena sutra \u0107e otvoriti drugi dio Premijer lige doma\u0107im susretom protiv rije\u010dkog FSV-a. Otvaranje Lige za ostanak pobjedom na doma\u0107em terenu name\u0107e se kao imperativ, a svakako \u0107e Plamenima od velike koristi biti povratak Monike Vojvodi\u0107 koja \u0107e ve\u0107 u tom susretu ponovno zaigrati u dresu Plamena. Prvo da se zahvalim&#8230;<\/p>\n","protected":false},"author":2,"featured_media":2524,"comment_status":"open","ping_status":"open","sticky":false,"template":"","format":"standard","meta":{"_acf_changed":false,"footnotes":""},"categories":[120],"tags":[],"class_list":["post-2522","post","type-post","status-publish","format-standard","has-post-thumbnail","hentry","category-novosti"],"acf":[],"yoast_head":"<!-- This site is optimized with the Yoast SEO plugin v27.4 - https:\/\/yoast.com\/product\/yoast-seo-wordpress\/ -->\n<title>Monika Vojvodi\u0107 sutra ponovno u dresu Plamena - \u017dKK Plamen Po\u017eega<\/title>\n<meta name=\"robots\" content=\"index, follow, max-snippet:-1, max-image-preview:large, max-video-preview:-1\" \/>\n<link rel=\"canonical\" href=\"https:\/\/zkkplamenpozega.hr\/?p=2522\" \/>\n<meta property=\"og:locale\" content=\"hr_HR\" \/>\n<meta property=\"og:type\" content=\"article\" \/>\n<meta property=\"og:title\" content=\"Monika Vojvodi\u0107 sutra ponovno u dresu Plamena - \u017dKK Plamen Po\u017eega\" \/>\n<meta property=\"og:description\" content=\"Kako smo najavili ko\u0161arka\u0161ice Plamena sutra \u0107e otvoriti drugi dio Premijer lige doma\u0107im susretom protiv rije\u010dkog FSV-a. Otvaranje Lige za ostanak pobjedom na doma\u0107em terenu name\u0107e se kao imperativ, a svakako \u0107e Plamenima od velike koristi biti povratak Monike Vojvodi\u0107 koja \u0107e ve\u0107 u tom susretu ponovno zaigrati u dresu Plamena. Prvo da se zahvalim...\" \/>\n<meta property=\"og:url\" content=\"https:\/\/zkkplamenpozega.hr\/?p=2522\" \/>\n<meta property=\"og:site_name\" content=\"\u017dKK Plamen Po\u017eega\" \/>\n<meta property=\"article:publisher\" content=\"https:\/\/www.facebook.com\/zkkplamenpozega\/\" \/>\n<meta property=\"article:published_time\" content=\"2021-01-22T10:54:23+00:00\" \/>\n<meta property=\"article:modified_time\" content=\"2021-03-03T16:41:09+00:00\" \/>\n<meta property=\"og:image\" content=\"https:\/\/zkkplamenpozega.hr\/wp-content\/uploads\/2021\/02\/monika-laura-trening.jpg\" \/>\n\t<meta property=\"og:image:width\" content=\"800\" \/>\n\t<meta property=\"og:image:height\" content=\"548\" \/>\n\t<meta property=\"og:image:type\" content=\"image\/jpeg\" \/>\n<meta name=\"author\" content=\"lana\" \/>\n<meta name=\"twitter:card\" content=\"summary_large_image\" \/>\n<meta name=\"twitter:label1\" content=\"Napisao\/la\" \/>\n\t<meta name=\"twitter:data1\" content=\"lana\" \/>\n\t<meta name=\"twitter:label2\" content=\"Procijenjeno vrijeme \u010ditanja\" \/>\n\t<meta name=\"twitter:data2\" content=\"2 minute\" \/>\n<script type=\"application\/ld+json\" class=\"yoast-schema-graph\">{\"@context\":\"https:\\\/\\\/schema.org\",\"@graph\":[{\"@type\":\"Article\",\"@id\":\"https:\\\/\\\/zkkplamenpozega.hr\\\/?p=2522#article\",\"isPartOf\":{\"@id\":\"https:\\\/\\\/zkkplamenpozega.hr\\\/?p=2522\"},\"author\":{\"name\":\"lana\",\"@id\":\"https:\\\/\\\/zkkplamenpozega.hr\\\/#\\\/schema\\\/person\\\/b4e6e4385401c1649982f933dd9180e8\"},\"headline\":\"Monika Vojvodi\u0107 sutra ponovno u dresu Plamena\",\"datePublished\":\"2021-01-22T10:54:23+00:00\",\"dateModified\":\"2021-03-03T16:41:09+00:00\",\"mainEntityOfPage\":{\"@id\":\"https:\\\/\\\/zkkplamenpozega.hr\\\/?p=2522\"},\"wordCount\":372,\"commentCount\":0,\"publisher\":{\"@id\":\"https:\\\/\\\/zkkplamenpozega.hr\\\/#organization\"},\"image\":{\"@id\":\"https:\\\/\\\/zkkplamenpozega.hr\\\/?p=2522#primaryimage\"},\"thumbnailUrl\":\"https:\\\/\\\/zkkplamenpozega.hr\\\/wp-content\\\/uploads\\\/2021\\\/02\\\/monika-laura-trening.jpg\",\"articleSection\":[\"Novosti\"],\"inLanguage\":\"hr\",\"potentialAction\":[{\"@type\":\"CommentAction\",\"name\":\"Comment\",\"target\":[\"https:\\\/\\\/zkkplamenpozega.hr\\\/?p=2522#respond\"]}]},{\"@type\":\"WebPage\",\"@id\":\"https:\\\/\\\/zkkplamenpozega.hr\\\/?p=2522\",\"url\":\"https:\\\/\\\/zkkplamenpozega.hr\\\/?p=2522\",\"name\":\"Monika Vojvodi\u0107 sutra ponovno u dresu Plamena - \u017dKK Plamen Po\u017eega\",\"isPartOf\":{\"@id\":\"https:\\\/\\\/zkkplamenpozega.hr\\\/#website\"},\"primaryImageOfPage\":{\"@id\":\"https:\\\/\\\/zkkplamenpozega.hr\\\/?p=2522#primaryimage\"},\"image\":{\"@id\":\"https:\\\/\\\/zkkplamenpozega.hr\\\/?p=2522#primaryimage\"},\"thumbnailUrl\":\"https:\\\/\\\/zkkplamenpozega.hr\\\/wp-content\\\/uploads\\\/2021\\\/02\\\/monika-laura-trening.jpg\",\"datePublished\":\"2021-01-22T10:54:23+00:00\",\"dateModified\":\"2021-03-03T16:41:09+00:00\",\"breadcrumb\":{\"@id\":\"https:\\\/\\\/zkkplamenpozega.hr\\\/?p=2522#breadcrumb\"},\"inLanguage\":\"hr\",\"potentialAction\":[{\"@type\":\"ReadAction\",\"target\":[\"https:\\\/\\\/zkkplamenpozega.hr\\\/?p=2522\"]}]},{\"@type\":\"ImageObject\",\"inLanguage\":\"hr\",\"@id\":\"https:\\\/\\\/zkkplamenpozega.hr\\\/?p=2522#primaryimage\",\"url\":\"https:\\\/\\\/zkkplamenpozega.hr\\\/wp-content\\\/uploads\\\/2021\\\/02\\\/monika-laura-trening.jpg\",\"contentUrl\":\"https:\\\/\\\/zkkplamenpozega.hr\\\/wp-content\\\/uploads\\\/2021\\\/02\\\/monika-laura-trening.jpg\",\"width\":800,\"height\":548},{\"@type\":\"BreadcrumbList\",\"@id\":\"https:\\\/\\\/zkkplamenpozega.hr\\\/?p=2522#breadcrumb\",\"itemListElement\":[{\"@type\":\"ListItem\",\"position\":1,\"name\":\"Po\u010detna stranica\",\"item\":\"https:\\\/\\\/zkkplamenpozega.hr\\\/\"},{\"@type\":\"ListItem\",\"position\":2,\"name\":\"Monika Vojvodi\u0107 sutra ponovno u dresu Plamena\"}]},{\"@type\":\"WebSite\",\"@id\":\"https:\\\/\\\/zkkplamenpozega.hr\\\/#website\",\"url\":\"https:\\\/\\\/zkkplamenpozega.hr\\\/\",\"name\":\"\u017dKK Plamen Po\u017eega\",\"description\":\"Plamene su najbolje\",\"publisher\":{\"@id\":\"https:\\\/\\\/zkkplamenpozega.hr\\\/#organization\"},\"potentialAction\":[{\"@type\":\"SearchAction\",\"target\":{\"@type\":\"EntryPoint\",\"urlTemplate\":\"https:\\\/\\\/zkkplamenpozega.hr\\\/?s={search_term_string}\"},\"query-input\":{\"@type\":\"PropertyValueSpecification\",\"valueRequired\":true,\"valueName\":\"search_term_string\"}}],\"inLanguage\":\"hr\"},{\"@type\":\"Organization\",\"@id\":\"https:\\\/\\\/zkkplamenpozega.hr\\\/#organization\",\"name\":\"\u017denski ko\u0161arka\u0161ki klub Plamen Po\u017eega\",\"url\":\"https:\\\/\\\/zkkplamenpozega.hr\\\/\",\"logo\":{\"@type\":\"ImageObject\",\"inLanguage\":\"hr\",\"@id\":\"https:\\\/\\\/zkkplamenpozega.hr\\\/#\\\/schema\\\/logo\\\/image\\\/\",\"url\":\"https:\\\/\\\/zkkplamenpozega.hr\\\/wp-content\\\/uploads\\\/2020\\\/10\\\/logo-zkkpozega-e1602941511846.png\",\"contentUrl\":\"https:\\\/\\\/zkkplamenpozega.hr\\\/wp-content\\\/uploads\\\/2020\\\/10\\\/logo-zkkpozega-e1602941511846.png\",\"width\":400,\"height\":236,\"caption\":\"\u017denski ko\u0161arka\u0161ki klub Plamen Po\u017eega\"},\"image\":{\"@id\":\"https:\\\/\\\/zkkplamenpozega.hr\\\/#\\\/schema\\\/logo\\\/image\\\/\"},\"sameAs\":[\"https:\\\/\\\/www.facebook.com\\\/zkkplamenpozega\\\/\",\"https:\\\/\\\/www.instagram.com\\\/zkkplamenpozega\\\/?hl=hr\"]},{\"@type\":\"Person\",\"@id\":\"https:\\\/\\\/zkkplamenpozega.hr\\\/#\\\/schema\\\/person\\\/b4e6e4385401c1649982f933dd9180e8\",\"name\":\"lana\",\"image\":{\"@type\":\"ImageObject\",\"inLanguage\":\"hr\",\"@id\":\"https:\\\/\\\/secure.gravatar.com\\\/avatar\\\/02e15c9047d568a19760b2ed39972f55eaf8588c6536bd32e5d3c6b75b286723?s=96&d=mm&r=g\",\"url\":\"https:\\\/\\\/secure.gravatar.com\\\/avatar\\\/02e15c9047d568a19760b2ed39972f55eaf8588c6536bd32e5d3c6b75b286723?s=96&d=mm&r=g\",\"contentUrl\":\"https:\\\/\\\/secure.gravatar.com\\\/avatar\\\/02e15c9047d568a19760b2ed39972f55eaf8588c6536bd32e5d3c6b75b286723?s=96&d=mm&r=g\",\"caption\":\"lana\"}}]}<\/script>\n<!-- \/ Yoast SEO plugin. -->","yoast_head_json":{"title":"Monika Vojvodi\u0107 sutra ponovno u dresu Plamena - \u017dKK Plamen Po\u017eega","robots":{"index":"index","follow":"follow","max-snippet":"max-snippet:-1","max-image-preview":"max-image-preview:large","max-video-preview":"max-video-preview:-1"},"canonical":"https:\/\/zkkplamenpozega.hr\/?p=2522","og_locale":"hr_HR","og_type":"article","og_title":"Monika Vojvodi\u0107 sutra ponovno u dresu Plamena - \u017dKK Plamen Po\u017eega","og_description":"Kako smo najavili ko\u0161arka\u0161ice Plamena sutra \u0107e otvoriti drugi dio Premijer lige doma\u0107im susretom protiv rije\u010dkog FSV-a. Otvaranje Lige za ostanak pobjedom na doma\u0107em terenu name\u0107e se kao imperativ, a svakako \u0107e Plamenima od velike koristi biti povratak Monike Vojvodi\u0107 koja \u0107e ve\u0107 u tom susretu ponovno zaigrati u dresu Plamena. Prvo da se zahvalim...","og_url":"https:\/\/zkkplamenpozega.hr\/?p=2522","og_site_name":"\u017dKK Plamen Po\u017eega","article_publisher":"https:\/\/www.facebook.com\/zkkplamenpozega\/","article_published_time":"2021-01-22T10:54:23+00:00","article_modified_time":"2021-03-03T16:41:09+00:00","og_image":[{"width":800,"height":548,"url":"https:\/\/zkkplamenpozega.hr\/wp-content\/uploads\/2021\/02\/monika-laura-trening.jpg","type":"image\/jpeg"}],"author":"lana","twitter_card":"summary_large_image","twitter_misc":{"Napisao\/la":"lana","Procijenjeno vrijeme \u010ditanja":"2 minute"},"schema":{"@context":"https:\/\/schema.org","@graph":[{"@type":"Article","@id":"https:\/\/zkkplamenpozega.hr\/?p=2522#article","isPartOf":{"@id":"https:\/\/zkkplamenpozega.hr\/?p=2522"},"author":{"name":"lana","@id":"https:\/\/zkkplamenpozega.hr\/#\/schema\/person\/b4e6e4385401c1649982f933dd9180e8"},"headline":"Monika Vojvodi\u0107 sutra ponovno u dresu Plamena","datePublished":"2021-01-22T10:54:23+00:00","dateModified":"2021-03-03T16:41:09+00:00","mainEntityOfPage":{"@id":"https:\/\/zkkplamenpozega.hr\/?p=2522"},"wordCount":372,"commentCount":0,"publisher":{"@id":"https:\/\/zkkplamenpozega.hr\/#organization"},"image":{"@id":"https:\/\/zkkplamenpozega.hr\/?p=2522#primaryimage"},"thumbnailUrl":"https:\/\/zkkplamenpozega.hr\/wp-content\/uploads\/2021\/02\/monika-laura-trening.jpg","articleSection":["Novosti"],"inLanguage":"hr","potentialAction":[{"@type":"CommentAction","name":"Comment","target":["https:\/\/zkkplamenpozega.hr\/?p=2522#respond"]}]},{"@type":"WebPage","@id":"https:\/\/zkkplamenpozega.hr\/?p=2522","url":"https:\/\/zkkplamenpozega.hr\/?p=2522","name":"Monika Vojvodi\u0107 sutra ponovno u dresu Plamena - \u017dKK Plamen Po\u017eega","isPartOf":{"@id":"https:\/\/zkkplamenpozega.hr\/#website"},"primaryImageOfPage":{"@id":"https:\/\/zkkplamenpozega.hr\/?p=2522#primaryimage"},"image":{"@id":"https:\/\/zkkplamenpozega.hr\/?p=2522#primaryimage"},"thumbnailUrl":"https:\/\/zkkplamenpozega.hr\/wp-content\/uploads\/2021\/02\/monika-laura-trening.jpg","datePublished":"2021-01-22T10:54:23+00:00","dateModified":"2021-03-03T16:41:09+00:00","breadcrumb":{"@id":"https:\/\/zkkplamenpozega.hr\/?p=2522#breadcrumb"},"inLanguage":"hr","potentialAction":[{"@type":"ReadAction","target":["https:\/\/zkkplamenpozega.hr\/?p=2522"]}]},{"@type":"ImageObject","inLanguage":"hr","@id":"https:\/\/zkkplamenpozega.hr\/?p=2522#primaryimage","url":"https:\/\/zkkplamenpozega.hr\/wp-content\/uploads\/2021\/02\/monika-laura-trening.jpg","contentUrl":"https:\/\/zkkplamenpozega.hr\/wp-content\/uploads\/2021\/02\/monika-laura-trening.jpg","width":800,"height":548},{"@type":"BreadcrumbList","@id":"https:\/\/zkkplamenpozega.hr\/?p=2522#breadcrumb","itemListElement":[{"@type":"ListItem","position":1,"name":"Po\u010detna stranica","item":"https:\/\/zkkplamenpozega.hr\/"},{"@type":"ListItem","position":2,"name":"Monika Vojvodi\u0107 sutra ponovno u dresu Plamena"}]},{"@type":"WebSite","@id":"https:\/\/zkkplamenpozega.hr\/#website","url":"https:\/\/zkkplamenpozega.hr\/","name":"\u017dKK Plamen Po\u017eega","description":"Plamene su najbolje","publisher":{"@id":"https:\/\/zkkplamenpozega.hr\/#organization"},"potentialAction":[{"@type":"SearchAction","target":{"@type":"EntryPoint","urlTemplate":"https:\/\/zkkplamenpozega.hr\/?s={search_term_string}"},"query-input":{"@type":"PropertyValueSpecification","valueRequired":true,"valueName":"search_term_string"}}],"inLanguage":"hr"},{"@type":"Organization","@id":"https:\/\/zkkplamenpozega.hr\/#organization","name":"\u017denski ko\u0161arka\u0161ki klub Plamen Po\u017eega","url":"https:\/\/zkkplamenpozega.hr\/","logo":{"@type":"ImageObject","inLanguage":"hr","@id":"https:\/\/zkkplamenpozega.hr\/#\/schema\/logo\/image\/","url":"https:\/\/zkkplamenpozega.hr\/wp-content\/uploads\/2020\/10\/logo-zkkpozega-e1602941511846.png","contentUrl":"https:\/\/zkkplamenpozega.hr\/wp-content\/uploads\/2020\/10\/logo-zkkpozega-e1602941511846.png","width":400,"height":236,"caption":"\u017denski ko\u0161arka\u0161ki klub Plamen Po\u017eega"},"image":{"@id":"https:\/\/zkkplamenpozega.hr\/#\/schema\/logo\/image\/"},"sameAs":["https:\/\/www.facebook.com\/zkkplamenpozega\/","https:\/\/www.instagram.com\/zkkplamenpozega\/?hl=hr"]},{"@type":"Person","@id":"https:\/\/zkkplamenpozega.hr\/#\/schema\/person\/b4e6e4385401c1649982f933dd9180e8","name":"lana","image":{"@type":"ImageObject","inLanguage":"hr","@id":"https:\/\/secure.gravatar.com\/avatar\/02e15c9047d568a19760b2ed39972f55eaf8588c6536bd32e5d3c6b75b286723?s=96&d=mm&r=g","url":"https:\/\/secure.gravatar.com\/avatar\/02e15c9047d568a19760b2ed39972f55eaf8588c6536bd32e5d3c6b75b286723?s=96&d=mm&r=g","contentUrl":"https:\/\/secure.gravatar.com\/avatar\/02e15c9047d568a19760b2ed39972f55eaf8588c6536bd32e5d3c6b75b286723?s=96&d=mm&r=g","caption":"lana"}}]}},"_links":{"self":[{"href":"https:\/\/zkkplamenpozega.hr\/index.php?rest_route=\/wp\/v2\/posts\/2522","targetHints":{"allow":["GET"]}}],"collection":[{"href":"https:\/\/zkkplamenpozega.hr\/index.php?rest_route=\/wp\/v2\/posts"}],"about":[{"href":"https:\/\/zkkplamenpozega.hr\/index.php?rest_route=\/wp\/v2\/types\/post"}],"author":[{"embeddable":true,"href":"https:\/\/zkkplamenpozega.hr\/index.php?rest_route=\/wp\/v2\/users\/2"}],"replies":[{"embeddable":true,"href":"https:\/\/zkkplamenpozega.hr\/index.php?rest_route=%2Fwp%2Fv2%2Fcomments&post=2522"}],"version-history":[{"count":0,"href":"https:\/\/zkkplamenpozega.hr\/index.php?rest_route=\/wp\/v2\/posts\/2522\/revisions"}],"wp:featuredmedia":[{"embeddable":true,"href":"https:\/\/zkkplamenpozega.hr\/index.php?rest_route=\/wp\/v2\/media\/2524"}],"wp:attachment":[{"href":"https:\/\/zkkplamenpozega.hr\/index.php?rest_route=%2Fwp%2Fv2%2Fmedia&parent=2522"}],"wp:term":[{"taxonomy":"category","embeddable":true,"href":"https:\/\/zkkplamenpozega.hr\/index.php?rest_route=%2Fwp%2Fv2%2Fcategories&post=2522"},{"taxonomy":"post_tag","embeddable":true,"href":"https:\/\/zkkplamenpozega.hr\/index.php?rest_route=%2Fwp%2Fv2%2Ftags&post=2522"}],"curies":[{"name":"wp","href":"https:\/\/api.w.org\/{rel}","templated":true}]}}