{"id":2486,"date":"2020-12-03T19:24:36","date_gmt":"2020-12-03T19:24:36","guid":{"rendered":"https:\/\/zkkplamenpozega.hr\/?p=2486"},"modified":"2021-03-03T17:07:45","modified_gmt":"2021-03-03T17:07:45","slug":"pozezanke-pojacala-prva-kongoanka-u-hrvatskoj-kosarci","status":"publish","type":"post","link":"https:\/\/zkkplamenpozega.hr\/?p=2486","title":{"rendered":"Po\u017ee\u017eanke poja\u010dala prva Kongoanka u hrvatskoj ko\u0161arci"},"content":{"rendered":"<div id=\"primary\" class=\"content-area\">\n<p>&nbsp;<\/p>\n<article id=\"post-14560\" class=\"af-single-article post-14560 post type-post status-publish format-standard has-post-thumbnail hentry category-kosarka tag-kongo tag-kosarka tag-lamama-kapinga-mbuji tag-plamen-pozega\">\n<div class=\"entry-content-wrap read-single\">\n<div class=\"color-pad\">\n<div class=\"entry-content read-details color-tp-pad no-color-pad\">\n<p style=\"text-align: justify;\"><span style=\"font-size: 18px;\">Na\u017ealost sve vi\u0161e je strankinja u hrvatskoj \u017eenskoj ko\u0161arci, u po\u017ee\u0161ki Plamen ovih dana je stigla i \u010detvrta strankinja, osim dvije Amerikanke, jedne Crnogorke sada je tu i prva Kongoanka. Na\u017ealost, ne jer su lo\u0161e ili ih ne treba biti, nego jer je sve manje doma\u0107ih igra\u010dica. No, nova djevojka koja \u0107e u nastavku sezone braniti po\u017ee\u0161ke boje zove se\u00a0<strong>Lamama Kapinga Mbuji,\u00a0<\/strong>ro\u0111ena je prije 23 godine\u00a0 u Kongu gdje je i odrasla.<\/span><\/p>\n<p style=\"text-align: justify;\"><span style=\"font-size: 18px;\"><em><strong>\u2013 Ko\u0161arkom sam se po\u010dela baviti kad sam imala 15 godina u klubu Asbl Hatari, igram na poziciji centra. Prvi put sam u Europi, do\u0161la sam na prijedlog struke iz mog dosada\u0161njeg kluba. Put do Hrvatske bio je dugi i naporan, morala sam obaviti testiranja prije polaska, malo me bilo strah ali sve je dobro pro\u0161lo i na kraju sam sretno stigla \u0161to je najva\u017enije<\/strong><\/em>\u00a0\u2013 rekla nam je Lamama.<\/span><\/p>\n<p style=\"text-align: justify;\"><span style=\"font-size: 18px;\">Kakvi su prvi dojmovi o Po\u017eegi i kakvi su ti planovi za naredne mjesece?<\/span><\/p>\n<p style=\"text-align: justify;\"><span style=\"font-size: 18px;\"><em><strong>\u2013 Mislim da su svi divni ljudi, lijepo su me primili i poma\u017eu mi u adaptaciji. \u0160to se ti\u010de kluba vidim da se dobro trenira, nadam se da \u0107u pomo\u0107i da se ekipa jo\u0161 pobolj\u0161a i da ostvarimo dobre rezultate. \u0160to se mene ti\u010de nadam se da \u0107u napredovati u igri, napraviti veliki korak prema naprijed u odnosu na ovo gdje se sada nalazim<\/strong><\/em>\u00a0\u2013 zaklju\u010dila je Kongoanka za Sportalo.<\/span><\/p>\n<p style=\"text-align: justify;\"><span style=\"font-size: 18px;\">Lamama je trebala debitirati ve\u0107 u nedjelju u doma\u0107em susretu protiv Medve\u0161\u010daka, no zbog izolacije u redovima go\u0161\u0107i utakmica je odgo\u0111ena \u0161to daje dodatno vrijeme da se uigra s ostatkom ekipe i dodatno aklimatizira te zaista bude od velike koristi ekipi. S obzirom na 192 centimetra visine i vrlo dobar prvi dojam koji je ostavila na treninzima mogla bi biti veliko poja\u010danje jer je upravo igra pod ko\u0161evima bila najve\u0107i problem za Plamen u dosada\u0161njem dijelu sezone.<\/span><\/p>\n<p style=\"text-align: justify;\">\n<\/div>\n<\/div>\n<\/div>\n<\/article>\n<p>&nbsp;<\/p>\n<\/div>\n<div id=\"secondary\" class=\"sidebar-area sidebar-sticky-top\">\n<div class=\"theiaStickySidebar\">\n<aside class=\"widget-area color-pad\">\n<div id=\"text-5\" class=\"widget newsphere-widget widget_text\" style=\"text-align: justify;\">\n<div class=\"textwidget\">\n<div id=\"metaslider-id-16291\" class=\"ml-slider-3-20-2 metaslider metaslider-nivo metaslider-16291 ml-slider\">\n<div id=\"metaslider_container_16291\">\n<div class=\"slider-wrapper theme-default\">\n<div class=\"ribbon\"><\/div>\n<div id=\"metaslider_16291\" class=\"nivoSlider\"><\/div>\n<\/div>\n<\/div>\n<\/div>\n<\/div>\n<\/div>\n<div id=\"media_image-4\" class=\"widget newsphere-widget widget_media_image\" style=\"text-align: justify;\"><\/div>\n<div id=\"recent-posts-2\" class=\"widget newsphere-widget widget_recent_entries\" style=\"text-align: justify;\"><\/div>\n<div id=\"media_image-2\" class=\"widget newsphere-widget widget_media_image\" style=\"text-align: justify;\"><\/div>\n<\/aside>\n<\/div>\n<\/div>\n","protected":false},"excerpt":{"rendered":"<p>&nbsp; Na\u017ealost sve vi\u0161e je strankinja u hrvatskoj \u017eenskoj ko\u0161arci, u po\u017ee\u0161ki Plamen ovih dana je stigla i \u010detvrta strankinja, osim dvije Amerikanke, jedne Crnogorke sada je tu i prva Kongoanka. Na\u017ealost, ne jer su lo\u0161e ili ih ne treba biti, nego jer je sve manje doma\u0107ih igra\u010dica. No, nova djevojka koja \u0107e u nastavku&#8230;<\/p>\n","protected":false},"author":2,"featured_media":2488,"comment_status":"open","ping_status":"open","sticky":false,"template":"","format":"standard","meta":{"_acf_changed":false,"footnotes":""},"categories":[120],"tags":[],"class_list":["post-2486","post","type-post","status-publish","format-standard","has-post-thumbnail","hentry","category-novosti"],"acf":[],"yoast_head":"<!-- This site is optimized with the Yoast SEO plugin v27.4 - https:\/\/yoast.com\/product\/yoast-seo-wordpress\/ -->\n<title>Po\u017ee\u017eanke poja\u010dala prva Kongoanka u hrvatskoj ko\u0161arci - \u017dKK Plamen Po\u017eega<\/title>\n<meta name=\"robots\" content=\"index, follow, max-snippet:-1, max-image-preview:large, max-video-preview:-1\" \/>\n<link rel=\"canonical\" href=\"https:\/\/zkkplamenpozega.hr\/?p=2486\" \/>\n<meta property=\"og:locale\" content=\"hr_HR\" \/>\n<meta property=\"og:type\" content=\"article\" \/>\n<meta property=\"og:title\" content=\"Po\u017ee\u017eanke poja\u010dala prva Kongoanka u hrvatskoj ko\u0161arci - \u017dKK Plamen Po\u017eega\" \/>\n<meta property=\"og:description\" content=\"&nbsp; Na\u017ealost sve vi\u0161e je strankinja u hrvatskoj \u017eenskoj ko\u0161arci, u po\u017ee\u0161ki Plamen ovih dana je stigla i \u010detvrta strankinja, osim dvije Amerikanke, jedne Crnogorke sada je tu i prva Kongoanka. Na\u017ealost, ne jer su lo\u0161e ili ih ne treba biti, nego jer je sve manje doma\u0107ih igra\u010dica. No, nova djevojka koja \u0107e u nastavku...\" \/>\n<meta property=\"og:url\" content=\"https:\/\/zkkplamenpozega.hr\/?p=2486\" \/>\n<meta property=\"og:site_name\" content=\"\u017dKK Plamen Po\u017eega\" \/>\n<meta property=\"article:publisher\" content=\"https:\/\/www.facebook.com\/zkkplamenpozega\/\" \/>\n<meta property=\"article:published_time\" content=\"2020-12-03T19:24:36+00:00\" \/>\n<meta property=\"article:modified_time\" content=\"2021-03-03T17:07:45+00:00\" \/>\n<meta property=\"og:image\" content=\"https:\/\/zkkplamenpozega.hr\/wp-content\/uploads\/2021\/02\/lamaam-1024x1270-1-e1613381007114.jpg\" \/>\n\t<meta property=\"og:image:width\" content=\"809\" \/>\n\t<meta property=\"og:image:height\" content=\"1200\" \/>\n\t<meta property=\"og:image:type\" content=\"image\/jpeg\" \/>\n<meta name=\"author\" content=\"lana\" \/>\n<meta name=\"twitter:card\" content=\"summary_large_image\" \/>\n<meta name=\"twitter:label1\" content=\"Napisao\/la\" \/>\n\t<meta name=\"twitter:data1\" content=\"lana\" \/>\n\t<meta name=\"twitter:label2\" content=\"Procijenjeno vrijeme \u010ditanja\" \/>\n\t<meta name=\"twitter:data2\" content=\"2 minute\" \/>\n<script type=\"application\/ld+json\" class=\"yoast-schema-graph\">{\"@context\":\"https:\\\/\\\/schema.org\",\"@graph\":[{\"@type\":\"Article\",\"@id\":\"https:\\\/\\\/zkkplamenpozega.hr\\\/?p=2486#article\",\"isPartOf\":{\"@id\":\"https:\\\/\\\/zkkplamenpozega.hr\\\/?p=2486\"},\"author\":{\"name\":\"lana\",\"@id\":\"https:\\\/\\\/zkkplamenpozega.hr\\\/#\\\/schema\\\/person\\\/b4e6e4385401c1649982f933dd9180e8\"},\"headline\":\"Po\u017ee\u017eanke poja\u010dala prva Kongoanka u hrvatskoj ko\u0161arci\",\"datePublished\":\"2020-12-03T19:24:36+00:00\",\"dateModified\":\"2021-03-03T17:07:45+00:00\",\"mainEntityOfPage\":{\"@id\":\"https:\\\/\\\/zkkplamenpozega.hr\\\/?p=2486\"},\"wordCount\":344,\"commentCount\":0,\"publisher\":{\"@id\":\"https:\\\/\\\/zkkplamenpozega.hr\\\/#organization\"},\"image\":{\"@id\":\"https:\\\/\\\/zkkplamenpozega.hr\\\/?p=2486#primaryimage\"},\"thumbnailUrl\":\"https:\\\/\\\/zkkplamenpozega.hr\\\/wp-content\\\/uploads\\\/2021\\\/02\\\/lamaam-1024x1270-1-e1613381007114.jpg\",\"articleSection\":[\"Novosti\"],\"inLanguage\":\"hr\",\"potentialAction\":[{\"@type\":\"CommentAction\",\"name\":\"Comment\",\"target\":[\"https:\\\/\\\/zkkplamenpozega.hr\\\/?p=2486#respond\"]}]},{\"@type\":\"WebPage\",\"@id\":\"https:\\\/\\\/zkkplamenpozega.hr\\\/?p=2486\",\"url\":\"https:\\\/\\\/zkkplamenpozega.hr\\\/?p=2486\",\"name\":\"Po\u017ee\u017eanke poja\u010dala prva Kongoanka u hrvatskoj ko\u0161arci - \u017dKK Plamen Po\u017eega\",\"isPartOf\":{\"@id\":\"https:\\\/\\\/zkkplamenpozega.hr\\\/#website\"},\"primaryImageOfPage\":{\"@id\":\"https:\\\/\\\/zkkplamenpozega.hr\\\/?p=2486#primaryimage\"},\"image\":{\"@id\":\"https:\\\/\\\/zkkplamenpozega.hr\\\/?p=2486#primaryimage\"},\"thumbnailUrl\":\"https:\\\/\\\/zkkplamenpozega.hr\\\/wp-content\\\/uploads\\\/2021\\\/02\\\/lamaam-1024x1270-1-e1613381007114.jpg\",\"datePublished\":\"2020-12-03T19:24:36+00:00\",\"dateModified\":\"2021-03-03T17:07:45+00:00\",\"breadcrumb\":{\"@id\":\"https:\\\/\\\/zkkplamenpozega.hr\\\/?p=2486#breadcrumb\"},\"inLanguage\":\"hr\",\"potentialAction\":[{\"@type\":\"ReadAction\",\"target\":[\"https:\\\/\\\/zkkplamenpozega.hr\\\/?p=2486\"]}]},{\"@type\":\"ImageObject\",\"inLanguage\":\"hr\",\"@id\":\"https:\\\/\\\/zkkplamenpozega.hr\\\/?p=2486#primaryimage\",\"url\":\"https:\\\/\\\/zkkplamenpozega.hr\\\/wp-content\\\/uploads\\\/2021\\\/02\\\/lamaam-1024x1270-1-e1613381007114.jpg\",\"contentUrl\":\"https:\\\/\\\/zkkplamenpozega.hr\\\/wp-content\\\/uploads\\\/2021\\\/02\\\/lamaam-1024x1270-1-e1613381007114.jpg\",\"width\":809,\"height\":1200},{\"@type\":\"BreadcrumbList\",\"@id\":\"https:\\\/\\\/zkkplamenpozega.hr\\\/?p=2486#breadcrumb\",\"itemListElement\":[{\"@type\":\"ListItem\",\"position\":1,\"name\":\"Po\u010detna stranica\",\"item\":\"https:\\\/\\\/zkkplamenpozega.hr\\\/\"},{\"@type\":\"ListItem\",\"position\":2,\"name\":\"Po\u017ee\u017eanke poja\u010dala prva Kongoanka u hrvatskoj ko\u0161arci\"}]},{\"@type\":\"WebSite\",\"@id\":\"https:\\\/\\\/zkkplamenpozega.hr\\\/#website\",\"url\":\"https:\\\/\\\/zkkplamenpozega.hr\\\/\",\"name\":\"\u017dKK Plamen Po\u017eega\",\"description\":\"Plamene su najbolje\",\"publisher\":{\"@id\":\"https:\\\/\\\/zkkplamenpozega.hr\\\/#organization\"},\"potentialAction\":[{\"@type\":\"SearchAction\",\"target\":{\"@type\":\"EntryPoint\",\"urlTemplate\":\"https:\\\/\\\/zkkplamenpozega.hr\\\/?s={search_term_string}\"},\"query-input\":{\"@type\":\"PropertyValueSpecification\",\"valueRequired\":true,\"valueName\":\"search_term_string\"}}],\"inLanguage\":\"hr\"},{\"@type\":\"Organization\",\"@id\":\"https:\\\/\\\/zkkplamenpozega.hr\\\/#organization\",\"name\":\"\u017denski ko\u0161arka\u0161ki klub Plamen Po\u017eega\",\"url\":\"https:\\\/\\\/zkkplamenpozega.hr\\\/\",\"logo\":{\"@type\":\"ImageObject\",\"inLanguage\":\"hr\",\"@id\":\"https:\\\/\\\/zkkplamenpozega.hr\\\/#\\\/schema\\\/logo\\\/image\\\/\",\"url\":\"https:\\\/\\\/zkkplamenpozega.hr\\\/wp-content\\\/uploads\\\/2020\\\/10\\\/logo-zkkpozega-e1602941511846.png\",\"contentUrl\":\"https:\\\/\\\/zkkplamenpozega.hr\\\/wp-content\\\/uploads\\\/2020\\\/10\\\/logo-zkkpozega-e1602941511846.png\",\"width\":400,\"height\":236,\"caption\":\"\u017denski ko\u0161arka\u0161ki klub Plamen Po\u017eega\"},\"image\":{\"@id\":\"https:\\\/\\\/zkkplamenpozega.hr\\\/#\\\/schema\\\/logo\\\/image\\\/\"},\"sameAs\":[\"https:\\\/\\\/www.facebook.com\\\/zkkplamenpozega\\\/\",\"https:\\\/\\\/www.instagram.com\\\/zkkplamenpozega\\\/?hl=hr\"]},{\"@type\":\"Person\",\"@id\":\"https:\\\/\\\/zkkplamenpozega.hr\\\/#\\\/schema\\\/person\\\/b4e6e4385401c1649982f933dd9180e8\",\"name\":\"lana\",\"image\":{\"@type\":\"ImageObject\",\"inLanguage\":\"hr\",\"@id\":\"https:\\\/\\\/secure.gravatar.com\\\/avatar\\\/02e15c9047d568a19760b2ed39972f55eaf8588c6536bd32e5d3c6b75b286723?s=96&d=mm&r=g\",\"url\":\"https:\\\/\\\/secure.gravatar.com\\\/avatar\\\/02e15c9047d568a19760b2ed39972f55eaf8588c6536bd32e5d3c6b75b286723?s=96&d=mm&r=g\",\"contentUrl\":\"https:\\\/\\\/secure.gravatar.com\\\/avatar\\\/02e15c9047d568a19760b2ed39972f55eaf8588c6536bd32e5d3c6b75b286723?s=96&d=mm&r=g\",\"caption\":\"lana\"}}]}<\/script>\n<!-- \/ Yoast SEO plugin. -->","yoast_head_json":{"title":"Po\u017ee\u017eanke poja\u010dala prva Kongoanka u hrvatskoj ko\u0161arci - \u017dKK Plamen Po\u017eega","robots":{"index":"index","follow":"follow","max-snippet":"max-snippet:-1","max-image-preview":"max-image-preview:large","max-video-preview":"max-video-preview:-1"},"canonical":"https:\/\/zkkplamenpozega.hr\/?p=2486","og_locale":"hr_HR","og_type":"article","og_title":"Po\u017ee\u017eanke poja\u010dala prva Kongoanka u hrvatskoj ko\u0161arci - \u017dKK Plamen Po\u017eega","og_description":"&nbsp; Na\u017ealost sve vi\u0161e je strankinja u hrvatskoj \u017eenskoj ko\u0161arci, u po\u017ee\u0161ki Plamen ovih dana je stigla i \u010detvrta strankinja, osim dvije Amerikanke, jedne Crnogorke sada je tu i prva Kongoanka. Na\u017ealost, ne jer su lo\u0161e ili ih ne treba biti, nego jer je sve manje doma\u0107ih igra\u010dica. No, nova djevojka koja \u0107e u nastavku...","og_url":"https:\/\/zkkplamenpozega.hr\/?p=2486","og_site_name":"\u017dKK Plamen Po\u017eega","article_publisher":"https:\/\/www.facebook.com\/zkkplamenpozega\/","article_published_time":"2020-12-03T19:24:36+00:00","article_modified_time":"2021-03-03T17:07:45+00:00","og_image":[{"width":809,"height":1200,"url":"https:\/\/zkkplamenpozega.hr\/wp-content\/uploads\/2021\/02\/lamaam-1024x1270-1-e1613381007114.jpg","type":"image\/jpeg"}],"author":"lana","twitter_card":"summary_large_image","twitter_misc":{"Napisao\/la":"lana","Procijenjeno vrijeme \u010ditanja":"2 minute"},"schema":{"@context":"https:\/\/schema.org","@graph":[{"@type":"Article","@id":"https:\/\/zkkplamenpozega.hr\/?p=2486#article","isPartOf":{"@id":"https:\/\/zkkplamenpozega.hr\/?p=2486"},"author":{"name":"lana","@id":"https:\/\/zkkplamenpozega.hr\/#\/schema\/person\/b4e6e4385401c1649982f933dd9180e8"},"headline":"Po\u017ee\u017eanke poja\u010dala prva Kongoanka u hrvatskoj ko\u0161arci","datePublished":"2020-12-03T19:24:36+00:00","dateModified":"2021-03-03T17:07:45+00:00","mainEntityOfPage":{"@id":"https:\/\/zkkplamenpozega.hr\/?p=2486"},"wordCount":344,"commentCount":0,"publisher":{"@id":"https:\/\/zkkplamenpozega.hr\/#organization"},"image":{"@id":"https:\/\/zkkplamenpozega.hr\/?p=2486#primaryimage"},"thumbnailUrl":"https:\/\/zkkplamenpozega.hr\/wp-content\/uploads\/2021\/02\/lamaam-1024x1270-1-e1613381007114.jpg","articleSection":["Novosti"],"inLanguage":"hr","potentialAction":[{"@type":"CommentAction","name":"Comment","target":["https:\/\/zkkplamenpozega.hr\/?p=2486#respond"]}]},{"@type":"WebPage","@id":"https:\/\/zkkplamenpozega.hr\/?p=2486","url":"https:\/\/zkkplamenpozega.hr\/?p=2486","name":"Po\u017ee\u017eanke poja\u010dala prva Kongoanka u hrvatskoj ko\u0161arci - \u017dKK Plamen Po\u017eega","isPartOf":{"@id":"https:\/\/zkkplamenpozega.hr\/#website"},"primaryImageOfPage":{"@id":"https:\/\/zkkplamenpozega.hr\/?p=2486#primaryimage"},"image":{"@id":"https:\/\/zkkplamenpozega.hr\/?p=2486#primaryimage"},"thumbnailUrl":"https:\/\/zkkplamenpozega.hr\/wp-content\/uploads\/2021\/02\/lamaam-1024x1270-1-e1613381007114.jpg","datePublished":"2020-12-03T19:24:36+00:00","dateModified":"2021-03-03T17:07:45+00:00","breadcrumb":{"@id":"https:\/\/zkkplamenpozega.hr\/?p=2486#breadcrumb"},"inLanguage":"hr","potentialAction":[{"@type":"ReadAction","target":["https:\/\/zkkplamenpozega.hr\/?p=2486"]}]},{"@type":"ImageObject","inLanguage":"hr","@id":"https:\/\/zkkplamenpozega.hr\/?p=2486#primaryimage","url":"https:\/\/zkkplamenpozega.hr\/wp-content\/uploads\/2021\/02\/lamaam-1024x1270-1-e1613381007114.jpg","contentUrl":"https:\/\/zkkplamenpozega.hr\/wp-content\/uploads\/2021\/02\/lamaam-1024x1270-1-e1613381007114.jpg","width":809,"height":1200},{"@type":"BreadcrumbList","@id":"https:\/\/zkkplamenpozega.hr\/?p=2486#breadcrumb","itemListElement":[{"@type":"ListItem","position":1,"name":"Po\u010detna stranica","item":"https:\/\/zkkplamenpozega.hr\/"},{"@type":"ListItem","position":2,"name":"Po\u017ee\u017eanke poja\u010dala prva Kongoanka u hrvatskoj ko\u0161arci"}]},{"@type":"WebSite","@id":"https:\/\/zkkplamenpozega.hr\/#website","url":"https:\/\/zkkplamenpozega.hr\/","name":"\u017dKK Plamen Po\u017eega","description":"Plamene su najbolje","publisher":{"@id":"https:\/\/zkkplamenpozega.hr\/#organization"},"potentialAction":[{"@type":"SearchAction","target":{"@type":"EntryPoint","urlTemplate":"https:\/\/zkkplamenpozega.hr\/?s={search_term_string}"},"query-input":{"@type":"PropertyValueSpecification","valueRequired":true,"valueName":"search_term_string"}}],"inLanguage":"hr"},{"@type":"Organization","@id":"https:\/\/zkkplamenpozega.hr\/#organization","name":"\u017denski ko\u0161arka\u0161ki klub Plamen Po\u017eega","url":"https:\/\/zkkplamenpozega.hr\/","logo":{"@type":"ImageObject","inLanguage":"hr","@id":"https:\/\/zkkplamenpozega.hr\/#\/schema\/logo\/image\/","url":"https:\/\/zkkplamenpozega.hr\/wp-content\/uploads\/2020\/10\/logo-zkkpozega-e1602941511846.png","contentUrl":"https:\/\/zkkplamenpozega.hr\/wp-content\/uploads\/2020\/10\/logo-zkkpozega-e1602941511846.png","width":400,"height":236,"caption":"\u017denski ko\u0161arka\u0161ki klub Plamen Po\u017eega"},"image":{"@id":"https:\/\/zkkplamenpozega.hr\/#\/schema\/logo\/image\/"},"sameAs":["https:\/\/www.facebook.com\/zkkplamenpozega\/","https:\/\/www.instagram.com\/zkkplamenpozega\/?hl=hr"]},{"@type":"Person","@id":"https:\/\/zkkplamenpozega.hr\/#\/schema\/person\/b4e6e4385401c1649982f933dd9180e8","name":"lana","image":{"@type":"ImageObject","inLanguage":"hr","@id":"https:\/\/secure.gravatar.com\/avatar\/02e15c9047d568a19760b2ed39972f55eaf8588c6536bd32e5d3c6b75b286723?s=96&d=mm&r=g","url":"https:\/\/secure.gravatar.com\/avatar\/02e15c9047d568a19760b2ed39972f55eaf8588c6536bd32e5d3c6b75b286723?s=96&d=mm&r=g","contentUrl":"https:\/\/secure.gravatar.com\/avatar\/02e15c9047d568a19760b2ed39972f55eaf8588c6536bd32e5d3c6b75b286723?s=96&d=mm&r=g","caption":"lana"}}]}},"_links":{"self":[{"href":"https:\/\/zkkplamenpozega.hr\/index.php?rest_route=\/wp\/v2\/posts\/2486","targetHints":{"allow":["GET"]}}],"collection":[{"href":"https:\/\/zkkplamenpozega.hr\/index.php?rest_route=\/wp\/v2\/posts"}],"about":[{"href":"https:\/\/zkkplamenpozega.hr\/index.php?rest_route=\/wp\/v2\/types\/post"}],"author":[{"embeddable":true,"href":"https:\/\/zkkplamenpozega.hr\/index.php?rest_route=\/wp\/v2\/users\/2"}],"replies":[{"embeddable":true,"href":"https:\/\/zkkplamenpozega.hr\/index.php?rest_route=%2Fwp%2Fv2%2Fcomments&post=2486"}],"version-history":[{"count":0,"href":"https:\/\/zkkplamenpozega.hr\/index.php?rest_route=\/wp\/v2\/posts\/2486\/revisions"}],"wp:featuredmedia":[{"embeddable":true,"href":"https:\/\/zkkplamenpozega.hr\/index.php?rest_route=\/wp\/v2\/media\/2488"}],"wp:attachment":[{"href":"https:\/\/zkkplamenpozega.hr\/index.php?rest_route=%2Fwp%2Fv2%2Fmedia&parent=2486"}],"wp:term":[{"taxonomy":"category","embeddable":true,"href":"https:\/\/zkkplamenpozega.hr\/index.php?rest_route=%2Fwp%2Fv2%2Fcategories&post=2486"},{"taxonomy":"post_tag","embeddable":true,"href":"https:\/\/zkkplamenpozega.hr\/index.php?rest_route=%2Fwp%2Fv2%2Ftags&post=2486"}],"curies":[{"name":"wp","href":"https:\/\/api.w.org\/{rel}","templated":true}]}}