{"id":2452,"date":"2020-09-28T20:39:06","date_gmt":"2020-09-28T20:39:06","guid":{"rendered":"https:\/\/zkkplamenpozega.hr\/?p=2452"},"modified":"2021-02-15T13:06:14","modified_gmt":"2021-02-15T13:06:14","slug":"nova-predsjednica-zkk-plamen-pozega-je-zagrebacka-poduzetnica-ana-krpan","status":"publish","type":"post","link":"https:\/\/zkkplamenpozega.hr\/?p=2452","title":{"rendered":"Nova predsjednica \u017dKK Plamen Po\u017eega je zagreba\u010dka poduzetnica Ana Krpan"},"content":{"rendered":"<p style=\"text-align: justify;\">Izvanredna skup\u0161tina \u017denskog ko\u0161arka\u0161kog kluba Plamen Po\u017eega donijela je dosta promjena u \u010delni\u0161tvu kluba pa je tako izabran novi Upravni odbor, predsjednica je zagreba\u010dka poduzetnica po\u017ee\u0161kih korijena Ana Krpan, potpredsjednik Davor Bale\u0161i\u0107, te tajnik Vladimir Englman, koji je i nadalje trener ekipe.<\/p>\n<p style=\"text-align: justify;\">Glavni sponzor i nadalje ostaje tvrtka Plamen iz Po\u017eege, u klub je sponzorski u\u0161la Natura forte iz Zagreba, a o\u010dekuju i nadalje \u0161iru potporu kroz javne potrebe u sportu kako na razini grada, tako i na dr\u017eavnoj razini jer je rije\u010d o \u017eenskom sportu koji se natje\u010de u najvi\u0161em rangu u na\u0161oj zemlji.<\/p>\n<p style=\"text-align: justify;\">-\u017delimo inovacije u sljede\u0107em vremenu, probuditi zanimanje za ko\u0161arku kod \u017eena kako bi bolje spoznale taj sport, a djelujem humanitarno \u0161koluju\u0107i dvoje djece u Africi, te kroz tu suradnju namjeravamo anga\u017eirati igra\u010dice iz tog dijela svijeta \u2013 kazala nam je predsjednica Ana Krpan i dodala da imaju podr\u0161ku \u017eena poznatih li\u010dnosti koje su vrhunski sporta\u0161i.<\/p>\n<p style=\"text-align: justify;\">Jedan od ciljeva je uklju\u010divanje mladih u ovaj sport tako da se do njih do\u0111e u najranijoj mladosti \u010dime bi formirali vi\u0161e uzrasnih kategorija ko\u0161arka\u0161ica\u00a0\u00a0u ovom po\u017ee\u0161kom klubu, a kroz javne potrebe za sport na dr\u017eavnoj razini \u017eele op\u0107enito podi\u0107i razinu \u017eenske ko\u0161arke kod nas.<\/p>\n","protected":false},"excerpt":{"rendered":"<p>Izvanredna skup\u0161tina \u017denskog ko\u0161arka\u0161kog kluba Plamen Po\u017eega donijela je dosta promjena u \u010delni\u0161tvu kluba pa je tako izabran novi Upravni odbor, predsjednica je zagreba\u010dka poduzetnica po\u017ee\u0161kih korijena Ana Krpan, potpredsjednik Davor Bale\u0161i\u0107, te tajnik Vladimir Englman, koji je i nadalje trener ekipe. Glavni sponzor i nadalje ostaje tvrtka Plamen iz Po\u017eege, u klub je sponzorski&#8230;<\/p>\n","protected":false},"author":1,"featured_media":2446,"comment_status":"open","ping_status":"open","sticky":false,"template":"","format":"standard","meta":{"_acf_changed":false,"footnotes":""},"categories":[120],"tags":[],"class_list":["post-2452","post","type-post","status-publish","format-standard","has-post-thumbnail","hentry","category-novosti"],"acf":[],"yoast_head":"<!-- This site is optimized with the Yoast SEO plugin v27.4 - https:\/\/yoast.com\/product\/yoast-seo-wordpress\/ -->\n<title>Nova predsjednica \u017dKK Plamen Po\u017eega je zagreba\u010dka poduzetnica Ana Krpan - \u017dKK Plamen Po\u017eega<\/title>\n<meta name=\"robots\" content=\"index, follow, max-snippet:-1, max-image-preview:large, max-video-preview:-1\" \/>\n<link rel=\"canonical\" href=\"https:\/\/zkkplamenpozega.hr\/?p=2452\" \/>\n<meta property=\"og:locale\" content=\"hr_HR\" \/>\n<meta property=\"og:type\" content=\"article\" \/>\n<meta property=\"og:title\" content=\"Nova predsjednica \u017dKK Plamen Po\u017eega je zagreba\u010dka poduzetnica Ana Krpan - \u017dKK Plamen Po\u017eega\" \/>\n<meta property=\"og:description\" content=\"Izvanredna skup\u0161tina \u017denskog ko\u0161arka\u0161kog kluba Plamen Po\u017eega donijela je dosta promjena u \u010delni\u0161tvu kluba pa je tako izabran novi Upravni odbor, predsjednica je zagreba\u010dka poduzetnica po\u017ee\u0161kih korijena Ana Krpan, potpredsjednik Davor Bale\u0161i\u0107, te tajnik Vladimir Englman, koji je i nadalje trener ekipe. Glavni sponzor i nadalje ostaje tvrtka Plamen iz Po\u017eege, u klub je sponzorski...\" \/>\n<meta property=\"og:url\" content=\"https:\/\/zkkplamenpozega.hr\/?p=2452\" \/>\n<meta property=\"og:site_name\" content=\"\u017dKK Plamen Po\u017eega\" \/>\n<meta property=\"article:publisher\" content=\"https:\/\/www.facebook.com\/zkkplamenpozega\/\" \/>\n<meta property=\"article:published_time\" content=\"2020-09-28T20:39:06+00:00\" \/>\n<meta property=\"article:modified_time\" content=\"2021-02-15T13:06:14+00:00\" \/>\n<meta property=\"og:image\" content=\"https:\/\/zkkplamenpozega.hr\/wp-content\/uploads\/2020\/11\/FIL5148-scaled.jpg\" \/>\n\t<meta property=\"og:image:width\" content=\"1200\" \/>\n\t<meta property=\"og:image:height\" content=\"800\" \/>\n\t<meta property=\"og:image:type\" content=\"image\/jpeg\" \/>\n<meta name=\"author\" content=\"PozEGAaKKzKZ\" \/>\n<meta name=\"twitter:card\" content=\"summary_large_image\" \/>\n<meta name=\"twitter:label1\" content=\"Napisao\/la\" \/>\n\t<meta name=\"twitter:data1\" content=\"PozEGAaKKzKZ\" \/>\n\t<meta name=\"twitter:label2\" content=\"Procijenjeno vrijeme \u010ditanja\" \/>\n\t<meta name=\"twitter:data2\" content=\"1 minuta\" \/>\n<script type=\"application\/ld+json\" class=\"yoast-schema-graph\">{\"@context\":\"https:\\\/\\\/schema.org\",\"@graph\":[{\"@type\":\"Article\",\"@id\":\"https:\\\/\\\/zkkplamenpozega.hr\\\/?p=2452#article\",\"isPartOf\":{\"@id\":\"https:\\\/\\\/zkkplamenpozega.hr\\\/?p=2452\"},\"author\":{\"name\":\"PozEGAaKKzKZ\",\"@id\":\"https:\\\/\\\/zkkplamenpozega.hr\\\/#\\\/schema\\\/person\\\/999dc4799645b6c20c9b48358878f978\"},\"headline\":\"Nova predsjednica \u017dKK Plamen Po\u017eega je zagreba\u010dka poduzetnica Ana Krpan\",\"datePublished\":\"2020-09-28T20:39:06+00:00\",\"dateModified\":\"2021-02-15T13:06:14+00:00\",\"mainEntityOfPage\":{\"@id\":\"https:\\\/\\\/zkkplamenpozega.hr\\\/?p=2452\"},\"wordCount\":243,\"commentCount\":0,\"publisher\":{\"@id\":\"https:\\\/\\\/zkkplamenpozega.hr\\\/#organization\"},\"image\":{\"@id\":\"https:\\\/\\\/zkkplamenpozega.hr\\\/?p=2452#primaryimage\"},\"thumbnailUrl\":\"https:\\\/\\\/zkkplamenpozega.hr\\\/wp-content\\\/uploads\\\/2020\\\/11\\\/FIL5148-scaled.jpg\",\"articleSection\":[\"Novosti\"],\"inLanguage\":\"hr\",\"potentialAction\":[{\"@type\":\"CommentAction\",\"name\":\"Comment\",\"target\":[\"https:\\\/\\\/zkkplamenpozega.hr\\\/?p=2452#respond\"]}]},{\"@type\":\"WebPage\",\"@id\":\"https:\\\/\\\/zkkplamenpozega.hr\\\/?p=2452\",\"url\":\"https:\\\/\\\/zkkplamenpozega.hr\\\/?p=2452\",\"name\":\"Nova predsjednica \u017dKK Plamen Po\u017eega je zagreba\u010dka poduzetnica Ana Krpan - \u017dKK Plamen Po\u017eega\",\"isPartOf\":{\"@id\":\"https:\\\/\\\/zkkplamenpozega.hr\\\/#website\"},\"primaryImageOfPage\":{\"@id\":\"https:\\\/\\\/zkkplamenpozega.hr\\\/?p=2452#primaryimage\"},\"image\":{\"@id\":\"https:\\\/\\\/zkkplamenpozega.hr\\\/?p=2452#primaryimage\"},\"thumbnailUrl\":\"https:\\\/\\\/zkkplamenpozega.hr\\\/wp-content\\\/uploads\\\/2020\\\/11\\\/FIL5148-scaled.jpg\",\"datePublished\":\"2020-09-28T20:39:06+00:00\",\"dateModified\":\"2021-02-15T13:06:14+00:00\",\"breadcrumb\":{\"@id\":\"https:\\\/\\\/zkkplamenpozega.hr\\\/?p=2452#breadcrumb\"},\"inLanguage\":\"hr\",\"potentialAction\":[{\"@type\":\"ReadAction\",\"target\":[\"https:\\\/\\\/zkkplamenpozega.hr\\\/?p=2452\"]}]},{\"@type\":\"ImageObject\",\"inLanguage\":\"hr\",\"@id\":\"https:\\\/\\\/zkkplamenpozega.hr\\\/?p=2452#primaryimage\",\"url\":\"https:\\\/\\\/zkkplamenpozega.hr\\\/wp-content\\\/uploads\\\/2020\\\/11\\\/FIL5148-scaled.jpg\",\"contentUrl\":\"https:\\\/\\\/zkkplamenpozega.hr\\\/wp-content\\\/uploads\\\/2020\\\/11\\\/FIL5148-scaled.jpg\",\"width\":1200,\"height\":800},{\"@type\":\"BreadcrumbList\",\"@id\":\"https:\\\/\\\/zkkplamenpozega.hr\\\/?p=2452#breadcrumb\",\"itemListElement\":[{\"@type\":\"ListItem\",\"position\":1,\"name\":\"Po\u010detna stranica\",\"item\":\"https:\\\/\\\/zkkplamenpozega.hr\\\/\"},{\"@type\":\"ListItem\",\"position\":2,\"name\":\"Nova predsjednica \u017dKK Plamen Po\u017eega je zagreba\u010dka poduzetnica Ana Krpan\"}]},{\"@type\":\"WebSite\",\"@id\":\"https:\\\/\\\/zkkplamenpozega.hr\\\/#website\",\"url\":\"https:\\\/\\\/zkkplamenpozega.hr\\\/\",\"name\":\"\u017dKK Plamen Po\u017eega\",\"description\":\"Plamene su najbolje\",\"publisher\":{\"@id\":\"https:\\\/\\\/zkkplamenpozega.hr\\\/#organization\"},\"potentialAction\":[{\"@type\":\"SearchAction\",\"target\":{\"@type\":\"EntryPoint\",\"urlTemplate\":\"https:\\\/\\\/zkkplamenpozega.hr\\\/?s={search_term_string}\"},\"query-input\":{\"@type\":\"PropertyValueSpecification\",\"valueRequired\":true,\"valueName\":\"search_term_string\"}}],\"inLanguage\":\"hr\"},{\"@type\":\"Organization\",\"@id\":\"https:\\\/\\\/zkkplamenpozega.hr\\\/#organization\",\"name\":\"\u017denski ko\u0161arka\u0161ki klub Plamen Po\u017eega\",\"url\":\"https:\\\/\\\/zkkplamenpozega.hr\\\/\",\"logo\":{\"@type\":\"ImageObject\",\"inLanguage\":\"hr\",\"@id\":\"https:\\\/\\\/zkkplamenpozega.hr\\\/#\\\/schema\\\/logo\\\/image\\\/\",\"url\":\"https:\\\/\\\/zkkplamenpozega.hr\\\/wp-content\\\/uploads\\\/2020\\\/10\\\/logo-zkkpozega-e1602941511846.png\",\"contentUrl\":\"https:\\\/\\\/zkkplamenpozega.hr\\\/wp-content\\\/uploads\\\/2020\\\/10\\\/logo-zkkpozega-e1602941511846.png\",\"width\":400,\"height\":236,\"caption\":\"\u017denski ko\u0161arka\u0161ki klub Plamen Po\u017eega\"},\"image\":{\"@id\":\"https:\\\/\\\/zkkplamenpozega.hr\\\/#\\\/schema\\\/logo\\\/image\\\/\"},\"sameAs\":[\"https:\\\/\\\/www.facebook.com\\\/zkkplamenpozega\\\/\",\"https:\\\/\\\/www.instagram.com\\\/zkkplamenpozega\\\/?hl=hr\"]},{\"@type\":\"Person\",\"@id\":\"https:\\\/\\\/zkkplamenpozega.hr\\\/#\\\/schema\\\/person\\\/999dc4799645b6c20c9b48358878f978\",\"name\":\"PozEGAaKKzKZ\",\"image\":{\"@type\":\"ImageObject\",\"inLanguage\":\"hr\",\"@id\":\"https:\\\/\\\/secure.gravatar.com\\\/avatar\\\/4c80c2b40e3f6c79c2f22cda392ad859abc361d727f969775f475825d3b21ca5?s=96&d=mm&r=g\",\"url\":\"https:\\\/\\\/secure.gravatar.com\\\/avatar\\\/4c80c2b40e3f6c79c2f22cda392ad859abc361d727f969775f475825d3b21ca5?s=96&d=mm&r=g\",\"contentUrl\":\"https:\\\/\\\/secure.gravatar.com\\\/avatar\\\/4c80c2b40e3f6c79c2f22cda392ad859abc361d727f969775f475825d3b21ca5?s=96&d=mm&r=g\",\"caption\":\"PozEGAaKKzKZ\"},\"sameAs\":[\"https:\\\/\\\/zkkplamenpozega.hr\"]}]}<\/script>\n<!-- \/ Yoast SEO plugin. -->","yoast_head_json":{"title":"Nova predsjednica \u017dKK Plamen Po\u017eega je zagreba\u010dka poduzetnica Ana Krpan - \u017dKK Plamen Po\u017eega","robots":{"index":"index","follow":"follow","max-snippet":"max-snippet:-1","max-image-preview":"max-image-preview:large","max-video-preview":"max-video-preview:-1"},"canonical":"https:\/\/zkkplamenpozega.hr\/?p=2452","og_locale":"hr_HR","og_type":"article","og_title":"Nova predsjednica \u017dKK Plamen Po\u017eega je zagreba\u010dka poduzetnica Ana Krpan - \u017dKK Plamen Po\u017eega","og_description":"Izvanredna skup\u0161tina \u017denskog ko\u0161arka\u0161kog kluba Plamen Po\u017eega donijela je dosta promjena u \u010delni\u0161tvu kluba pa je tako izabran novi Upravni odbor, predsjednica je zagreba\u010dka poduzetnica po\u017ee\u0161kih korijena Ana Krpan, potpredsjednik Davor Bale\u0161i\u0107, te tajnik Vladimir Englman, koji je i nadalje trener ekipe. Glavni sponzor i nadalje ostaje tvrtka Plamen iz Po\u017eege, u klub je sponzorski...","og_url":"https:\/\/zkkplamenpozega.hr\/?p=2452","og_site_name":"\u017dKK Plamen Po\u017eega","article_publisher":"https:\/\/www.facebook.com\/zkkplamenpozega\/","article_published_time":"2020-09-28T20:39:06+00:00","article_modified_time":"2021-02-15T13:06:14+00:00","og_image":[{"width":1200,"height":800,"url":"https:\/\/zkkplamenpozega.hr\/wp-content\/uploads\/2020\/11\/FIL5148-scaled.jpg","type":"image\/jpeg"}],"author":"PozEGAaKKzKZ","twitter_card":"summary_large_image","twitter_misc":{"Napisao\/la":"PozEGAaKKzKZ","Procijenjeno vrijeme \u010ditanja":"1 minuta"},"schema":{"@context":"https:\/\/schema.org","@graph":[{"@type":"Article","@id":"https:\/\/zkkplamenpozega.hr\/?p=2452#article","isPartOf":{"@id":"https:\/\/zkkplamenpozega.hr\/?p=2452"},"author":{"name":"PozEGAaKKzKZ","@id":"https:\/\/zkkplamenpozega.hr\/#\/schema\/person\/999dc4799645b6c20c9b48358878f978"},"headline":"Nova predsjednica \u017dKK Plamen Po\u017eega je zagreba\u010dka poduzetnica Ana Krpan","datePublished":"2020-09-28T20:39:06+00:00","dateModified":"2021-02-15T13:06:14+00:00","mainEntityOfPage":{"@id":"https:\/\/zkkplamenpozega.hr\/?p=2452"},"wordCount":243,"commentCount":0,"publisher":{"@id":"https:\/\/zkkplamenpozega.hr\/#organization"},"image":{"@id":"https:\/\/zkkplamenpozega.hr\/?p=2452#primaryimage"},"thumbnailUrl":"https:\/\/zkkplamenpozega.hr\/wp-content\/uploads\/2020\/11\/FIL5148-scaled.jpg","articleSection":["Novosti"],"inLanguage":"hr","potentialAction":[{"@type":"CommentAction","name":"Comment","target":["https:\/\/zkkplamenpozega.hr\/?p=2452#respond"]}]},{"@type":"WebPage","@id":"https:\/\/zkkplamenpozega.hr\/?p=2452","url":"https:\/\/zkkplamenpozega.hr\/?p=2452","name":"Nova predsjednica \u017dKK Plamen Po\u017eega je zagreba\u010dka poduzetnica Ana Krpan - \u017dKK Plamen Po\u017eega","isPartOf":{"@id":"https:\/\/zkkplamenpozega.hr\/#website"},"primaryImageOfPage":{"@id":"https:\/\/zkkplamenpozega.hr\/?p=2452#primaryimage"},"image":{"@id":"https:\/\/zkkplamenpozega.hr\/?p=2452#primaryimage"},"thumbnailUrl":"https:\/\/zkkplamenpozega.hr\/wp-content\/uploads\/2020\/11\/FIL5148-scaled.jpg","datePublished":"2020-09-28T20:39:06+00:00","dateModified":"2021-02-15T13:06:14+00:00","breadcrumb":{"@id":"https:\/\/zkkplamenpozega.hr\/?p=2452#breadcrumb"},"inLanguage":"hr","potentialAction":[{"@type":"ReadAction","target":["https:\/\/zkkplamenpozega.hr\/?p=2452"]}]},{"@type":"ImageObject","inLanguage":"hr","@id":"https:\/\/zkkplamenpozega.hr\/?p=2452#primaryimage","url":"https:\/\/zkkplamenpozega.hr\/wp-content\/uploads\/2020\/11\/FIL5148-scaled.jpg","contentUrl":"https:\/\/zkkplamenpozega.hr\/wp-content\/uploads\/2020\/11\/FIL5148-scaled.jpg","width":1200,"height":800},{"@type":"BreadcrumbList","@id":"https:\/\/zkkplamenpozega.hr\/?p=2452#breadcrumb","itemListElement":[{"@type":"ListItem","position":1,"name":"Po\u010detna stranica","item":"https:\/\/zkkplamenpozega.hr\/"},{"@type":"ListItem","position":2,"name":"Nova predsjednica \u017dKK Plamen Po\u017eega je zagreba\u010dka poduzetnica Ana Krpan"}]},{"@type":"WebSite","@id":"https:\/\/zkkplamenpozega.hr\/#website","url":"https:\/\/zkkplamenpozega.hr\/","name":"\u017dKK Plamen Po\u017eega","description":"Plamene su najbolje","publisher":{"@id":"https:\/\/zkkplamenpozega.hr\/#organization"},"potentialAction":[{"@type":"SearchAction","target":{"@type":"EntryPoint","urlTemplate":"https:\/\/zkkplamenpozega.hr\/?s={search_term_string}"},"query-input":{"@type":"PropertyValueSpecification","valueRequired":true,"valueName":"search_term_string"}}],"inLanguage":"hr"},{"@type":"Organization","@id":"https:\/\/zkkplamenpozega.hr\/#organization","name":"\u017denski ko\u0161arka\u0161ki klub Plamen Po\u017eega","url":"https:\/\/zkkplamenpozega.hr\/","logo":{"@type":"ImageObject","inLanguage":"hr","@id":"https:\/\/zkkplamenpozega.hr\/#\/schema\/logo\/image\/","url":"https:\/\/zkkplamenpozega.hr\/wp-content\/uploads\/2020\/10\/logo-zkkpozega-e1602941511846.png","contentUrl":"https:\/\/zkkplamenpozega.hr\/wp-content\/uploads\/2020\/10\/logo-zkkpozega-e1602941511846.png","width":400,"height":236,"caption":"\u017denski ko\u0161arka\u0161ki klub Plamen Po\u017eega"},"image":{"@id":"https:\/\/zkkplamenpozega.hr\/#\/schema\/logo\/image\/"},"sameAs":["https:\/\/www.facebook.com\/zkkplamenpozega\/","https:\/\/www.instagram.com\/zkkplamenpozega\/?hl=hr"]},{"@type":"Person","@id":"https:\/\/zkkplamenpozega.hr\/#\/schema\/person\/999dc4799645b6c20c9b48358878f978","name":"PozEGAaKKzKZ","image":{"@type":"ImageObject","inLanguage":"hr","@id":"https:\/\/secure.gravatar.com\/avatar\/4c80c2b40e3f6c79c2f22cda392ad859abc361d727f969775f475825d3b21ca5?s=96&d=mm&r=g","url":"https:\/\/secure.gravatar.com\/avatar\/4c80c2b40e3f6c79c2f22cda392ad859abc361d727f969775f475825d3b21ca5?s=96&d=mm&r=g","contentUrl":"https:\/\/secure.gravatar.com\/avatar\/4c80c2b40e3f6c79c2f22cda392ad859abc361d727f969775f475825d3b21ca5?s=96&d=mm&r=g","caption":"PozEGAaKKzKZ"},"sameAs":["https:\/\/zkkplamenpozega.hr"]}]}},"_links":{"self":[{"href":"https:\/\/zkkplamenpozega.hr\/index.php?rest_route=\/wp\/v2\/posts\/2452","targetHints":{"allow":["GET"]}}],"collection":[{"href":"https:\/\/zkkplamenpozega.hr\/index.php?rest_route=\/wp\/v2\/posts"}],"about":[{"href":"https:\/\/zkkplamenpozega.hr\/index.php?rest_route=\/wp\/v2\/types\/post"}],"author":[{"embeddable":true,"href":"https:\/\/zkkplamenpozega.hr\/index.php?rest_route=\/wp\/v2\/users\/1"}],"replies":[{"embeddable":true,"href":"https:\/\/zkkplamenpozega.hr\/index.php?rest_route=%2Fwp%2Fv2%2Fcomments&post=2452"}],"version-history":[{"count":0,"href":"https:\/\/zkkplamenpozega.hr\/index.php?rest_route=\/wp\/v2\/posts\/2452\/revisions"}],"wp:featuredmedia":[{"embeddable":true,"href":"https:\/\/zkkplamenpozega.hr\/index.php?rest_route=\/wp\/v2\/media\/2446"}],"wp:attachment":[{"href":"https:\/\/zkkplamenpozega.hr\/index.php?rest_route=%2Fwp%2Fv2%2Fmedia&parent=2452"}],"wp:term":[{"taxonomy":"category","embeddable":true,"href":"https:\/\/zkkplamenpozega.hr\/index.php?rest_route=%2Fwp%2Fv2%2Fcategories&post=2452"},{"taxonomy":"post_tag","embeddable":true,"href":"https:\/\/zkkplamenpozega.hr\/index.php?rest_route=%2Fwp%2Fv2%2Ftags&post=2452"}],"curies":[{"name":"wp","href":"https:\/\/api.w.org\/{rel}","templated":true}]}}